{"id":14863,"date":"2026-04-28T14:02:13","date_gmt":"2026-04-28T17:02:13","guid":{"rendered":"https:\/\/noticiasdeangostura.com.ar\/?p=14863"},"modified":"2026-04-28T14:02:13","modified_gmt":"2026-04-28T17:02:13","slug":"tamara-paganini-tuvo-una-crisis-de-llanto-en-gran-hermano-tras-recordar-la-muerte-de-sus-mellizos","status":"publish","type":"post","link":"https:\/\/noticiasdeangostura.com.ar\/?p=14863","title":{"rendered":"Tamara Paganini tuvo una crisis de llanto en Gran Hermano, tras recordar la muerte de sus mellizos"},"content":{"rendered":"<p> <br \/>\n<br \/><\/p>\n<p>La casa vivi\u00f3 uno de sus momentos m\u00e1s fuertes cuando comparti\u00f3 el doloroso relato sobre la p\u00e9rdida de sus hijos.<\/p>\n<p>La valiente confesi\u00f3n de Tamara Paganini sobre la muerte de sus mellizos marc\u00f3 un antes y un despu\u00e9s en la convivencia dentro de la casa.<\/p>\n<div>\n<p>El <em>reality<\/em> de <a href=\"https:\/\/www.alertadigital.ar\/noticias\/2026\/04\/22\/162456-gran-hermano-luana-perdio-el-liderazgo-por-una-sancion-y-el-juego-cambio-radicalmente\">Gran Hermano<\/a>, que suele estar marcado por las estrategias y las tensiones propias de la competencia, se detuvo por completo este lunes. En el marco de una actividad propuesta por la producci\u00f3n, donde los participantes deb\u00edan repasar los momentos <strong>m\u00e1s felices y los m\u00e1s tr\u00e1gicos<\/strong> de su vida personal, <a href=\"https:\/\/www.alertadigital.ar\/noticias\/2026\/04\/06\/161448-dura-sancion-para-pincoya-tras-escupir-a-tamara-paganini-en-gran-hermano-generacion-dorada\"><strong>Tamara Paganini<\/strong><\/a> decidi\u00f3 abrir su coraz\u00f3n. Lo que comenz\u00f3 como un ejercicio de introspecci\u00f3n se transform\u00f3 r\u00e1pidamente en un testimonio desgarrador que dej\u00f3 al descubierto una de las heridas m\u00e1s profundas de su historia: <strong>la muerte de sus hijos mellizos<\/strong>, Vitorio y Donatella. La vulnerabilidad de Tamara no solo conmovi\u00f3 a sus compa\u00f1eros, sino que tambi\u00e9n interpel\u00f3 a toda la audiencia, que sigui\u00f3 con respeto un relato lleno de dolor y resiliencia.<\/p>\n<p>Tamara revel\u00f3 ante el grupo el complejo camino que transit\u00f3 para cumplir su deseo de ser madre, un anhelo que le tom\u00f3 22 a\u00f1os de espera y m\u00faltiples tratamientos de <strong>inseminaci\u00f3n artificial<\/strong>. Cuando finalmente lleg\u00f3 la noticia del embarazo, la felicidad fue total, pero pronto se transform\u00f3 en una noticia m\u00e9dica devastadora. Durante la gestaci\u00f3n, los profesionales le informaron que uno de los beb\u00e9s, Vitorio, no lograr\u00eda sobrevivir, mientras que su hermana, Donatella, presentaba posibilidades de avanzar. Esa dualidad de emociones, marc\u00f3 todo el proceso, sumergi\u00e9ndola en un estado de confusi\u00f3n emocional que intent\u00f3 describir con dificultad ante la mirada atenta de sus compa\u00f1eros.<\/p>\n<h2>El relato de una p\u00e9rdida irreparable<\/h2>\n<p>El momento del parto y los d\u00edas posteriores en neonatolog\u00eda fueron, seg\u00fan sus palabras, los m\u00e1s dif\u00edciles de su vida. Tamara relat\u00f3 c\u00f3mo, apenas tres minutos despu\u00e9s de nacer, Vitorio falleci\u00f3 en sus brazos. La esperanza se mantuvo viva por diez d\u00edas m\u00e1s gracias a Donatella, pero el desenlace fue igual de tr\u00e1gico. La decisi\u00f3n l\u00edmite de desconectar el respirador artificial que manten\u00eda a su hija con vida, el momento en que sinti\u00f3 c\u00f3mo su peque\u00f1a dejaba de respirar en sus brazos y la imposibilidad de soltarla incluso horas despu\u00e9s del fallecimiento, fueron los relatos m\u00e1s fuertes de su intervenci\u00f3n. Su relato no solo visibiliz\u00f3 el dolor que a\u00fan persiste, sino que revel\u00f3 la humanidad detr\u00e1s de la participante de <em>Gran Hermano<\/em>, record\u00e1ndonos que, debajo de los personajes, hay historias de vida que trascienden el formato del juego.<\/p>\n<p>Al finalizar su relato, Tamara se quebr\u00f3 en un llanto desconsolado, un dolor que intent\u00f3 contener durante a\u00f1os y que termin\u00f3 por desbordar la din\u00e1mica del programa. Sus compa\u00f1eros, completamente sensibilizados por la crudeza de lo que escucharon, no pudieron evitar las l\u00e1grimas y la abrazaron, intentando brindarle el consuelo que, en ese instante, parec\u00eda insuficiente. Ante la imposibilidad de continuar con la actividad, la producci\u00f3n del ciclo decidi\u00f3 intervenir para <strong>asistir a Tamara<\/strong>, quien fue trasladada al confesionario para recibir la contenci\u00f3n profesional necesaria. La casa, por su parte, permaneci\u00f3 en un estado de <em>shock<\/em> y silencio profundo, demostrando que en esta <em>Generaci\u00f3n Dorada<\/em>, las experiencias de vida tienen un peso que ninguna estrategia de juego puede igualar.<\/p>\n<blockquote class=\"twitter-tweet\" data-media-max-width=\"560\">\n<p lang=\"es\">Tamara Paganini cont\u00f3 el duro momento que vivi\u00f3 con el fallecimiento de sus hijos, luego de relatar la historia termin\u00f3 con una crisis nerviosa. <a href=\"https:\/\/twitter.com\/hashtag\/GranHermano?src=hash&#038;ref_src=twsrc%5Etfw\">#GranHermano<\/a> <a href=\"https:\/\/t.co\/SMyGl7lNuY\">pic.twitter.com\/SMyGl7lNuY<\/a><\/p>\n<p>\u2014 emi (@eeemiliano) <a href=\"https:\/\/twitter.com\/eeemiliano\/status\/2048859146707972575?ref_src=twsrc%5Etfw\">April 27, 2026<\/a><\/p><\/blockquote><\/div>\n<p><script async src=\"https:\/\/platform.twitter.com\/widgets.js\" charset=\"utf-8\"><\/script><\/p>\n","protected":false},"excerpt":{"rendered":"<p>La casa vivi\u00f3 uno de sus momentos m\u00e1s fuertes cuando comparti\u00f3 el doloroso relato sobre la p\u00e9rdida de sus hijos. La valiente confesi\u00f3n de Tamara Paganini sobre la muerte de sus mellizos marc\u00f3 un antes y un despu\u00e9s en la convivencia dentro de la casa. El reality de Gran Hermano, que suele estar marcado por [&hellip;]<\/p>\n","protected":false},"author":1,"featured_media":14864,"comment_status":"","ping_status":"","sticky":false,"template":"","format":"standard","meta":{"_monsterinsights_skip_tracking":false,"_monsterinsights_sitenote_active":false,"_monsterinsights_sitenote_note":"","_monsterinsights_sitenote_category":0,"footnotes":"","jetpack_publicize_message":"","jetpack_publicize_feature_enabled":true,"jetpack_social_post_already_shared":true,"jetpack_social_options":{"image_generator_settings":{"template":"highway","default_image_id":0,"font":"","enabled":false},"version":2}},"categories":[1],"tags":[],"class_list":["post-14863","post","type-post","status-publish","format-standard","has-post-thumbnail","hentry","category-ultimas-noticias"],"aioseo_notices":[],"jetpack_publicize_connections":[],"amp_enabled":true,"_links":{"self":[{"href":"https:\/\/noticiasdeangostura.com.ar\/index.php?rest_route=\/wp\/v2\/posts\/14863","targetHints":{"allow":["GET"]}}],"collection":[{"href":"https:\/\/noticiasdeangostura.com.ar\/index.php?rest_route=\/wp\/v2\/posts"}],"about":[{"href":"https:\/\/noticiasdeangostura.com.ar\/index.php?rest_route=\/wp\/v2\/types\/post"}],"author":[{"embeddable":true,"href":"https:\/\/noticiasdeangostura.com.ar\/index.php?rest_route=\/wp\/v2\/users\/1"}],"replies":[{"embeddable":true,"href":"https:\/\/noticiasdeangostura.com.ar\/index.php?rest_route=%2Fwp%2Fv2%2Fcomments&post=14863"}],"version-history":[{"count":0,"href":"https:\/\/noticiasdeangostura.com.ar\/index.php?rest_route=\/wp\/v2\/posts\/14863\/revisions"}],"wp:featuredmedia":[{"embeddable":true,"href":"https:\/\/noticiasdeangostura.com.ar\/index.php?rest_route=\/wp\/v2\/media\/14864"}],"wp:attachment":[{"href":"https:\/\/noticiasdeangostura.com.ar\/index.php?rest_route=%2Fwp%2Fv2%2Fmedia&parent=14863"}],"wp:term":[{"taxonomy":"category","embeddable":true,"href":"https:\/\/noticiasdeangostura.com.ar\/index.php?rest_route=%2Fwp%2Fv2%2Fcategories&post=14863"},{"taxonomy":"post_tag","embeddable":true,"href":"https:\/\/noticiasdeangostura.com.ar\/index.php?rest_route=%2Fwp%2Fv2%2Ftags&post=14863"}],"curies":[{"name":"wp","href":"https:\/\/api.w.org\/{rel}","templated":true}]}}