{"id":14871,"date":"2026-04-28T15:00:06","date_gmt":"2026-04-28T18:00:06","guid":{"rendered":"https:\/\/noticiasdeangostura.com.ar\/?p=14871"},"modified":"2026-04-28T15:00:06","modified_gmt":"2026-04-28T18:00:06","slug":"construiran-el-puente-sobre-el-arroyo-carranza-y-la-pasarela-peatonal-sobre-el-rio-cuyin-manzano","status":"publish","type":"post","link":"https:\/\/noticiasdeangostura.com.ar\/?p=14871","title":{"rendered":"Construir\u00e1n el puente sobre el arroyo Carranza y la pasarela peatonal sobre el r\u00edo Cuy\u00edn Manzano"},"content":{"rendered":"<p> <br \/>\n<br \/><\/p>\n<p>La adjudicaci\u00f3n de los trabajos garantiza obras que redundar\u00e1n en la calidad de vida de la comunidad. La Provincia invertir\u00e1 m\u00e1s de 11 mil millones de pesos.<\/p>\n<div>\n<p>Como parte de las acciones tendientes a dar respuesta a demandas sociales que llevan d\u00e9cadas de espera, esta ma\u00f1ana el gobernador <strong>Rolando Figueroa<\/strong> firm\u00f3 la adjudicaci\u00f3n para construir la pasarela peatonal sobre el r\u00edo Cuy\u00edn Manzano de Villa Traful y el puente que cruza el arroyo Carranza en Rinc\u00f3n de los Sauces.<\/p>\n<p>La pasarela es una obra esperada por la comunidad que dar\u00e1 respuesta a una demanda hist\u00f3rica de m\u00e1s de tres d\u00e9cadas. Con una inversi\u00f3n de 1.803.637.474 pesos y un plazo de ejecuci\u00f3n de nueve meses, el proyecto beneficiar\u00e1 de manera directa a las 24 familias del paraje Cuy\u00edn Manzano, garantizando un cruce seguro y conectividad permanente durante todo el a\u00f1o.<\/p>\n<p>La nueva estructura estar\u00e1 emplazada en un sector estrat\u00e9gico del r\u00edo, donde las condiciones naturales permiten su instalaci\u00f3n, y reemplazar\u00e1 al puente que fuera arrasado por una crecida extraordinaria. De esta manera, mejorar\u00e1 el acceso al sistema de salud, y se permitir\u00e1 asegurar la continuidad educativa de ni\u00f1as, ni\u00f1os y j\u00f3venes, y fortalecer el abastecimiento de insumos esenciales para las familias de la zona, especialmente durante el invierno, cuando las crecidas y nevadas dificultan los cruces.<\/p>\n<p>La pasarela contar\u00e1 con una moderna superestructura met\u00e1lica de 105 metros de luz, apoyada sobre fundaciones de hormig\u00f3n armado en ambas m\u00e1rgenes, con tablero de losetas pretensadas y barandas de seguridad. As\u00ed, el Gobierno provincial contin\u00faa ejecutando obras que integran el territorio, mejoran la calidad de vida de las comunidades rurales y consolidan un Neuqu\u00e9n m\u00e1s seguro, conectado y con igualdad de oportunidades para cada localidad.<\/p>\n<p>En tanto que la obra del puente y accesos sobre arroyo Carranza en la ruta provincial N\u00ba5 garantiza conectividad, seguridad y desarrollo productivo. Su ejecuci\u00f3n demand\u00f3 un presupuesto de 9.197.685.978 pesos y un tiempo de 690 d\u00edas corridos.<\/p>\n<p>El primer convenio fue firmado por el gobernador, la ministra de Turismo, Ambiente y Recursos Naturales, <strong>Leticia Esteves<\/strong>, el subsecretario de Recursos H\u00eddricos, <strong>Horacio Carvalho<\/strong>, el secretario de Ambiente y Recursos Naturales <em><strong>Hip\u00f3lito Salvatori,<\/strong><\/em> la presidenta de la comisi\u00f3n de fomento de Villa Traful, <strong>Roxana Chavez<\/strong> y el representante de la empresa constructora Fines SRL, <strong>Joaqu\u00edn Groppa.<\/strong><\/p>\n<p>En tanto que el segundo documento llev\u00f3 la firma, adem\u00e1s, de la intendenta de Rinc\u00f3n de los Sauces, <strong>Norma Sep\u00falveda <\/strong>y el referente de la firma constructora Servi Pet SA-Coarco SA,<strong> Andr\u00e9s Oscar Furlotti Wagner.<\/strong><\/p>\n<p>Carvalho destac\u00f3 que la pasarela de Cuy\u00edn Manzano \u201c<em>es muy esperada por las familias porque la que hab\u00eda se la llev\u00f3 el r\u00edo, ahora habr\u00e1 una estructura met\u00e1lica, que va a solucionar un problema de conectividad y que puedan trasladarse el d\u00eda que llueve, el d\u00eda que crece el r\u00edo, el d\u00eda que hace calor, poder salir y cruzar el r\u00edo en forma tranquila\u201d.<\/em><\/p>\n<p>Sobre el puente Carranza, explic\u00f3 que <em>\u201ces una obra muy importante y compleja en lo que hace a ingenier\u00eda\u201d<\/em> y<em> <\/em>afirm\u00f3<em>: \u201cEs una satisfacci\u00f3n enorme poder concretarla, ya firmamos contrato y vamos a poder arrancar r\u00e1pidamente\u201d,<\/em> manifest\u00f3.<\/p>\n<p>La presidenta de la comisi\u00f3n de fomento de Villa Traful, por su parte, expres\u00f3 que <em>\u201ces un d\u00eda muy feliz porque aqu\u00ed se da comienzo a una obra tan esperada para Cuy\u00edn Manzano, esas familias que hace tanto tiempo que vienen pidiendo y la verdad que esto es una luz para nosotros, as\u00ed que muy agradecida por la gesti\u00f3n\u201d.<\/em><\/p>\n<p>En tanto, la intendenta de Rinc\u00f3n de los Sauces indic\u00f3 que<em> \u201cel gobierno escuch\u00f3 y trae soluciones para garantizar el acceso porque cuando hab\u00eda situaciones de emergencia en se cortaba el arroyo Carranza y era lamentable ver la desesperaci\u00f3n de muchas familias para poder trasladarse. As\u00ed que sumamente agradecida con el gobernador y con todo el equipo que materializan estos pedidos hist\u00f3ricos de nuestras comunidades\u201d. <\/em><\/p>\n<p>Finalmente, Salvatori subray\u00f3 la importancia de los convenios porque <em>\u201crepresentan obras que atienden a las necesidades de la sociedad. Estamos reorganizando los recursos para redistribuirlos en obras que se necesitan desde hace muchos a\u00f1os\u201d<\/em>, y agreg\u00f3 que <em>\u201cla gesti\u00f3n de los equipos t\u00e9cnicos que desarrollan estos proyectos ejecutivos para poder llevar adelante estas licitaciones y hacer obras de calidad que perduren en el tiempo\u201d.<\/em><\/p>\n<p><em><iframe src=\"https:\/\/www.ivoox.com\/player_ej_172729047_6_1.html?c1=81b464\" width=\"100%\" height=\"200\" frameborder=\"0\" scrolling=\"no\" allowfullscreen=\"allowfullscreen\" loading=\"lazy\"><\/iframe><\/em><\/p>\n<p><em><iframe src=\"https:\/\/www.ivoox.com\/player_ej_172729201_6_1.html?c1=81b464\" width=\"100%\" height=\"200\" frameborder=\"0\" scrolling=\"no\" allowfullscreen=\"allowfullscreen\" loading=\"lazy\"><\/iframe><\/em><\/p>\n<p><em><iframe src=\"https:\/\/www.ivoox.com\/player_ej_172729278_6_1.html?c1=81b464\" width=\"100%\" height=\"200\" frameborder=\"0\" scrolling=\"no\" allowfullscreen=\"allowfullscreen\" loading=\"lazy\"><\/iframe><\/em><\/p>\n<p>\u00a0<\/p>\n<\/p><\/div>\n<p><script type=\"cee74814fe443f3aef5acf2c-text\/javascript\">\n    window.addEventListener('load', () => {\n        if (typeof FB !== 'undefined' && FB.init) {\n            \/\/ La SDK de Facebook est\u00e1 inicializada\n        } else {\n            \/\/ La SDK de Facebook no est\u00e1 inicializada\n            var script = document.createElement('script');\n            script.async = true;\n            script.defer = true;\n            script.crossOrigin = 'anonymous';\n            script.src=\"https:\/\/connect.facebook.net\/es_LA\/sdk.js#xfbml=1&version=v17.0&appId=868452105110858&autoLogAppEvents=1\";\n            script.nonce=\"eBgX2sTe\";\n            document.head.appendChild(script);\n        }\n        \/* FIX YOUTUBE (fix width) *\/\n        var youtubeIframes = document.querySelectorAll('iframe[src*=\"youtube.com\/embed\"]');\n        youtubeIframes.forEach(function(iframe) {\n            var containerWidth = iframe.parentElement.clientWidth || iframe.parentElement.offsetWidth;\n            if(containerWidth && iframe.width > containerWidth){\n                iframe.width = containerWidth;\n                iframe.height = (containerWidth \/ 16) * 9; \/\/ Assuming a 16:9 aspect ratio\n            }\n        });\n    });\n<\/script><\/p>\n","protected":false},"excerpt":{"rendered":"<p>La adjudicaci\u00f3n de los trabajos garantiza obras que redundar\u00e1n en la calidad de vida de la comunidad. La Provincia invertir\u00e1 m\u00e1s de 11 mil millones de pesos. Como parte de las acciones tendientes a dar respuesta a demandas sociales que llevan d\u00e9cadas de espera, esta ma\u00f1ana el gobernador Rolando Figueroa firm\u00f3 la adjudicaci\u00f3n para construir [&hellip;]<\/p>\n","protected":false},"author":1,"featured_media":14872,"comment_status":"","ping_status":"","sticky":false,"template":"","format":"standard","meta":{"_monsterinsights_skip_tracking":false,"_monsterinsights_sitenote_active":false,"_monsterinsights_sitenote_note":"","_monsterinsights_sitenote_category":0,"footnotes":"","jetpack_publicize_message":"","jetpack_publicize_feature_enabled":true,"jetpack_social_post_already_shared":true,"jetpack_social_options":{"image_generator_settings":{"template":"highway","default_image_id":0,"font":"","enabled":false},"version":2}},"categories":[4],"tags":[2566,2567,2565,2570,2234,2568,2569,1051,93,91],"class_list":["post-14871","post","type-post","status-publish","format-standard","has-post-thumbnail","hentry","category-regionales","tag-arroyo","tag-carranza","tag-construiran","tag-cuyin","tag-manzano","tag-pasarela","tag-peatonal","tag-puente","tag-rio","tag-sobre"],"aioseo_notices":[],"jetpack_publicize_connections":[],"amp_enabled":true,"_links":{"self":[{"href":"https:\/\/noticiasdeangostura.com.ar\/index.php?rest_route=\/wp\/v2\/posts\/14871","targetHints":{"allow":["GET"]}}],"collection":[{"href":"https:\/\/noticiasdeangostura.com.ar\/index.php?rest_route=\/wp\/v2\/posts"}],"about":[{"href":"https:\/\/noticiasdeangostura.com.ar\/index.php?rest_route=\/wp\/v2\/types\/post"}],"author":[{"embeddable":true,"href":"https:\/\/noticiasdeangostura.com.ar\/index.php?rest_route=\/wp\/v2\/users\/1"}],"replies":[{"embeddable":true,"href":"https:\/\/noticiasdeangostura.com.ar\/index.php?rest_route=%2Fwp%2Fv2%2Fcomments&post=14871"}],"version-history":[{"count":0,"href":"https:\/\/noticiasdeangostura.com.ar\/index.php?rest_route=\/wp\/v2\/posts\/14871\/revisions"}],"wp:featuredmedia":[{"embeddable":true,"href":"https:\/\/noticiasdeangostura.com.ar\/index.php?rest_route=\/wp\/v2\/media\/14872"}],"wp:attachment":[{"href":"https:\/\/noticiasdeangostura.com.ar\/index.php?rest_route=%2Fwp%2Fv2%2Fmedia&parent=14871"}],"wp:term":[{"taxonomy":"category","embeddable":true,"href":"https:\/\/noticiasdeangostura.com.ar\/index.php?rest_route=%2Fwp%2Fv2%2Fcategories&post=14871"},{"taxonomy":"post_tag","embeddable":true,"href":"https:\/\/noticiasdeangostura.com.ar\/index.php?rest_route=%2Fwp%2Fv2%2Ftags&post=14871"}],"curies":[{"name":"wp","href":"https:\/\/api.w.org\/{rel}","templated":true}]}}