{"id":14879,"date":"2026-04-28T16:06:08","date_gmt":"2026-04-28T19:06:08","guid":{"rendered":"https:\/\/noticiasdeangostura.com.ar\/?p=14879"},"modified":"2026-04-28T16:06:08","modified_gmt":"2026-04-28T19:06:08","slug":"neuquen-celebra-los-25-anos-de-la-escuela-experimental-de-danza-contemporanea-con-una-jornada-abierta-neuquen-al-instante","status":"publish","type":"post","link":"https:\/\/noticiasdeangostura.com.ar\/?p=14879","title":{"rendered":"Neuqu\u00e9n celebra los 25 a\u00f1os de la Escuela Experimental de Danza Contempor\u00e1nea con una jornada abierta | Neuqu\u00e9n Al Instante"},"content":{"rendered":"<p> <br \/>\n<br \/><\/p>\n<p>                        martes 28 de abril de 2026  <\/p>\n<p>            La Municipalidad de Neuqu\u00e9n invita a la comunidad a participar de las actividades por el 25\u00b0 aniversario de la Escuela Experimental de Danza Contempor\u00e1nea (EEDC), una instituci\u00f3n fundamental en el desarrollo de la danza y la formaci\u00f3n art\u00edstica en la ciudad.La celebraci\u00f3n se realizar\u00e1 este mi\u00e9rcoles 29 con una programaci\u00f3n especial, abierta a todo p\u00fablico. Desde las 13, tendr\u00e1 lugar el acto conmemorativo y un brindis en la sede de la EEDC, ubicada en Planas 165, donde docentes, estudiantes, artistas y vecinos podr\u00e1n compartir este importante hito institucional.A las 14 se desarrollar\u00e1 la charla abierta \u201cLa creaci\u00f3n y fundaci\u00f3n de la Escuela Experimental de Danza Contempor\u00e1nea de la Municipalidad de Neuqu\u00e9n\u201d, un espacio de intercambio y reflexi\u00f3n sobre los or\u00edgenes de la instituci\u00f3n, su trayectoria y su impacto en la escena cultural local. Participar\u00e1n Mariana Sirote, Patricia Alzuarena, Pamela Baz\u00e1n y Thelma Morotti, quienes compartir\u00e1n experiencias y memorias construidas a lo largo de estos 25 a\u00f1os.El cierre de la jornada ser\u00e1 a las 19 en la Sala de Arte Emilio Saraco, ubicada en Avenida Olascoaga y v\u00edas, con la presentaci\u00f3n de un fragmento de la obra \u201cFulguria\u201d, perteneciente al proyecto Creaci\u00f3n Esc\u00e9nica de la EEDC. La pieza, estrenada en 2025, cuenta con coreograf\u00eda de Laura Gonz\u00e1lez y refleja el trabajo creativo impulsado por la instituci\u00f3n.Con un cuarto de siglo de trayectoria, la EEDC contin\u00faa consolid\u00e1ndose como un espacio clave para la formaci\u00f3n, la creaci\u00f3n y la difusi\u00f3n de la danza contempor\u00e1nea, fortaleciendo el desarrollo cultural de la ciudad de Neuqu\u00e9n.<\/p>\n","protected":false},"excerpt":{"rendered":"<p>martes 28 de abril de 2026 La Municipalidad de Neuqu\u00e9n invita a la comunidad a participar de las actividades por el 25\u00b0 aniversario de la Escuela Experimental de Danza Contempor\u00e1nea (EEDC), una instituci\u00f3n fundamental en el desarrollo de la danza y la formaci\u00f3n art\u00edstica en la ciudad.La celebraci\u00f3n se realizar\u00e1 este mi\u00e9rcoles 29 con una [&hellip;]<\/p>\n","protected":false},"author":1,"featured_media":14880,"comment_status":"","ping_status":"","sticky":false,"template":"","format":"standard","meta":{"_monsterinsights_skip_tracking":false,"_monsterinsights_sitenote_active":false,"_monsterinsights_sitenote_note":"","_monsterinsights_sitenote_category":0,"footnotes":"","jetpack_publicize_message":"","jetpack_publicize_feature_enabled":true,"jetpack_social_post_already_shared":true,"jetpack_social_options":{"image_generator_settings":{"template":"highway","default_image_id":0,"font":"","enabled":false},"version":2}},"categories":[9],"tags":[],"class_list":["post-14879","post","type-post","status-publish","format-standard","has-post-thumbnail","hentry","category-espectaculos-y-moda"],"aioseo_notices":[],"jetpack_publicize_connections":[],"amp_enabled":true,"_links":{"self":[{"href":"https:\/\/noticiasdeangostura.com.ar\/index.php?rest_route=\/wp\/v2\/posts\/14879","targetHints":{"allow":["GET"]}}],"collection":[{"href":"https:\/\/noticiasdeangostura.com.ar\/index.php?rest_route=\/wp\/v2\/posts"}],"about":[{"href":"https:\/\/noticiasdeangostura.com.ar\/index.php?rest_route=\/wp\/v2\/types\/post"}],"author":[{"embeddable":true,"href":"https:\/\/noticiasdeangostura.com.ar\/index.php?rest_route=\/wp\/v2\/users\/1"}],"replies":[{"embeddable":true,"href":"https:\/\/noticiasdeangostura.com.ar\/index.php?rest_route=%2Fwp%2Fv2%2Fcomments&post=14879"}],"version-history":[{"count":0,"href":"https:\/\/noticiasdeangostura.com.ar\/index.php?rest_route=\/wp\/v2\/posts\/14879\/revisions"}],"wp:featuredmedia":[{"embeddable":true,"href":"https:\/\/noticiasdeangostura.com.ar\/index.php?rest_route=\/wp\/v2\/media\/14880"}],"wp:attachment":[{"href":"https:\/\/noticiasdeangostura.com.ar\/index.php?rest_route=%2Fwp%2Fv2%2Fmedia&parent=14879"}],"wp:term":[{"taxonomy":"category","embeddable":true,"href":"https:\/\/noticiasdeangostura.com.ar\/index.php?rest_route=%2Fwp%2Fv2%2Fcategories&post=14879"},{"taxonomy":"post_tag","embeddable":true,"href":"https:\/\/noticiasdeangostura.com.ar\/index.php?rest_route=%2Fwp%2Fv2%2Ftags&post=14879"}],"curies":[{"name":"wp","href":"https:\/\/api.w.org\/{rel}","templated":true}]}}