{"id":14883,"date":"2026-04-28T16:09:04","date_gmt":"2026-04-28T19:09:04","guid":{"rendered":"https:\/\/noticiasdeangostura.com.ar\/?p=14883"},"modified":"2026-04-28T16:09:04","modified_gmt":"2026-04-28T19:09:04","slug":"rio-negro-impulsa-una-reforma-laboral-con-apoyo-de-la-cgt-y-foco-en-el-empleo-formal","status":"publish","type":"post","link":"https:\/\/noticiasdeangostura.com.ar\/?p=14883","title":{"rendered":"R\u00edo Negro impulsa una reforma laboral con apoyo de la CGT y foco en el empleo formal"},"content":{"rendered":"<p> <br \/>\n<br \/><\/p>\n<p>R\u00edo Negro avanza en la modernizaci\u00f3n de su ley laboral con el objetivo de fortalecer la fiscalizaci\u00f3n, impulsar el empleo formal y adaptar la normativa a la realidad productiva actual, con respaldo de la CGT.<\/p>\n<div>\n<p><strong>R\u00edo Negro impulsa una reforma laboral con apoyo de la CGT y foco en el empleo formal<\/strong><\/p>\n<p>La provincia de <span class=\"hover:entity-accent entity-underline inline cursor-pointer align-baseline\"><span class=\"whitespace-normal\">R\u00edo Negro<\/span><\/span> avanza en la modernizaci\u00f3n de su legislaci\u00f3n laboral con un proyecto que busca actualizar la Ley 5255 y adaptarla al actual escenario productivo. La iniciativa fue defendida en comisiones legislativas por la secretaria de Trabajo, <span class=\"hover:entity-accent entity-underline inline cursor-pointer align-baseline\"><span class=\"whitespace-normal\">Mar\u00eda Martha Avilez<\/span><\/span>, quien remarc\u00f3 la necesidad de contar con herramientas acordes a la din\u00e1mica laboral actual.<\/p>\n<p>Seg\u00fan explic\u00f3 la funcionaria, la reforma apunta a fortalecer la capacidad del Estado para fiscalizar, promover el empleo registrado y generar reglas m\u00e1s claras tanto para trabajadores como para empleadores. En ese sentido, subray\u00f3 que el objetivo es acompa\u00f1ar el crecimiento econ\u00f3mico de la provincia con mejores condiciones laborales.<\/p>\n<p>El proyecto contempla el refuerzo del cuerpo de inspectores, la optimizaci\u00f3n de procesos administrativos y una mayor capacidad de intervenci\u00f3n del organismo laboral. Adem\u00e1s, impulsa una articulaci\u00f3n m\u00e1s estrecha entre el sector p\u00fablico, el privado y los sindicatos.<\/p>\n<p class=\"noEditable noticia-relacionada\" data-id=\"332715\"><ampiframe src=\"https:\/\/www.noticiasnqn.com.ar\/api\/noticias\/332715\/relacionadas?amp=1\" layout=\"fixed-height\" sandbox=\"allow-top-navigation allow-top-navigation-by-user-activation allow-scripts \" height=\"100px\"> <b placeholder=\"\">Lee tambi\u00e9n: Presentaron un nuevo pedido de juicio pol\u00edtico contra el intendente Luis Bertolini<\/b> <\/ampiframe><\/p>\n<p>La iniciativa cuenta con el respaldo de la <span class=\"hover:entity-accent entity-underline inline cursor-pointer align-baseline\"><span class=\"whitespace-normal\">Confederaci\u00f3n General del Trabajo<\/span><\/span>, que destac\u00f3 la importancia de actualizar el marco normativo para garantizar derechos y ordenar las relaciones laborales en un contexto de expansi\u00f3n de actividades estrat\u00e9gicas como la energ\u00eda, la miner\u00eda y las econom\u00edas regionales.<\/p>\n<p>Desde el gobierno provincial sostienen que la reforma busca consolidar el crecimiento del empleo formal y asegurar que el desarrollo productivo se traduzca en trabajo genuino para la poblaci\u00f3n local.<\/p>\n<\/p><\/div>\n","protected":false},"excerpt":{"rendered":"<p>R\u00edo Negro avanza en la modernizaci\u00f3n de su ley laboral con el objetivo de fortalecer la fiscalizaci\u00f3n, impulsar el empleo formal y adaptar la normativa a la realidad productiva actual, con respaldo de la CGT. R\u00edo Negro impulsa una reforma laboral con apoyo de la CGT y foco en el empleo formal La provincia de [&hellip;]<\/p>\n","protected":false},"author":1,"featured_media":14884,"comment_status":"","ping_status":"","sticky":false,"template":"","format":"standard","meta":{"_monsterinsights_skip_tracking":false,"_monsterinsights_sitenote_active":false,"_monsterinsights_sitenote_note":"","_monsterinsights_sitenote_category":0,"footnotes":"","jetpack_publicize_message":"","jetpack_publicize_feature_enabled":true,"jetpack_social_post_already_shared":true,"jetpack_social_options":{"image_generator_settings":{"template":"highway","default_image_id":0,"font":"","enabled":false},"version":2}},"categories":[1],"tags":[],"class_list":["post-14883","post","type-post","status-publish","format-standard","has-post-thumbnail","hentry","category-ultimas-noticias"],"aioseo_notices":[],"jetpack_publicize_connections":[],"amp_enabled":true,"_links":{"self":[{"href":"https:\/\/noticiasdeangostura.com.ar\/index.php?rest_route=\/wp\/v2\/posts\/14883","targetHints":{"allow":["GET"]}}],"collection":[{"href":"https:\/\/noticiasdeangostura.com.ar\/index.php?rest_route=\/wp\/v2\/posts"}],"about":[{"href":"https:\/\/noticiasdeangostura.com.ar\/index.php?rest_route=\/wp\/v2\/types\/post"}],"author":[{"embeddable":true,"href":"https:\/\/noticiasdeangostura.com.ar\/index.php?rest_route=\/wp\/v2\/users\/1"}],"replies":[{"embeddable":true,"href":"https:\/\/noticiasdeangostura.com.ar\/index.php?rest_route=%2Fwp%2Fv2%2Fcomments&post=14883"}],"version-history":[{"count":0,"href":"https:\/\/noticiasdeangostura.com.ar\/index.php?rest_route=\/wp\/v2\/posts\/14883\/revisions"}],"wp:featuredmedia":[{"embeddable":true,"href":"https:\/\/noticiasdeangostura.com.ar\/index.php?rest_route=\/wp\/v2\/media\/14884"}],"wp:attachment":[{"href":"https:\/\/noticiasdeangostura.com.ar\/index.php?rest_route=%2Fwp%2Fv2%2Fmedia&parent=14883"}],"wp:term":[{"taxonomy":"category","embeddable":true,"href":"https:\/\/noticiasdeangostura.com.ar\/index.php?rest_route=%2Fwp%2Fv2%2Fcategories&post=14883"},{"taxonomy":"post_tag","embeddable":true,"href":"https:\/\/noticiasdeangostura.com.ar\/index.php?rest_route=%2Fwp%2Fv2%2Ftags&post=14883"}],"curies":[{"name":"wp","href":"https:\/\/api.w.org\/{rel}","templated":true}]}}