{"id":14886,"date":"2026-04-28T17:02:00","date_gmt":"2026-04-28T20:02:00","guid":{"rendered":"https:\/\/noticiasdeangostura.com.ar\/?p=14886"},"modified":"2026-04-28T17:02:00","modified_gmt":"2026-04-28T20:02:00","slug":"impulsan-150-nuevas-viviendas-para-cutral-co","status":"publish","type":"post","link":"https:\/\/noticiasdeangostura.com.ar\/?p=14886","title":{"rendered":"Impulsan 150 nuevas viviendas para Cutral Co"},"content":{"rendered":"<p> <br \/>\n<br \/><\/p>\n<p>Rolando Figueroa y Ram\u00f3n Rioseco firmaron un convenio de co financiamiento entre la Provincia y municipio para avanzar en soluciones habitacionales.&#13;\n<\/p>\n<div>\n<p style=\"font-weight: 400;\">El gobernador Rolando Figueroa y el intendente Ram\u00f3n Rioseco, firmaron este martes de un convenio de cofinanciamiento para la construcci\u00f3n de 150 viviendas en Cutral Co. Ser\u00e1 mediante la articulaci\u00f3n de la Agencia de Desarrollo Urbano Sustentable (ADUS) y el municipio local.<\/p>\n<p style=\"font-weight: 400;\">A trav\u00e9s del organismo, la Provincia aportar\u00e1 el 60 por ciento del financiamiento, mientras que el municipio asumir\u00e1 el 40 por ciento restante.<\/p>\n<p style=\"font-weight: 400;\">La municipalidad ser\u00e1 la encargada de organizar y ejecutar la obra, incluyendo la contrataci\u00f3n de la empresa constructora, mientras que la ADUS actuar\u00e1 como co-financiador y realizar\u00e1 auditor\u00edas financieras y de avance.\u00a0<\/p>\n<p style=\"font-weight: 400;\">Las unidades ser\u00e1n de dos dormitorios, con una superficie de 59 metros cuadrados, y estar\u00e1n destinadas a vivienda \u00fanica, familiar y de ocupaci\u00f3n permanente, mediante cr\u00e9ditos hipotecarios individuales.<\/p>\n<p style=\"font-weight: 400;\">Los beneficiarios deber\u00e1n estar inscriptos en el Registro \u00danico Provincial de Vivienda y H\u00e1bitat, contemplando un cupo del 5 por ciento para personas con discapacidad.<\/p>\n<p style=\"font-weight: 400;\">El convenio prev\u00e9 mecanismos de recupero de la inversi\u00f3n a trav\u00e9s del Banco Provincia del Neuqu\u00e9n (BPN).<\/p>\n<p style=\"font-weight: 400;\">La municipalidad postular\u00e1 ante la ADUS a los futuros beneficiarios de los cr\u00e9ditos hipotecarios individuales en el plazo perentorio de 30 d\u00edas de iniciada la obra f\u00edsica a los fines de evaluar su aptitud crediticia, como as\u00ed tambi\u00e9n el legajo de cada postulante conforme los requisitos establecidos.<\/p>\n<p style=\"font-weight: 400;\">Con esta iniciativa, se busca seguir fortaleciendo la pol\u00edtica habitacional neuquina, promoviendo el acceso a la vivienda y el desarrollo urbano en articulaci\u00f3n con los gobiernos locales.<\/p>\n<\/p><\/div>\n<p><script type=\"6f08ea9f734d753667627b3c-text\/javascript\">\n    window.addEventListener('load', () => {\n        if (typeof FB !== 'undefined' && FB.init) {\n            \/\/ La SDK de Facebook est\u00e1 inicializada\n        } else {\n            \/\/ La SDK de Facebook no est\u00e1 inicializada\n            var script = document.createElement('script');\n            script.async = true;\n            script.defer = true;\n            script.crossOrigin = 'anonymous';\n            script.src=\"https:\/\/connect.facebook.net\/es_LA\/sdk.js#xfbml=1&version=v17.0&appId=868452105110858&autoLogAppEvents=1\";\n            script.nonce=\"eBgX2sTe\";\n            document.head.appendChild(script);\n        }\n        \/* FIX YOUTUBE (fix width) *\/\n        var youtubeIframes = document.querySelectorAll('iframe[src*=\"youtube.com\/embed\"]');\n        youtubeIframes.forEach(function(iframe) {\n            var containerWidth = iframe.parentElement.clientWidth || iframe.parentElement.offsetWidth;\n            if(containerWidth && iframe.width > containerWidth){\n                iframe.width = containerWidth;\n                iframe.height = (containerWidth \/ 16) * 9; \/\/ Assuming a 16:9 aspect ratio\n            }\n        });\n    });\n<\/script><script type=\"6f08ea9f734d753667627b3c-text\/javascript\">\n        window.addEventListener('load', () => {\n            if (typeof FB !== 'undefined' && FB.init) {\n                \/\/ La SDK de Facebook est\u00e1 inicializada\n            } else {\n                \/\/ La SDK de Facebook no est\u00e1 inicializada\n                var script = document.createElement('script');\n                script.async = true;\n                script.defer = true;\n                script.crossOrigin = 'anonymous';\n                script.src=\"https:\/\/connect.facebook.net\/es_LA\/sdk.js#xfbml=1&version=v17.0&appId=868452105110858&autoLogAppEvents=1\";\n                script.nonce=\"eBgX2sTe\";\n                document.head.appendChild(script);\n            }\n        });\n<\/script><\/p>\n","protected":false},"excerpt":{"rendered":"<p>Rolando Figueroa y Ram\u00f3n Rioseco firmaron un convenio de co financiamiento entre la Provincia y municipio para avanzar en soluciones habitacionales.&#13; El gobernador Rolando Figueroa y el intendente Ram\u00f3n Rioseco, firmaron este martes de un convenio de cofinanciamiento para la construcci\u00f3n de 150 viviendas en Cutral Co. Ser\u00e1 mediante la articulaci\u00f3n de la Agencia de [&hellip;]<\/p>\n","protected":false},"author":1,"featured_media":14887,"comment_status":"","ping_status":"","sticky":false,"template":"","format":"standard","meta":{"_monsterinsights_skip_tracking":false,"_monsterinsights_sitenote_active":false,"_monsterinsights_sitenote_note":"","_monsterinsights_sitenote_category":0,"footnotes":"","jetpack_publicize_message":"","jetpack_publicize_feature_enabled":true,"jetpack_social_post_already_shared":true,"jetpack_social_options":{"image_generator_settings":{"template":"highway","default_image_id":0,"font":"","enabled":false},"version":2}},"categories":[4],"tags":[630,741,166,50,1084],"class_list":["post-14886","post","type-post","status-publish","format-standard","has-post-thumbnail","hentry","category-regionales","tag-cutral","tag-impulsan","tag-nuevas","tag-para","tag-viviendas"],"aioseo_notices":[],"jetpack_publicize_connections":[],"amp_enabled":true,"_links":{"self":[{"href":"https:\/\/noticiasdeangostura.com.ar\/index.php?rest_route=\/wp\/v2\/posts\/14886","targetHints":{"allow":["GET"]}}],"collection":[{"href":"https:\/\/noticiasdeangostura.com.ar\/index.php?rest_route=\/wp\/v2\/posts"}],"about":[{"href":"https:\/\/noticiasdeangostura.com.ar\/index.php?rest_route=\/wp\/v2\/types\/post"}],"author":[{"embeddable":true,"href":"https:\/\/noticiasdeangostura.com.ar\/index.php?rest_route=\/wp\/v2\/users\/1"}],"replies":[{"embeddable":true,"href":"https:\/\/noticiasdeangostura.com.ar\/index.php?rest_route=%2Fwp%2Fv2%2Fcomments&post=14886"}],"version-history":[{"count":0,"href":"https:\/\/noticiasdeangostura.com.ar\/index.php?rest_route=\/wp\/v2\/posts\/14886\/revisions"}],"wp:featuredmedia":[{"embeddable":true,"href":"https:\/\/noticiasdeangostura.com.ar\/index.php?rest_route=\/wp\/v2\/media\/14887"}],"wp:attachment":[{"href":"https:\/\/noticiasdeangostura.com.ar\/index.php?rest_route=%2Fwp%2Fv2%2Fmedia&parent=14886"}],"wp:term":[{"taxonomy":"category","embeddable":true,"href":"https:\/\/noticiasdeangostura.com.ar\/index.php?rest_route=%2Fwp%2Fv2%2Fcategories&post=14886"},{"taxonomy":"post_tag","embeddable":true,"href":"https:\/\/noticiasdeangostura.com.ar\/index.php?rest_route=%2Fwp%2Fv2%2Ftags&post=14886"}],"curies":[{"name":"wp","href":"https:\/\/api.w.org\/{rel}","templated":true}]}}