{"id":14888,"date":"2026-04-28T18:03:18","date_gmt":"2026-04-28T21:03:18","guid":{"rendered":"https:\/\/noticiasdeangostura.com.ar\/?p=14888"},"modified":"2026-04-28T18:03:18","modified_gmt":"2026-04-28T21:03:18","slug":"nueva-regla-en-el-futbol-los-jugadores-que-se-tapen-la-boca-al-discutir-con-un-rival-seran-expulsados","status":"publish","type":"post","link":"https:\/\/noticiasdeangostura.com.ar\/?p=14888","title":{"rendered":"Nueva regla en el f\u00fatbol: los jugadores que se tapen la boca al discutir con un rival ser\u00e1n expulsados"},"content":{"rendered":"<p> <br \/>\n<\/p>\n<p>La pelea entre\u00a0Gianluca Prestiani y Vinicius\u00a0en la\u00a0Champions League\u00a0oblig\u00f3 a que la FIFA establezca una nueva regla:\u00a0expulsi\u00f3n para cualquier jugador que se tape la boca al discutir con un rival.<\/p>\n<p>El argentino y el brasile\u00f1o se cruzaron en el partido entre el\u00a0Benfica y el Real Madrid\u00a0en Lisboa. Vini aprovech\u00f3 que el exjugador de V\u00e9lez se tap\u00f3 la boca y denunci\u00f3 que lo hab\u00eda llamado \u201cmono\u201d. <\/p>\n<p>Esa acci\u00f3n fue discutida en todo el mundo y termin\u00f3 con una sanci\u00f3n para Prestianni, aunque no se comprob\u00f3 que haya dicho esa palabra. Pero la UEFA, le aplic\u00f3 un castigo de seis partidos por conducta homof\u00f3bica.<\/p>\n<p>Tras el encuentro, Kylian Mbapp\u00e9 pidi\u00f3 que Prestianni no volviera a jugar en la Champions League. Por su parte,\u00a0el brasile\u00f1o trat\u00f3 de \u201ccobarde\u201d al argentino en un comunicado\u00a0en las redes sociales.<\/p>\n<p>\u201cMe doli\u00f3 que me traten de algo que jam\u00e1s hice. Fue lo que m\u00e1s me doli\u00f3, pero estoy muy tranquilo porque todas las personas que me conocen saben c\u00f3mo soy y eso me basta\u201d, expres\u00f3 en una entrevista Prestiani.<\/p>\n<p>\u201cEscuch\u00e9 a Mbapp\u00e9 cuando me dijo \u2018sos un pu\u2026 racista\u2019. Es un insulto que te llamen racista cuando nunca lo fui ni lo ser\u00e9. Obviamente, estaba intentando provocarme durante el partido. Nunca quise reaccionar, y no lo voy a hacer; al contrario, lo voy a demostrar dentro de la cancha\u201d, asegur\u00f3.<\/p>\n<p>La pol\u00e9mica escal\u00f3 tanto que Gianni Infantino, presidente de la FIFA, habl\u00f3 sobre el tema a principios de marzo. \u201cSi un jugador se tapa la boca y dice algo, y eso tiene una consecuencia racista, entonces tiene que ser expulsado, obviamente. Debe presumirse que ha dicho algo que no deber\u00eda haber dicho, de lo contrario no habr\u00eda tenido que taparse la boca\u201d, hab\u00eda opinado Infantino en una entrevista con\u00a0Sky Sports.<\/p>\n<p>Este martes,\u00a0la IFAB aprob\u00f3 por unanimidad la medida en una reuni\u00f3n especial\u00a0que tuvo lugar en Canad\u00e1, una normativa que comenzar\u00e1 a aplicarse en la Copa Mundial 2026.<\/p>\n<p>Adem\u00e1s, se estableci\u00f3 que\u00a0el \u00e1rbitro podr\u00e1 expulsar a cualquier jugador que abandone el campo de juego como forma de protesta por una decisi\u00f3n arbitral. Esta norma tambi\u00e9n se aplicar\u00e1 a los miembros del cuerpo t\u00e9cnico que inciten a los futbolistas a retirarse del terreno de juego.<\/p>\n<p>Con informaci\u00f3n de TN.<\/p>\n","protected":false},"excerpt":{"rendered":"<p>La pelea entre\u00a0Gianluca Prestiani y Vinicius\u00a0en la\u00a0Champions League\u00a0oblig\u00f3 a que la FIFA establezca una nueva regla:\u00a0expulsi\u00f3n para cualquier jugador que se tape la boca al discutir con un rival. El argentino y el brasile\u00f1o se cruzaron en el partido entre el\u00a0Benfica y el Real Madrid\u00a0en Lisboa. Vini aprovech\u00f3 que el exjugador de V\u00e9lez se tap\u00f3 [&hellip;]<\/p>\n","protected":false},"author":1,"featured_media":14889,"comment_status":"","ping_status":"","sticky":false,"template":"","format":"standard","meta":{"_monsterinsights_skip_tracking":false,"_monsterinsights_sitenote_active":false,"_monsterinsights_sitenote_note":"","_monsterinsights_sitenote_category":0,"footnotes":"","jetpack_publicize_message":"","jetpack_publicize_feature_enabled":true,"jetpack_social_post_already_shared":true,"jetpack_social_options":{"image_generator_settings":{"template":"highway","default_image_id":0,"font":"","enabled":false},"version":2}},"categories":[5],"tags":[],"class_list":["post-14888","post","type-post","status-publish","format-standard","has-post-thumbnail","hentry","category-politica"],"aioseo_notices":[],"jetpack_publicize_connections":[],"amp_enabled":true,"_links":{"self":[{"href":"https:\/\/noticiasdeangostura.com.ar\/index.php?rest_route=\/wp\/v2\/posts\/14888","targetHints":{"allow":["GET"]}}],"collection":[{"href":"https:\/\/noticiasdeangostura.com.ar\/index.php?rest_route=\/wp\/v2\/posts"}],"about":[{"href":"https:\/\/noticiasdeangostura.com.ar\/index.php?rest_route=\/wp\/v2\/types\/post"}],"author":[{"embeddable":true,"href":"https:\/\/noticiasdeangostura.com.ar\/index.php?rest_route=\/wp\/v2\/users\/1"}],"replies":[{"embeddable":true,"href":"https:\/\/noticiasdeangostura.com.ar\/index.php?rest_route=%2Fwp%2Fv2%2Fcomments&post=14888"}],"version-history":[{"count":0,"href":"https:\/\/noticiasdeangostura.com.ar\/index.php?rest_route=\/wp\/v2\/posts\/14888\/revisions"}],"wp:featuredmedia":[{"embeddable":true,"href":"https:\/\/noticiasdeangostura.com.ar\/index.php?rest_route=\/wp\/v2\/media\/14889"}],"wp:attachment":[{"href":"https:\/\/noticiasdeangostura.com.ar\/index.php?rest_route=%2Fwp%2Fv2%2Fmedia&parent=14888"}],"wp:term":[{"taxonomy":"category","embeddable":true,"href":"https:\/\/noticiasdeangostura.com.ar\/index.php?rest_route=%2Fwp%2Fv2%2Fcategories&post=14888"},{"taxonomy":"post_tag","embeddable":true,"href":"https:\/\/noticiasdeangostura.com.ar\/index.php?rest_route=%2Fwp%2Fv2%2Ftags&post=14888"}],"curies":[{"name":"wp","href":"https:\/\/api.w.org\/{rel}","templated":true}]}}