{"id":14890,"date":"2026-04-28T18:04:18","date_gmt":"2026-04-28T21:04:18","guid":{"rendered":"https:\/\/noticiasdeangostura.com.ar\/?p=14890"},"modified":"2026-04-28T18:04:18","modified_gmt":"2026-04-28T21:04:18","slug":"un-proyecto-que-pone-el-foco-en-una-alerta-silenciosa","status":"publish","type":"post","link":"https:\/\/noticiasdeangostura.com.ar\/?p=14890","title":{"rendered":"Un proyecto que pone el foco en una alerta silenciosa"},"content":{"rendered":"<p> <br \/>\n<br \/><\/p>\n<p>Buscan crear un programa provincial para abordar el consumo durante el embarazo. Los datos anticipan una problem\u00e1tica que podr\u00eda crecer en los pr\u00f3ximos a\u00f1os.<\/p>\n<div>\n<p><a href=\"https:\/\/www.youtube.com\/live\/4SlN1ytRq4o?si=8-5LmH4Pwsf5g0hT\" target=\"_blank\" rel=\"noopener\">Un proyecto presentado en la Legislatura de Neuqu\u00e9n por la diputada provincial <strong>Carina Riccomini<\/strong> propone crear un programa provincial para abordar el consumo problem\u00e1tico de sustancias durante el embarazo<\/a>, con foco en la detecci\u00f3n temprana, la atenci\u00f3n integral y la protecci\u00f3n tanto de la persona gestante como del reci\u00e9n nacido, en un contexto donde comienzan a registrarse indicadores preocupantes en la provincia.<\/p>\n<p>La iniciativa fue explicada en el marco de <a href=\"https:\/\/www.amcumbre.com\/\" target=\"_blank\" rel=\"noopener\"><strong>\u201cLa sana costumbre por AM Cumbre 1400\u201d<\/strong><\/a>, donde se detall\u00f3 que el objetivo es intervenir de manera preventiva y coordinada desde el sistema de salud ante una problem\u00e1tica que muchas veces no se detecta a tiempo.<\/p>\n<p>En conversaci\u00f3n con los periodistas, <strong>Carina Riccomini<\/strong> remarc\u00f3 que se trata de una respuesta a una situaci\u00f3n sanitaria concreta que requiere un abordaje espec\u00edfico, especialmente por las implicancias que tiene en el desarrollo del beb\u00e9 desde el inicio de la vida.<\/p>\n<h3>Datos que encienden una alerta temprana<\/h3>\n<p>Aunque no existen estad\u00edsticas oficiales consolidadas, los datos disponibles permiten dimensionar la problem\u00e1tica. En Neuqu\u00e9n, durante 2025, el 1% de los nacimientos registr\u00f3 presencia de sustancias psicoactivas, mientras que en 2024 el porcentaje fue del 1,3%, lo que marca una tendencia que preocupa a especialistas y autoridades.<\/p>\n<p>A esto se suma la advertencia de organismos vinculados a la protecci\u00f3n de derechos de ni\u00f1os y ni\u00f1as, que proyectan un posible incremento de los casos en los pr\u00f3ximos a\u00f1os si no se interviene a tiempo. El fen\u00f3meno, aunque a\u00fan no es masivo, muestra se\u00f1ales claras de crecimiento.<\/p>\n<h3>Un abordaje integral desde el sistema de salud<\/h3>\n<p>El proyecto propone la creaci\u00f3n de consultorios especializados en hospitales y centros de salud, con equipos interdisciplinarios que incluyan profesionales de obstetricia, salud mental, trabajo social y enfermer\u00eda, entre otros.<\/p>\n<p>El objetivo es garantizar un seguimiento integral durante el embarazo, combinando controles m\u00e9dicos con acompa\u00f1amiento psicol\u00f3gico y social, adem\u00e1s de estrategias de reducci\u00f3n de da\u00f1os y articulaci\u00f3n con tratamientos de adicciones, adaptados a las particularidades de cada caso.<\/p>\n<h3>Intervenci\u00f3n temprana y protecci\u00f3n del reci\u00e9n nacido<\/h3>\n<p>Uno de los puntos centrales de la iniciativa es la detecci\u00f3n precoz del consumo y la posibilidad de intervenir antes del nacimiento. En ese marco, se plantea la realizaci\u00f3n de estudios espec\u00edficos en reci\u00e9n nacidos cuando existan indicios de exposici\u00f3n a sustancias.<\/p>\n<p>Esta medida busca no solo identificar posibles complicaciones de salud, sino tambi\u00e9n generar un seguimiento adecuado desde los primeros d\u00edas de vida, con el objetivo de minimizar riesgos y garantizar un desarrollo saludable.<\/p>\n<h3>Confidencialidad y acceso voluntario al tratamiento<\/h3>\n<p>El proyecto tambi\u00e9n establece que toda la informaci\u00f3n vinculada a los casos ser\u00e1 de car\u00e1cter confidencial y de uso exclusivamente sanitario, resguardada por las normas de protecci\u00f3n de datos y secreto profesional.<\/p>\n<p>Al mismo tiempo, se aclara que los tratamientos deber\u00e1n ser voluntarios, respetando los derechos de las personas gestantes, aunque con un marco legal que permita intervenir y acompa\u00f1ar de manera adecuada ante situaciones de riesgo.<\/p>\n<p>\u00a0<\/p>\n<h2>La entrevista<\/h2>\n<p>Carina Riccomini, diputada provincial de Neuqu\u00e9n, sobre el proyecto para abordar el consumo problem\u00e1tico de sustancias durante el embarazo.<\/p>\n<p>\u2014Pregunta: \u00bfDe qu\u00e9 trata el proyecto que present\u00f3?<br \/>\u2014Respuesta: Se trata de la creaci\u00f3n de un programa provincial para abordar de manera temprana, integral y continua el consumo problem\u00e1tico de sustancias durante el embarazo, con el objetivo de proteger tanto a la persona gestante como al reci\u00e9n nacido.<\/p>\n<p>\u2014Pregunta: \u00bfCu\u00e1les son los ejes principales de la iniciativa?<br \/>\u2014Respuesta: El proyecto plantea la detecci\u00f3n temprana del consumo y una atenci\u00f3n integral. Se propone garantizar controles prenatales espec\u00edficos con acompa\u00f1amiento m\u00e9dico, psicol\u00f3gico y social, adem\u00e1s de la creaci\u00f3n de consultorios especializados en hospitales y centros de salud con equipos interdisciplinarios.<\/p>\n<p>\u2014Pregunta: \u00bfQu\u00e9 tipo de atenci\u00f3n brindar\u00edan estos equipos?<br \/>\u2014Respuesta: Brindar\u00edan atenci\u00f3n obst\u00e9trica, salud mental, intervenci\u00f3n social y estrategias de reducci\u00f3n de da\u00f1os, adem\u00e1s de articular con tratamientos de adicciones. Cada consultorio deber\u00eda contar con profesionales de distintas \u00e1reas para garantizar un abordaje completo.<\/p>\n<p>\u2014Pregunta: \u00bfQu\u00e9 ocurre en los casos donde hay sospecha de consumo?<br \/>\u2014Respuesta: Se propone que, ante indicios de consumo durante el embarazo, se realicen estudios al reci\u00e9n nacido para detectar exposici\u00f3n a sustancias como coca\u00edna, cannabis y benzodiazepinas, junto con la pesquisa neonatal.<\/p>\n<p>\u2014Pregunta: \u00bfHay datos que justifiquen este proyecto?<br \/>\u2014Respuesta: No hay estad\u00edsticas oficiales, pero existen datos que muestran una tendencia preocupante. En 2025, el 1% de los beb\u00e9s nacidos en Neuqu\u00e9n registr\u00f3 presencia de sustancias, y en 2024 el porcentaje fue del 1,3%. Adem\u00e1s, hay proyecciones que indican un posible aumento significativo de estos casos.<\/p>\n<p>\u2014Pregunta: \u00bfC\u00f3mo se articular\u00eda con otros programas existentes?<br \/>\u2014Respuesta: Ser\u00eda un programa espec\u00edfico, con equipos especializados, ya que el abordaje en personas gestantes requiere un tratamiento distinto, especialmente por las limitaciones en los procesos de abstinencia.<\/p>\n<p>\u2014Pregunta: \u00bfC\u00f3mo se garantiza la confidencialidad?<br \/>\u2014Respuesta: La informaci\u00f3n ser\u00eda estrictamente confidencial y de uso sanitario, protegida por normas de secreto profesional y protecci\u00f3n de datos. No se utilizar\u00eda con fines judiciales, salvo en los casos previstos por la ley.<\/p>\n<p>\u2014Pregunta: \u00bfEn qu\u00e9 instancia se encuentra el proyecto?<br \/>\u2014Respuesta: El proyecto cuenta con moci\u00f3n de preferencia y ser\u00e1 tratado en comisi\u00f3n. Se prev\u00e9 convocar a equipos de salud para enriquecer el debate con informaci\u00f3n t\u00e9cnica y experiencia directa.<\/p>\n<\/p><\/div>\n","protected":false},"excerpt":{"rendered":"<p>Buscan crear un programa provincial para abordar el consumo durante el embarazo. Los datos anticipan una problem\u00e1tica que podr\u00eda crecer en los pr\u00f3ximos a\u00f1os. Un proyecto presentado en la Legislatura de Neuqu\u00e9n por la diputada provincial Carina Riccomini propone crear un programa provincial para abordar el consumo problem\u00e1tico de sustancias durante el embarazo, con foco [&hellip;]<\/p>\n","protected":false},"author":1,"featured_media":14891,"comment_status":"","ping_status":"","sticky":false,"template":"","format":"standard","meta":{"_monsterinsights_skip_tracking":false,"_monsterinsights_sitenote_active":false,"_monsterinsights_sitenote_note":"","_monsterinsights_sitenote_category":0,"footnotes":"","jetpack_publicize_message":"","jetpack_publicize_feature_enabled":true,"jetpack_social_post_already_shared":true,"jetpack_social_options":{"image_generator_settings":{"template":"highway","default_image_id":0,"font":"","enabled":false},"version":2}},"categories":[1],"tags":[],"class_list":["post-14890","post","type-post","status-publish","format-standard","has-post-thumbnail","hentry","category-ultimas-noticias"],"aioseo_notices":[],"jetpack_publicize_connections":[],"amp_enabled":true,"_links":{"self":[{"href":"https:\/\/noticiasdeangostura.com.ar\/index.php?rest_route=\/wp\/v2\/posts\/14890","targetHints":{"allow":["GET"]}}],"collection":[{"href":"https:\/\/noticiasdeangostura.com.ar\/index.php?rest_route=\/wp\/v2\/posts"}],"about":[{"href":"https:\/\/noticiasdeangostura.com.ar\/index.php?rest_route=\/wp\/v2\/types\/post"}],"author":[{"embeddable":true,"href":"https:\/\/noticiasdeangostura.com.ar\/index.php?rest_route=\/wp\/v2\/users\/1"}],"replies":[{"embeddable":true,"href":"https:\/\/noticiasdeangostura.com.ar\/index.php?rest_route=%2Fwp%2Fv2%2Fcomments&post=14890"}],"version-history":[{"count":0,"href":"https:\/\/noticiasdeangostura.com.ar\/index.php?rest_route=\/wp\/v2\/posts\/14890\/revisions"}],"wp:featuredmedia":[{"embeddable":true,"href":"https:\/\/noticiasdeangostura.com.ar\/index.php?rest_route=\/wp\/v2\/media\/14891"}],"wp:attachment":[{"href":"https:\/\/noticiasdeangostura.com.ar\/index.php?rest_route=%2Fwp%2Fv2%2Fmedia&parent=14890"}],"wp:term":[{"taxonomy":"category","embeddable":true,"href":"https:\/\/noticiasdeangostura.com.ar\/index.php?rest_route=%2Fwp%2Fv2%2Fcategories&post=14890"},{"taxonomy":"post_tag","embeddable":true,"href":"https:\/\/noticiasdeangostura.com.ar\/index.php?rest_route=%2Fwp%2Fv2%2Ftags&post=14890"}],"curies":[{"name":"wp","href":"https:\/\/api.w.org\/{rel}","templated":true}]}}