{"id":14894,"date":"2026-04-28T18:07:19","date_gmt":"2026-04-28T21:07:19","guid":{"rendered":"https:\/\/noticiasdeangostura.com.ar\/?p=14894"},"modified":"2026-04-28T18:07:19","modified_gmt":"2026-04-28T21:07:19","slug":"un-nuevo-espacio-para-el-cine-nacional-en-neuquen-vuelve-el-cineclub-fan-neuquen-al-instante","status":"publish","type":"post","link":"https:\/\/noticiasdeangostura.com.ar\/?p=14894","title":{"rendered":"Un nuevo espacio para el cine nacional en Neuqu\u00e9n: vuelve el Cineclub FAN | Neuqu\u00e9n Al Instante"},"content":{"rendered":"<p> <br \/>\n<br \/><\/p>\n<p>                        martes 28 de abril de 2026  <\/p>\n<p>            El Festival Audiovisual Neuqu\u00e9n (FAN) y la Municipalidad de Neuqu\u00e9n presentan el regreso del Cineclub FAN, un espacio dedicado al cine nacional que tendr\u00e1 lugar todos los \u00faltimos jueves de cada mes en el Auditorio Confluencia Viva, una sala especialmente acondicionada para la proyecci\u00f3n audiovisual en el subsuelo de la Muni del centro.La primera funci\u00f3n ser\u00e1 el jueves 30 de abril a las 19, marcando el inicio de un ciclo que busca consolidar un punto de encuentro entre el p\u00fablico y el cine contempor\u00e1neo argentino, en la antesala de la quinta edici\u00f3n del festival.La apertura del Cineclub FAN ser\u00e1 adem\u00e1s un evento especial de estreno para la regi\u00f3n, con la proyecci\u00f3n de \u201cLos ojos del Abismo\u201d (Argentina, 2025), dirigida por Daniel de la Vega, una de las figuras m\u00e1s reconocidas del cine de g\u00e9nero latinoamericano.Un estreno potente: terror, memoria y MalvinasAmbientada en 1982, en el contexto de la guerra de Malvinas, Los Ojos del Abismo propone una experiencia cinematogr\u00e1fica intensa que combina acci\u00f3n, thriller y horror en una puesta visual inmersiva.La historia sigue a una soldado que despierta en un buque de guerra rodeado de cad\u00e1veres, con la memoria fragmentada, en un escenario donde la supervivencia se vuelve una lucha constante y donde el horror parece no haber terminado con la guerra.Mir\u00e1 el trailer ac\u00e1La pel\u00edcula ha tenido un destacado recorrido internacional, obteniendo premios en festivales especializados como el Buenos Aires Rojo Sangre, el Bogot\u00e1 Horror Film Festival y el Festival Internacional de Cine Fant\u00e1stico de Galicia, donde fue reconocida por su potencia narrativa y su forma de abordar hechos hist\u00f3ricos a trav\u00e9s del cine de g\u00e9nero.Adem\u00e1s, particip\u00f3 en el March\u00e9 du Film de Cannes, consolid\u00e1ndose como una de las pel\u00edculas de g\u00e9nero argentino m\u00e1s destacadas del \u00faltimo a\u00f1o. Dentro del equipo de autores se encuentra el reconocido escritor Luciano Saracino, guionista de historietas, series, pel\u00edculas y dibujos animados.La funci\u00f3n se completa con el cortometraje neuquino \u201cLa cosa viscosa\u201d, una pieza breve y contundente del circuito de cine de horror y fant\u00e1stico regional, escrita y dirigida por Ezequiel L\u00f3pez, con un amplio equipo de realizadores y elenco de la provincia. La Cosa Viscosa tuvo una destacada participaci\u00f3n del certamen \u201cFin de Semana Sangriento\u201d del Buenos Aires Rojo Sangre 2024.Un espacio para ver cine juntosEl Cineclub FAN propone recuperar la experiencia colectiva del cine: encontrarse, compartir y descubrir nuevas miradas en una sala preparada para disfrutar de cada proyecci\u00f3n en las mejores condiciones.Con entrada gratuita y programaci\u00f3n mensual, el ciclo se proyecta como un espacio que fortalece el acceso al cine nacional y acompa\u00f1a el crecimiento del Festival Audiovisual Neuqu\u00e9n.<\/p>\n","protected":false},"excerpt":{"rendered":"<p>martes 28 de abril de 2026 El Festival Audiovisual Neuqu\u00e9n (FAN) y la Municipalidad de Neuqu\u00e9n presentan el regreso del Cineclub FAN, un espacio dedicado al cine nacional que tendr\u00e1 lugar todos los \u00faltimos jueves de cada mes en el Auditorio Confluencia Viva, una sala especialmente acondicionada para la proyecci\u00f3n audiovisual en el subsuelo de [&hellip;]<\/p>\n","protected":false},"author":1,"featured_media":14895,"comment_status":"","ping_status":"","sticky":false,"template":"","format":"standard","meta":{"_monsterinsights_skip_tracking":false,"_monsterinsights_sitenote_active":false,"_monsterinsights_sitenote_note":"","_monsterinsights_sitenote_category":0,"footnotes":"","jetpack_publicize_message":"","jetpack_publicize_feature_enabled":true,"jetpack_social_post_already_shared":true,"jetpack_social_options":{"image_generator_settings":{"template":"highway","default_image_id":0,"font":"","enabled":false},"version":2}},"categories":[9],"tags":[],"class_list":["post-14894","post","type-post","status-publish","format-standard","has-post-thumbnail","hentry","category-espectaculos-y-moda"],"aioseo_notices":[],"jetpack_publicize_connections":[],"amp_enabled":true,"_links":{"self":[{"href":"https:\/\/noticiasdeangostura.com.ar\/index.php?rest_route=\/wp\/v2\/posts\/14894","targetHints":{"allow":["GET"]}}],"collection":[{"href":"https:\/\/noticiasdeangostura.com.ar\/index.php?rest_route=\/wp\/v2\/posts"}],"about":[{"href":"https:\/\/noticiasdeangostura.com.ar\/index.php?rest_route=\/wp\/v2\/types\/post"}],"author":[{"embeddable":true,"href":"https:\/\/noticiasdeangostura.com.ar\/index.php?rest_route=\/wp\/v2\/users\/1"}],"replies":[{"embeddable":true,"href":"https:\/\/noticiasdeangostura.com.ar\/index.php?rest_route=%2Fwp%2Fv2%2Fcomments&post=14894"}],"version-history":[{"count":0,"href":"https:\/\/noticiasdeangostura.com.ar\/index.php?rest_route=\/wp\/v2\/posts\/14894\/revisions"}],"wp:featuredmedia":[{"embeddable":true,"href":"https:\/\/noticiasdeangostura.com.ar\/index.php?rest_route=\/wp\/v2\/media\/14895"}],"wp:attachment":[{"href":"https:\/\/noticiasdeangostura.com.ar\/index.php?rest_route=%2Fwp%2Fv2%2Fmedia&parent=14894"}],"wp:term":[{"taxonomy":"category","embeddable":true,"href":"https:\/\/noticiasdeangostura.com.ar\/index.php?rest_route=%2Fwp%2Fv2%2Fcategories&post=14894"},{"taxonomy":"post_tag","embeddable":true,"href":"https:\/\/noticiasdeangostura.com.ar\/index.php?rest_route=%2Fwp%2Fv2%2Ftags&post=14894"}],"curies":[{"name":"wp","href":"https:\/\/api.w.org\/{rel}","templated":true}]}}