{"id":14902,"date":"2026-04-28T20:03:54","date_gmt":"2026-04-28T23:03:54","guid":{"rendered":"https:\/\/noticiasdeangostura.com.ar\/?p=14902"},"modified":"2026-04-28T20:03:54","modified_gmt":"2026-04-28T23:03:54","slug":"chubut-cambios-en-el-gabinete-y-ruidosas-movilizaciones-de-empleados-publicos","status":"publish","type":"post","link":"https:\/\/noticiasdeangostura.com.ar\/?p=14902","title":{"rendered":"Chubut: cambios en el gabinete y ruidosas movilizaciones de empleados p\u00fablicos"},"content":{"rendered":"<p> <br \/>\n<\/p>\n<p>El gobernador de Chubut, Ignacio Torres, le cambi\u00f3 la cara a su gabinete con tres cambios en lugares esenciales: econom\u00eda, salud y el instituto que maneja la obra social provincial. Pero no fue el mandatario el que anunci\u00f3 los cambios, sino una gacetilla de la prensa gubernamental. Aunque oficializadas, a\u00fan las asunciones no tienen fecha.<\/p>\n<p>Reconfiguraci\u00f3n del gabinete en Chubut<\/p>\n<p>Seg\u00fan public\u00f3 el gobierno, los cambios se realizan \u00aben el marco de una nueva etapa de gesti\u00f3n, con el objetivo de seguir fortaleciendo el trabajo en \u00e1reas clave de la administraci\u00f3n p\u00fablica y consolidar una agenda centrada en resultados\u00bb, frase atribuida al primer mandatario.<\/p>\n<p>Los tres cambios ya se descontaban porque, por ejemplo, el del ministro de Econom\u00eda ya hab\u00eda trascendido el a\u00f1o pasado, aunque luego se dej\u00f3 para despu\u00e9s de la colocaci\u00f3n de los bonos lo que ocurri\u00f3 la semana pasada en Estados Unidos.<\/p>\n<p>As\u00ed es que Gustavo Paz, actual secretario de Hacienda de Trelew, reemplazar\u00e1 a Miguel Arnaudo, que desde ahora pasar\u00e1 a ocupar la presidencia del Instituto de Seguridad Social y Seguros (ISSyS), el organismo que administra la obra social Seros y el sistema previsional provincial. Ocupar\u00e1 el cargo de Mart\u00edn Sterner, un hombre que lleg\u00f3 al puesto de la mano del intendente de Rawson, Dami\u00e1n Biss, ahora alejado pol\u00edticamente del gobernador.<\/p>\n<p>Uno que vuelve es Sergio Wisky, como secretario de Salud, tal como anticip\u00f3 diario R\u00cdO NEGRO pocos d\u00edas despu\u00e9s que renunciara a su cargo en el gobierno rionegrino. El ahora nuevo funcionario ya ocup\u00f3 la cartera de Salud y la presidencia del ISSyS en la primera parte de la gesti\u00f3n de Torres; se hab\u00eda alejado por diferencias con el gobernador, las que, si bien no se hicieron p\u00fablicas, trascendieron fuertemente en todo el \u00e1mbito pol\u00edtico de la provincia. Reemplazar\u00e1 a Denise Acosta, una funcionaria que se alej\u00f3 hace algunas semanas.<\/p>\n<p>Las designaciones se suman a la reciente incorporaci\u00f3n de V\u00edctor Candia como subsecretario de Asuntos Municipales, en reemplazo de Genaro P\u00e9rez. En el momento de conocerse los cambios, Torres se encontraba en Ciudad de Buenos Aires y en la provincia continuaban importantes y ruidosas movilizaciones de empleados p\u00fablicos y docentes que reclaman paritarias y un aumento mayor al que ofreci\u00f3 el gobierno.<\/p>\n<p>De acuerdo a lo manifestado por el ministro de Educaci\u00f3n, Jos\u00e9 Luis Punta, habr\u00e1 una reuni\u00f3n con los gremios del Estado este mi\u00e9rcoles para tratar de llegar a un acuerdo que desactive los intentos de paro con los que ya amenazaron los docentes. El gobierno dict\u00f3 la conciliaci\u00f3n obligatoria por un plazo de 20 d\u00edas.<\/p>\n<p>Pero el descontento llega tambi\u00e9n a otros sectores. Trabajadores de ATE se sumaron a la protesta y se movilizaron tanto en Rawson (sede del gobierno) como en Comodoro Rivadavia, Puerto Madryn y Esquel.<\/p>\n<p>Lo novedoso es que la protesta, sobre todo en el sector docente, la realizaron los denominados \u201cautoconvocados\u201d, que desconocen y est\u00e1n disconformes con el gremio que los nuclea. Hubo cerca de 3.000 personas frente a la Casa de Gobierno.<\/p>\n<p>Punta anticip\u00f3 que el di\u00e1logo ser\u00e1 \u201cinstitucional\u201d, solo con los representantes leg\u00edtimos de los trabajadores. \u201cNosotros nos estamos reuniendo con los gremios. Tenemos un buen di\u00e1logo. Este mi\u00e9rcoles retomaremos las negociaciones\u201d, dijo.<\/p>\n<p>Es la primera vez desde que asumi\u00f3 en diciembre de 2023 que Torres soporta movilizaciones de la administraci\u00f3n p\u00fablica provincial. Para calmar un poco las aguas, el gobierno anunci\u00f3 que pagar\u00e1 los sueldos de activos y pasivos el pr\u00f3ximo martes 4. Pero el anuncio no alcanz\u00f3 y las manifestaciones continuaron.<\/p>\n","protected":false},"excerpt":{"rendered":"<p>El gobernador de Chubut, Ignacio Torres, le cambi\u00f3 la cara a su gabinete con tres cambios en lugares esenciales: econom\u00eda, salud y el instituto que maneja la obra social provincial. Pero no fue el mandatario el que anunci\u00f3 los cambios, sino una gacetilla de la prensa gubernamental. Aunque oficializadas, a\u00fan las asunciones no tienen fecha. [&hellip;]<\/p>\n","protected":false},"author":1,"featured_media":14903,"comment_status":"","ping_status":"","sticky":false,"template":"","format":"standard","meta":{"_monsterinsights_skip_tracking":false,"_monsterinsights_sitenote_active":false,"_monsterinsights_sitenote_note":"","_monsterinsights_sitenote_category":0,"footnotes":"","jetpack_publicize_message":"","jetpack_publicize_feature_enabled":true,"jetpack_social_post_already_shared":true,"jetpack_social_options":{"image_generator_settings":{"template":"highway","default_image_id":0,"font":"","enabled":false},"version":2}},"categories":[5],"tags":[],"class_list":["post-14902","post","type-post","status-publish","format-standard","has-post-thumbnail","hentry","category-politica"],"aioseo_notices":[],"jetpack_publicize_connections":[],"amp_enabled":true,"_links":{"self":[{"href":"https:\/\/noticiasdeangostura.com.ar\/index.php?rest_route=\/wp\/v2\/posts\/14902","targetHints":{"allow":["GET"]}}],"collection":[{"href":"https:\/\/noticiasdeangostura.com.ar\/index.php?rest_route=\/wp\/v2\/posts"}],"about":[{"href":"https:\/\/noticiasdeangostura.com.ar\/index.php?rest_route=\/wp\/v2\/types\/post"}],"author":[{"embeddable":true,"href":"https:\/\/noticiasdeangostura.com.ar\/index.php?rest_route=\/wp\/v2\/users\/1"}],"replies":[{"embeddable":true,"href":"https:\/\/noticiasdeangostura.com.ar\/index.php?rest_route=%2Fwp%2Fv2%2Fcomments&post=14902"}],"version-history":[{"count":0,"href":"https:\/\/noticiasdeangostura.com.ar\/index.php?rest_route=\/wp\/v2\/posts\/14902\/revisions"}],"wp:featuredmedia":[{"embeddable":true,"href":"https:\/\/noticiasdeangostura.com.ar\/index.php?rest_route=\/wp\/v2\/media\/14903"}],"wp:attachment":[{"href":"https:\/\/noticiasdeangostura.com.ar\/index.php?rest_route=%2Fwp%2Fv2%2Fmedia&parent=14902"}],"wp:term":[{"taxonomy":"category","embeddable":true,"href":"https:\/\/noticiasdeangostura.com.ar\/index.php?rest_route=%2Fwp%2Fv2%2Fcategories&post=14902"},{"taxonomy":"post_tag","embeddable":true,"href":"https:\/\/noticiasdeangostura.com.ar\/index.php?rest_route=%2Fwp%2Fv2%2Ftags&post=14902"}],"curies":[{"name":"wp","href":"https:\/\/api.w.org\/{rel}","templated":true}]}}