{"id":14912,"date":"2026-04-28T20:30:45","date_gmt":"2026-04-28T23:30:45","guid":{"rendered":"https:\/\/noticiasdeangostura.com.ar\/?p=14912"},"modified":"2026-04-28T20:30:45","modified_gmt":"2026-04-28T23:30:45","slug":"el-gobierno-sube-la-tasa-aeroportuaria-y-los-pasajes-de-avion-seran-mas-caros","status":"publish","type":"post","link":"https:\/\/noticiasdeangostura.com.ar\/?p=14912","title":{"rendered":"El Gobierno sube la tasa aeroportuaria y los pasajes de avi\u00f3n ser\u00e1n m\u00e1s caros"},"content":{"rendered":"<p> <br \/>\n<br \/><\/p>\n<p>La medida fue oficializada por la ANAC y comenzar\u00e1 a regir desde el 28 de mayo. Impactar\u00e1 en vuelos de cabotaje, regionales e internacionales.<\/p>\n<div>\n<p>El Gobierno de <span class=\"hover:entity-accent entity-underline inline cursor-pointer align-baseline\"><span class=\"whitespace-normal\">Javier Milei<\/span><\/span> dispuso un aumento en la tasa de seguridad aeroportuaria, una medida que repercutir\u00e1 directamente en el precio de los pasajes a\u00e9reos en todo el pa\u00eds.<\/p>\n<p class=\"noEditable noticia-relacionada\" data-id=\"332775\"><ampiframe src=\"https:\/\/www.noticiasnqn.com.ar\/api\/noticias\/332775\/relacionadas?amp=1\" layout=\"fixed-height\" sandbox=\"allow-top-navigation allow-top-navigation-by-user-activation allow-scripts \" height=\"100px\"> <b placeholder=\"\">Lee tambi\u00e9n: Homologaron la paritaria de empleados de comercio: aumento del 5% y suma fija de $20.000<\/b> <\/ampiframe><\/p>\n<p>La actualizaci\u00f3n fue establecida por la <span class=\"hover:entity-accent entity-underline inline cursor-pointer align-baseline\"><span class=\"whitespace-normal\">Administraci\u00f3n Nacional de Aviaci\u00f3n Civil<\/span><\/span> a trav\u00e9s de la resoluci\u00f3n 258\/2026, publicada en el Bolet\u00edn Oficial, y comenzar\u00e1 a aplicarse a partir del 28 de mayo.<\/p>\n<p>Con el nuevo esquema, la tasa para vuelos de cabotaje pasar\u00e1 de $20 a $6500, mientras que para los vuelos regionales subir\u00e1 de 4,42 a 5 d\u00f3lares, y para los internacionales de 8 a 9 d\u00f3lares. Este incremento se trasladar\u00e1 de manera directa al valor final que pagan los pasajeros.<\/p>\n<p>Desde el organismo explicaron que la medida responde a la necesidad de actualizar valores que no se modificaban desde 2016, adem\u00e1s de financiar inversiones en seguridad aeroportuaria. Entre los destinos de los fondos se encuentran la modernizaci\u00f3n de sistemas contra incendios, mejoras en infraestructura, incorporaci\u00f3n de tecnolog\u00eda y capacitaci\u00f3n del personal.<\/p>\n<p class=\"noEditable noticia-relacionada\" data-id=\"332781\"><ampiframe src=\"https:\/\/www.noticiasnqn.com.ar\/api\/noticias\/332781\/relacionadas?amp=1\" layout=\"fixed-height\" sandbox=\"allow-top-navigation allow-top-navigation-by-user-activation allow-scripts \" height=\"100px\"> <b placeholder=\"\">Lee tambi\u00e9n: Recapturan en Bariloche a un pr\u00f3fugo que se hab\u00eda quitado la tobillera electr\u00f3nica<\/b> <\/ampiframe><\/p>\n<p>El aumento se da en un contexto de suba global en los costos de la aviaci\u00f3n, impulsada en gran parte por el encarecimiento del combustible tras la escalada del conflicto en Medio Oriente.<\/p>\n<p>En ese marco, <span class=\"hover:entity-accent entity-underline inline cursor-pointer align-baseline\"><span class=\"whitespace-normal\">Aerol\u00edneas Argentinas<\/span><\/span> ya hab\u00eda comenzado a aplicar un recargo por combustible en sus tarifas, como consecuencia del incremento en el precio del petr\u00f3leo.<\/p>\n<p>La combinaci\u00f3n de estos factores anticipa un impacto sostenido en el costo de los vuelos, tanto dentro del pa\u00eds como hacia destinos internacionales.<\/p>\n<\/p><\/div>\n","protected":false},"excerpt":{"rendered":"<p>La medida fue oficializada por la ANAC y comenzar\u00e1 a regir desde el 28 de mayo. Impactar\u00e1 en vuelos de cabotaje, regionales e internacionales. El Gobierno de Javier Milei dispuso un aumento en la tasa de seguridad aeroportuaria, una medida que repercutir\u00e1 directamente en el precio de los pasajes a\u00e9reos en todo el pa\u00eds. Lee [&hellip;]<\/p>\n","protected":false},"author":1,"featured_media":14913,"comment_status":"","ping_status":"","sticky":false,"template":"","format":"standard","meta":{"_monsterinsights_skip_tracking":false,"_monsterinsights_sitenote_active":false,"_monsterinsights_sitenote_note":"","_monsterinsights_sitenote_category":0,"footnotes":"","jetpack_publicize_message":"","jetpack_publicize_feature_enabled":true,"jetpack_social_post_already_shared":true,"jetpack_social_options":{"image_generator_settings":{"template":"highway","default_image_id":0,"font":"","enabled":false},"version":2}},"categories":[1],"tags":[],"class_list":["post-14912","post","type-post","status-publish","format-standard","has-post-thumbnail","hentry","category-ultimas-noticias"],"aioseo_notices":[],"jetpack_publicize_connections":[],"amp_enabled":true,"_links":{"self":[{"href":"https:\/\/noticiasdeangostura.com.ar\/index.php?rest_route=\/wp\/v2\/posts\/14912","targetHints":{"allow":["GET"]}}],"collection":[{"href":"https:\/\/noticiasdeangostura.com.ar\/index.php?rest_route=\/wp\/v2\/posts"}],"about":[{"href":"https:\/\/noticiasdeangostura.com.ar\/index.php?rest_route=\/wp\/v2\/types\/post"}],"author":[{"embeddable":true,"href":"https:\/\/noticiasdeangostura.com.ar\/index.php?rest_route=\/wp\/v2\/users\/1"}],"replies":[{"embeddable":true,"href":"https:\/\/noticiasdeangostura.com.ar\/index.php?rest_route=%2Fwp%2Fv2%2Fcomments&post=14912"}],"version-history":[{"count":0,"href":"https:\/\/noticiasdeangostura.com.ar\/index.php?rest_route=\/wp\/v2\/posts\/14912\/revisions"}],"wp:featuredmedia":[{"embeddable":true,"href":"https:\/\/noticiasdeangostura.com.ar\/index.php?rest_route=\/wp\/v2\/media\/14913"}],"wp:attachment":[{"href":"https:\/\/noticiasdeangostura.com.ar\/index.php?rest_route=%2Fwp%2Fv2%2Fmedia&parent=14912"}],"wp:term":[{"taxonomy":"category","embeddable":true,"href":"https:\/\/noticiasdeangostura.com.ar\/index.php?rest_route=%2Fwp%2Fv2%2Fcategories&post=14912"},{"taxonomy":"post_tag","embeddable":true,"href":"https:\/\/noticiasdeangostura.com.ar\/index.php?rest_route=%2Fwp%2Fv2%2Ftags&post=14912"}],"curies":[{"name":"wp","href":"https:\/\/api.w.org\/{rel}","templated":true}]}}