{"id":14927,"date":"2026-04-28T22:41:44","date_gmt":"2026-04-29T01:41:44","guid":{"rendered":"https:\/\/noticiasdeangostura.com.ar\/?p=14927"},"modified":"2026-04-28T22:41:44","modified_gmt":"2026-04-29T01:41:44","slug":"eeuu-emitira-pasaportes-con-la-imagen-de-donald-trump-por-los-250-anos-de-la-independencia","status":"publish","type":"post","link":"https:\/\/noticiasdeangostura.com.ar\/?p=14927","title":{"rendered":"EEUU emitir\u00e1 pasaportes con la imagen de Donald Trump por los 250 a\u00f1os de la independencia"},"content":{"rendered":"<p> <br \/>\n<br \/><\/p>\n<p>El Gobierno anunci\u00f3 una edici\u00f3n especial de documentos que comenzar\u00e1 a distribuirse en julio. Mantendr\u00e1n las mismas medidas de seguridad que los actuales y no tendr\u00e1n costo adicional.<\/p>\n<div>\n<p>El gobierno de <span class=\"hover:entity-accent entity-underline inline cursor-pointer align-baseline\"><span class=\"whitespace-normal\">Estados Unidos<\/span><\/span> lanzar\u00e1 una edici\u00f3n limitada de pasaportes conmemorativos por los 250 a\u00f1os de la Declaraci\u00f3n de Independencia, con una particularidad que ya genera debate: incluir\u00e1n un retrato del presidente <span class=\"hover:entity-accent entity-underline inline cursor-pointer align-baseline\"><span class=\"whitespace-normal\">Donald Trump<\/span><\/span>.<\/p>\n<p>Seg\u00fan inform\u00f3 el Departamento de Estado, los nuevos documentos comenzar\u00e1n a distribuirse en julio y conservar\u00e1n los mismos est\u00e1ndares de seguridad que los pasaportes tradicionales. El dise\u00f1o incorpora ilustraciones especiales, entre ellas la imagen del mandatario en una de las p\u00e1ginas interiores, junto a una reproducci\u00f3n de la firma del hist\u00f3rico documento de 1776.<\/p>\n<p>El anuncio fue realizado por el vocero del organismo, Tommy Pigott, quien destac\u00f3 las mejoras visuales de esta edici\u00f3n conmemorativa. Sin embargo, en un primer momento no se hab\u00eda detallado que uno de los elementos distintivos ser\u00eda la inclusi\u00f3n del retrato presidencial.<\/p>\n<p>Por ahora, no est\u00e1 claro si los ciudadanos podr\u00e1n elegir una versi\u00f3n sin la imagen de Trump. Desde el Gobierno indicaron que esta edici\u00f3n especial no implicar\u00e1 un costo adicional.<\/p>\n<p class=\"noEditable noticia-relacionada\" data-id=\"332799\"><ampiframe src=\"https:\/\/www.noticiasnqn.com.ar\/api\/noticias\/332799\/relacionadas?amp=1\" layout=\"fixed-height\" sandbox=\"allow-top-navigation allow-top-navigation-by-user-activation allow-scripts \" height=\"100px\"> <b placeholder=\"\">Lee tambi\u00e9n: River oficializ\u00f3 a Pablo Longoria como nuevo director deportivo<\/b> <\/ampiframe><\/p>\n<p>La iniciativa se enmarca en una serie de medidas impulsadas por la actual administraci\u00f3n para reforzar la presencia del mandatario en s\u00edmbolos oficiales. Entre ellas, se destacan propuestas como la emisi\u00f3n de una moneda conmemorativa y la incorporaci\u00f3n de la firma presidencial en billetes.<\/p>\n<p>La decisi\u00f3n gener\u00f3 pol\u00e9mica en distintos sectores, tanto por el uso de la imagen del presidente en documentos oficiales como por el simbolismo de vincular su figura con la conmemoraci\u00f3n de uno de los hitos fundacionales del pa\u00eds.<\/p>\n<\/p><\/div>\n","protected":false},"excerpt":{"rendered":"<p>El Gobierno anunci\u00f3 una edici\u00f3n especial de documentos que comenzar\u00e1 a distribuirse en julio. Mantendr\u00e1n las mismas medidas de seguridad que los actuales y no tendr\u00e1n costo adicional. El gobierno de Estados Unidos lanzar\u00e1 una edici\u00f3n limitada de pasaportes conmemorativos por los 250 a\u00f1os de la Declaraci\u00f3n de Independencia, con una particularidad que ya genera [&hellip;]<\/p>\n","protected":false},"author":1,"featured_media":14928,"comment_status":"","ping_status":"","sticky":false,"template":"","format":"standard","meta":{"_monsterinsights_skip_tracking":false,"_monsterinsights_sitenote_active":false,"_monsterinsights_sitenote_note":"","_monsterinsights_sitenote_category":0,"footnotes":"","jetpack_publicize_message":"","jetpack_publicize_feature_enabled":true,"jetpack_social_post_already_shared":true,"jetpack_social_options":{"image_generator_settings":{"template":"highway","default_image_id":0,"font":"","enabled":false},"version":2}},"categories":[1],"tags":[],"class_list":["post-14927","post","type-post","status-publish","format-standard","has-post-thumbnail","hentry","category-ultimas-noticias"],"aioseo_notices":[],"jetpack_publicize_connections":[],"amp_enabled":true,"_links":{"self":[{"href":"https:\/\/noticiasdeangostura.com.ar\/index.php?rest_route=\/wp\/v2\/posts\/14927","targetHints":{"allow":["GET"]}}],"collection":[{"href":"https:\/\/noticiasdeangostura.com.ar\/index.php?rest_route=\/wp\/v2\/posts"}],"about":[{"href":"https:\/\/noticiasdeangostura.com.ar\/index.php?rest_route=\/wp\/v2\/types\/post"}],"author":[{"embeddable":true,"href":"https:\/\/noticiasdeangostura.com.ar\/index.php?rest_route=\/wp\/v2\/users\/1"}],"replies":[{"embeddable":true,"href":"https:\/\/noticiasdeangostura.com.ar\/index.php?rest_route=%2Fwp%2Fv2%2Fcomments&post=14927"}],"version-history":[{"count":0,"href":"https:\/\/noticiasdeangostura.com.ar\/index.php?rest_route=\/wp\/v2\/posts\/14927\/revisions"}],"wp:featuredmedia":[{"embeddable":true,"href":"https:\/\/noticiasdeangostura.com.ar\/index.php?rest_route=\/wp\/v2\/media\/14928"}],"wp:attachment":[{"href":"https:\/\/noticiasdeangostura.com.ar\/index.php?rest_route=%2Fwp%2Fv2%2Fmedia&parent=14927"}],"wp:term":[{"taxonomy":"category","embeddable":true,"href":"https:\/\/noticiasdeangostura.com.ar\/index.php?rest_route=%2Fwp%2Fv2%2Fcategories&post=14927"},{"taxonomy":"post_tag","embeddable":true,"href":"https:\/\/noticiasdeangostura.com.ar\/index.php?rest_route=%2Fwp%2Fv2%2Ftags&post=14927"}],"curies":[{"name":"wp","href":"https:\/\/api.w.org\/{rel}","templated":true}]}}