{"id":14929,"date":"2026-04-28T23:04:17","date_gmt":"2026-04-29T02:04:17","guid":{"rendered":"https:\/\/noticiasdeangostura.com.ar\/?p=14929"},"modified":"2026-04-28T23:04:17","modified_gmt":"2026-04-29T02:04:17","slug":"la-provincia-financiara-obras-de-energia-y-gas-en-san-patricio-del-chanar","status":"publish","type":"post","link":"https:\/\/noticiasdeangostura.com.ar\/?p=14929","title":{"rendered":"La Provincia financiar\u00e1 obras de energ\u00eda y gas en San Patricio del Cha\u00f1ar"},"content":{"rendered":"<p> <br \/>\n<br \/><\/p>\n<p>Con una inversi\u00f3n que supera los 590 millones de pesos. Los fondos ser\u00e1n otorgados como aporte reintegrable y responden a los compromisos asumidos en los Pactos de Gobernanza.&#13;\n<\/p>\n<div>\n<p>El gobernador <strong>Rolando Figueroa<\/strong> y el intendente <strong>Gonzalo N\u00fa\u00f1ez<\/strong>, firmaron este martes dos convenios para ejecutar obras clave en San Patricio del Cha\u00f1ar. \u00a0Con una inversi\u00f3n que supera los 590 millones de pesos ser dar\u00e1 respuesta a necesidades de servicios largamente esperados.<br \/>\u00a0<br \/>El primero de los convenios contempla el suministro de energ\u00eda para el barrio Costa Verde en Picada III. La Provincia destinar\u00e1 un aporte de 194.540.551,83 pesos, que ser\u00e1n utilizados para la adquisici\u00f3n de materiales de electrificaci\u00f3n. Los fondos ser\u00e1n otorgados como aporte reintegrable.<br \/>\u00a0<br \/>Por otra parte, el segundo acuerdo establece el financiamiento para la ejecuci\u00f3n de la red de gas en 347 lotes. En este caso, la inversi\u00f3n prevista asciende a 395.517.429,34 pesos, tambi\u00e9n bajo la modalidad de aportes reintegrables.<br \/>\u00a0<br \/>Desde el inicio de la gesti\u00f3n, el gobierno provincial, municipios y comisiones de fomento asumieron el compromiso de trabajar con equilibrio fiscal, austeridad y una distribuci\u00f3n m\u00e1s eficiente de los recursos p\u00fablicos. As\u00ed se cre\u00f3 el Programa de Infraestructura para Gobiernos Locales, que permite financiar obras prioritarias en cada localidad.<br \/>\u00a0<br \/>A su vez, los convenios retoman los lineamientos del Pacto de Gobernanza II, que profundiza el trabajo conjunto para garantizar una respuesta m\u00e1s r\u00e1pida a las demandas y asegurar que los servicios p\u00fablicos lleguen a todos los neuquinos, independientemente de d\u00f3nde vivan.<\/p>\n<\/p><\/div>\n<p><script type=\"791f0eff9e6b100914657a94-text\/javascript\">\n    window.addEventListener('load', () => {\n        if (typeof FB !== 'undefined' && FB.init) {\n            \/\/ La SDK de Facebook est\u00e1 inicializada\n        } else {\n            \/\/ La SDK de Facebook no est\u00e1 inicializada\n            var script = document.createElement('script');\n            script.async = true;\n            script.defer = true;\n            script.crossOrigin = 'anonymous';\n            script.src=\"https:\/\/connect.facebook.net\/es_LA\/sdk.js#xfbml=1&version=v17.0&appId=868452105110858&autoLogAppEvents=1\";\n            script.nonce=\"eBgX2sTe\";\n            document.head.appendChild(script);\n        }\n        \/* FIX YOUTUBE (fix width) *\/\n        var youtubeIframes = document.querySelectorAll('iframe[src*=\"youtube.com\/embed\"]');\n        youtubeIframes.forEach(function(iframe) {\n            var containerWidth = iframe.parentElement.clientWidth || iframe.parentElement.offsetWidth;\n            if(containerWidth && iframe.width > containerWidth){\n                iframe.width = containerWidth;\n                iframe.height = (containerWidth \/ 16) * 9; \/\/ Assuming a 16:9 aspect ratio\n            }\n        });\n    });\n<\/script><\/p>\n","protected":false},"excerpt":{"rendered":"<p>Con una inversi\u00f3n que supera los 590 millones de pesos. Los fondos ser\u00e1n otorgados como aporte reintegrable y responden a los compromisos asumidos en los Pactos de Gobernanza.&#13; El gobernador Rolando Figueroa y el intendente Gonzalo N\u00fa\u00f1ez, firmaron este martes dos convenios para ejecutar obras clave en San Patricio del Cha\u00f1ar. \u00a0Con una inversi\u00f3n que [&hellip;]<\/p>\n","protected":false},"author":1,"featured_media":14930,"comment_status":"","ping_status":"","sticky":false,"template":"","format":"standard","meta":{"_monsterinsights_skip_tracking":false,"_monsterinsights_sitenote_active":false,"_monsterinsights_sitenote_note":"","_monsterinsights_sitenote_category":0,"footnotes":"","jetpack_publicize_message":"","jetpack_publicize_feature_enabled":true,"jetpack_social_post_already_shared":true,"jetpack_social_options":{"image_generator_settings":{"template":"highway","default_image_id":0,"font":"","enabled":false},"version":2}},"categories":[4],"tags":[239,29,691,1560,246,287,238,79,237],"class_list":["post-14929","post","type-post","status-publish","format-standard","has-post-thumbnail","hentry","category-regionales","tag-chanar","tag-del","tag-energia","tag-financiara","tag-gas","tag-obras","tag-patricio","tag-provincia","tag-san"],"aioseo_notices":[],"jetpack_publicize_connections":[],"amp_enabled":true,"_links":{"self":[{"href":"https:\/\/noticiasdeangostura.com.ar\/index.php?rest_route=\/wp\/v2\/posts\/14929","targetHints":{"allow":["GET"]}}],"collection":[{"href":"https:\/\/noticiasdeangostura.com.ar\/index.php?rest_route=\/wp\/v2\/posts"}],"about":[{"href":"https:\/\/noticiasdeangostura.com.ar\/index.php?rest_route=\/wp\/v2\/types\/post"}],"author":[{"embeddable":true,"href":"https:\/\/noticiasdeangostura.com.ar\/index.php?rest_route=\/wp\/v2\/users\/1"}],"replies":[{"embeddable":true,"href":"https:\/\/noticiasdeangostura.com.ar\/index.php?rest_route=%2Fwp%2Fv2%2Fcomments&post=14929"}],"version-history":[{"count":0,"href":"https:\/\/noticiasdeangostura.com.ar\/index.php?rest_route=\/wp\/v2\/posts\/14929\/revisions"}],"wp:featuredmedia":[{"embeddable":true,"href":"https:\/\/noticiasdeangostura.com.ar\/index.php?rest_route=\/wp\/v2\/media\/14930"}],"wp:attachment":[{"href":"https:\/\/noticiasdeangostura.com.ar\/index.php?rest_route=%2Fwp%2Fv2%2Fmedia&parent=14929"}],"wp:term":[{"taxonomy":"category","embeddable":true,"href":"https:\/\/noticiasdeangostura.com.ar\/index.php?rest_route=%2Fwp%2Fv2%2Fcategories&post=14929"},{"taxonomy":"post_tag","embeddable":true,"href":"https:\/\/noticiasdeangostura.com.ar\/index.php?rest_route=%2Fwp%2Fv2%2Ftags&post=14929"}],"curies":[{"name":"wp","href":"https:\/\/api.w.org\/{rel}","templated":true}]}}