{"id":14933,"date":"2026-04-29T00:08:32","date_gmt":"2026-04-29T03:08:32","guid":{"rendered":"https:\/\/noticiasdeangostura.com.ar\/?p=14933"},"modified":"2026-04-29T00:08:32","modified_gmt":"2026-04-29T03:08:32","slug":"reforma-laboral-rechazan-el-intento-de-la-cgt-de-llevar-la-causa-a-la-justicia-del-trabajo","status":"publish","type":"post","link":"https:\/\/noticiasdeangostura.com.ar\/?p=14933","title":{"rendered":"Reforma laboral: rechazan el intento de la CGT de llevar la causa a la Justicia del Trabajo"},"content":{"rendered":"<p> <br \/>\n<br \/><\/p>\n<p>La C\u00e1mara en lo Contencioso Administrativo Federal resolvi\u00f3 que el expediente contra el Estado Nacional debe continuar en ese fuero. La central obrera reclama la inconstitucionalidad de la reforma laboral.<\/p>\n<div>\n<p>La <strong>C\u00e1mara Nacional de Apelaciones en lo Contencioso Administrativo Federal<\/strong> resolvi\u00f3 este martes que la causa <strong>iniciada por la CGT contra el Estado Nacional<\/strong> por la <strong>reforma laboral<\/strong> deber\u00e1 tramitarse en ese fuero y no en la Justicia Nacional del Trabajo.<\/p>\n<p>La decisi\u00f3n representa un nuevo fallo favorable para el Gobierno nacional en la disputa judicial por la reforma laboral. Tambi\u00e9n implica un rev\u00e9s para la estrategia de la central obrera, que buscaba que el expediente quedara bajo la \u00f3rbita del fuero laboral.<\/p>\n<p>El fallo fue firmado por los jueces Rogelio Vincenti y Marcelo Daniel Duffy, integrantes de la Sala IV, seg\u00fan confirm\u00f3 la Agencia Noticias Argentinas. La resoluci\u00f3n coincidi\u00f3 con la postura que hab\u00eda sostenido la Casa Rosada, que pidi\u00f3 mantener la causa en el fuero Contencioso Administrativo Federal.<\/p>\n<h2>El origen del conflicto judicial<\/h2>\n<p>La controversia se origin\u00f3 cuando el Juzgado Nacional en lo Contencioso Administrativo Federal N\u00b012 se declar\u00f3 competente para intervenir en la causa. Luego,<strong> el Juzgado Nacional del Trabajo N\u00b063 rechaz\u00f3 ese criterio y dispuso remitir las actuaciones a la C\u00e1mara del Trabajo.<\/strong><\/p>\n<p>Ante esa situaci\u00f3n, la C\u00e1mara en lo Contencioso Administrativo Federal resolvi\u00f3 que le correspond\u00eda intervenir para dirimir la contienda de competencia. Con ese criterio, determin\u00f3 que<strong> el expediente debe continuar en ese fuero<\/strong>, de acuerdo con la ley 26.854 y la jurisprudencia de la Corte Suprema.<\/p>\n<p>En su resoluci\u00f3n, el tribunal cuestion\u00f3 el tr\u00e1mite adoptado por el juzgado laboral. Los camaristas se\u00f1alaron que se apart\u00f3 del procedimiento previsto para este tipo de planteos y que gener\u00f3 un conflicto innecesario, con impacto sobre la celeridad del proceso.<\/p>\n<h2>Los argumentos del fallo<\/h2>\n<p>Al analizar la cuesti\u00f3n, los jueces consideraron que el caso involucra aspectos federales que exceden el \u00e1mbito espec\u00edfico del derecho laboral. Entre ellos, mencionaron la validez de una ley sancionada por el Congreso y la organizaci\u00f3n de la competencia judicial.<\/p>\n<p>Con esa interpretaci\u00f3n,<strong> la C\u00e1mara entendi\u00f3 que el planteo debe ser tratado por el fuero Contencioso Administrativo<\/strong> Federal, donde se tramitan causas vinculadas con la actuaci\u00f3n del Estado Nacional y la constitucionalidad de normas federales.<\/p>\n<p>La decisi\u00f3n no resuelve el fondo del planteo de la CGT. Es decir, no define si la reforma laboral es constitucional o no. Lo que establece es qu\u00e9 fuero deber\u00e1 intervenir en esta etapa del expediente.<\/p>\n<h2>Rev\u00e9s para la estrategia de la CGT<\/h2>\n<p>La CGT hab\u00eda iniciado la acci\u00f3n judicial para reclamar la inconstitucionalidad de la reforma laboral. En ese marco, busc\u00f3 que la causa se tramitara en la <strong>Justicia Nacional del Trabajo<\/strong>, por considerar que la discusi\u00f3n afecta derechos laborales y colectivos.<\/p>\n<p>El Gobierno, en cambio, sostuvo que el expediente deb\u00eda continuar en el fuero Contencioso Administrativo Federal por tratarse de una demanda contra el <strong>Estado Nacional<\/strong> y por estar en debate la validez de una norma de alcance federal.<\/p>\n<p>Con el fallo de la Sala IV, la causa seguir\u00e1 en el fuero reclamado por la <strong>Casa Rosada<\/strong>. De todos modos, por la naturaleza del planteo y por el alcance institucional de la discusi\u00f3n, el expediente podr\u00eda tener un recorrido judicial m\u00e1s extenso hasta llegar a la Corte Suprema de Justicia.<\/p>\n<p>\u00a0<\/p>\n<\/p><\/div>\n","protected":false},"excerpt":{"rendered":"<p>La C\u00e1mara en lo Contencioso Administrativo Federal resolvi\u00f3 que el expediente contra el Estado Nacional debe continuar en ese fuero. La central obrera reclama la inconstitucionalidad de la reforma laboral. La C\u00e1mara Nacional de Apelaciones en lo Contencioso Administrativo Federal resolvi\u00f3 este martes que la causa iniciada por la CGT contra el Estado Nacional por [&hellip;]<\/p>\n","protected":false},"author":1,"featured_media":14934,"comment_status":"","ping_status":"","sticky":false,"template":"","format":"standard","meta":{"_monsterinsights_skip_tracking":false,"_monsterinsights_sitenote_active":false,"_monsterinsights_sitenote_note":"","_monsterinsights_sitenote_category":0,"footnotes":"","jetpack_publicize_message":"","jetpack_publicize_feature_enabled":true,"jetpack_social_post_already_shared":true,"jetpack_social_options":{"image_generator_settings":{"template":"highway","default_image_id":0,"font":"","enabled":false},"version":2}},"categories":[1],"tags":[],"class_list":["post-14933","post","type-post","status-publish","format-standard","has-post-thumbnail","hentry","category-ultimas-noticias"],"aioseo_notices":[],"jetpack_publicize_connections":[],"amp_enabled":true,"_links":{"self":[{"href":"https:\/\/noticiasdeangostura.com.ar\/index.php?rest_route=\/wp\/v2\/posts\/14933","targetHints":{"allow":["GET"]}}],"collection":[{"href":"https:\/\/noticiasdeangostura.com.ar\/index.php?rest_route=\/wp\/v2\/posts"}],"about":[{"href":"https:\/\/noticiasdeangostura.com.ar\/index.php?rest_route=\/wp\/v2\/types\/post"}],"author":[{"embeddable":true,"href":"https:\/\/noticiasdeangostura.com.ar\/index.php?rest_route=\/wp\/v2\/users\/1"}],"replies":[{"embeddable":true,"href":"https:\/\/noticiasdeangostura.com.ar\/index.php?rest_route=%2Fwp%2Fv2%2Fcomments&post=14933"}],"version-history":[{"count":0,"href":"https:\/\/noticiasdeangostura.com.ar\/index.php?rest_route=\/wp\/v2\/posts\/14933\/revisions"}],"wp:featuredmedia":[{"embeddable":true,"href":"https:\/\/noticiasdeangostura.com.ar\/index.php?rest_route=\/wp\/v2\/media\/14934"}],"wp:attachment":[{"href":"https:\/\/noticiasdeangostura.com.ar\/index.php?rest_route=%2Fwp%2Fv2%2Fmedia&parent=14933"}],"wp:term":[{"taxonomy":"category","embeddable":true,"href":"https:\/\/noticiasdeangostura.com.ar\/index.php?rest_route=%2Fwp%2Fv2%2Fcategories&post=14933"},{"taxonomy":"post_tag","embeddable":true,"href":"https:\/\/noticiasdeangostura.com.ar\/index.php?rest_route=%2Fwp%2Fv2%2Ftags&post=14933"}],"curies":[{"name":"wp","href":"https:\/\/api.w.org\/{rel}","templated":true}]}}