{"id":14935,"date":"2026-04-29T00:09:56","date_gmt":"2026-04-29T03:09:56","guid":{"rendered":"https:\/\/noticiasdeangostura.com.ar\/?p=14935"},"modified":"2026-04-29T00:09:56","modified_gmt":"2026-04-29T03:09:56","slug":"cena-de-la-fundacion-libertad-mesas-por-afinidad-y-el-pedido-de-karina-milei","status":"publish","type":"post","link":"https:\/\/noticiasdeangostura.com.ar\/?p=14935","title":{"rendered":"Cena de la Fundaci\u00f3n Libertad: mesas por afinidad y el pedido de Karina Milei"},"content":{"rendered":"<p> <br \/>\n<br \/><\/p>\n<p>\t\t\t\t\t\tEn la cena de la Fundaci\u00f3n Libertad hubo dos mesas de cabecera: una para Javier Milei y otra para Mauricio Macri. El evento anual del think tank se convirti\u00f3 en una cita obligada para los referentes de la derecha argentina y en la \u00faltima edici\u00f3n intentaron estar todos: hubo asistencia casi perfecta del Gabinete libertario, presencia fuerte del PRO y del empresariado. Lugares asignados por afinidad y el pedido de Karina Milei: sentarse con sus aliad\u00edsimos.     El periodista Lautaro Maislin cont\u00f3 c\u00f3mo se orden\u00f3 a los invitados en las mesas 5 y 6, las principales. Tambi\u00e9n qui\u00e9nes tuvieron su lugar reservado en la 4, destinada a los ministros y funcionarios de m\u00e1xima confianza de Milei. Al d\u00eda siguiente del evento hubo tranquilidad entre los organizadores: aunque hubo roces y tensiones, nada se sali\u00f3 de guion.     Karina Milei y sus invitados especiales: Mart\u00edn Menem y Manuel Adorni    Cuando recibi\u00f3 la invitaci\u00f3n, Karina Milei le hizo saber a los organizadores de la cena que iba a asistir junto a Manuel Adorni y Mart\u00edn Menem. La funcionaria, adem\u00e1s, pidi\u00f3 que sus invitados especiales tuvieran un lugar en la mesa central. <\/p>\n<p>        Esto no les gusta a los autoritarios<\/p>\n<p>                El ejercicio del periodismo profesional y cr\u00edtico es un pilar fundamental de la democracia. Por eso molesta a quienes creen ser los due\u00f1os de la verdad.<\/p>\n<p>    Milei recibi\u00f3 el Premio Libertad 2026, y llam\u00f3 \u00abhorrible\u00bb al n\u00famero de inflaci\u00f3n, pero dijo que no se apartar\u00e1 \u00abun \u00e1pice\u00bb de su plan    A \u00faltimo momento, el presidente de la C\u00e1mara de Diputados se disculp\u00f3 y avis\u00f3 que no pod\u00eda asistir. Adorni no se la perdi\u00f3. Una vez m\u00e1s, los hermanos Milei ratificaron el respaldo al jefe de Gabinete mientras avanza la investigaci\u00f3n en su contra por presunto enriquecimiento il\u00edcito.     Adorni lleg\u00f3 con el presidente y su hermana, escuch\u00f3 el discurso y se fue. No hubo tiempo para interactuar. En su mesa, la 5, tambi\u00e9n se sentaron el ministro de Desregulaci\u00f3n y su esposa, Federico Sturzenegger y Josefina Roulliet, la ministra de Seguridad y su esposo, Patricia Bullrich y Guillermo Yanco; el ministro de Econom\u00eda, Luis \u201cToto\u201d Caputo; y la diputada santafesina Romina Diez.     En representaci\u00f3n de la Fundaci\u00f3n Libertad estuvo su director, Alejandro Bongiovanni, que tambi\u00e9n es diputado por La Libertad Avanza. En su mesa tambi\u00e9n hubo un lugar reservado para la ministra de Capital Humano, Sandra Pettovello, quien a \u00faltimo momento avis\u00f3 que no pod\u00eda asistir.     Javier Milei volvi\u00f3 a apuntar contra los periodistas: \u00abEnsobrados y corruptos\u00bb    La presencia de Diez fue una de las que m\u00e1s llam\u00f3 la atenci\u00f3n, ya que era una mesa de la primera l\u00ednea del Gabinete. Sin embargo, la diputada es amiga de Karina Milei (la variable que parece explicar casi todo en el Gobierno), presidenta de La Libertad Avanza en Santa Fe y estuvo vinculada durante a\u00f1os a la Fundaci\u00f3n Libertad.     Para la economista se trat\u00f3 de una plataforma clave desde donde construir lazos pol\u00edticos. Diez, adem\u00e1s, es de Rosario, la ciudad donde naci\u00f3 el think tank, y se conoce \u00abde toda la vida\u00bb, seg\u00fan cuentan en su entorno, con sus directivos. El v\u00ednculo es tan cercano que Bongiovanni es el padrino de su hija.     Libertarios presentes: \u00bfla tropa karinista borr\u00f3 a Las Fuerzas del Cielo?    La mesa 4 estuvo reservada para un grupo de funcionarios de la primera l\u00ednea del Gobierno. All\u00ed se sentaron la ministra de Seguridad, Alejandra Monteoliva; el ministro de Salud, Mario Lugones; el ministro de Justicia, Juan Bautista Mahiques; y el ministro de Defensa, Carlos Presti.     Los lugares de la mesa 4 se completaron con caras conocidas, como la del senador Luis Petri y su pareja, Cristina P\u00e9rez, y con personajes de m\u00e1s bajo perfil, como el titular de YPF, Horacio Mar\u00edn; los vice de Econom\u00eda y Justicia, Jos\u00e9 Luis Daza y Santiago Viola; el secretario de jefatura de Gabinete, Guillermo Davitt; y el presidente del Banco Central, Santiago Bausili, junto a su vice Vladimir Werning.     D\u00f3lar atrasado y pases de factura: el reclamo empresario detr\u00e1s del show ortodoxo de Milei    En plena escalada de la interna del Gobierno, cerca de los organizadores negaron que el karinismo le haya bajado el pulgar a Santiago Caputo, que no estuvo presente.    En 2025, una de las noticias principales del evento fue la participaci\u00f3n del asesor y la mesa que estuvo asignada a sus militantes. Esta vez, no pas\u00f3. \u00abLo extra\u00f1o no es que haya faltado, sino que el a\u00f1o pasado haya ido. Santiago nunca asiste a este tipo de eventos y no pas\u00f3 nada raro ahora\u201d, dijeron para despejar dudas. Tampoco hubo lugar para nombres fuertes de Las Fuerzas del Cielo, como el de Daniel \u201cEl Gordo Dan\u201d Parisini o Agust\u00edn Romo.     Quejas del PRO y el \u201cbuen humor\u201d de su antigua l\u00edder    Mientras que Alejandro Bongiovanni se sent\u00f3 en la mesa 5, su hermano y presidente de la Fundaci\u00f3n Libertad, Gerardo Bongiovanni, se ubic\u00f3 en la 6 junto a Macri.    El expresidente estuvo acompa\u00f1ado por un grupo variopinto: \u00c1lvaro Vargas Llosa, hijo del reconocido escritor peruano; el economista Alberto Benegas Lynch (h); el empresario farmac\u00e9utico Alejandro Roemmers; el economista Ignacio Bongiovanni; los empresarios del mundo de la medicina privada, Mario y Luciano Tourn; el jefe de Gabinete porte\u00f1o Gabriel S\u00e1nchez Zinny; y el director del Adam Smith Center for Economic Freedom, Carlos D\u00edaz-Rosillo.     Mauricio Macri en la cena de la Fundaci\u00f3n Libertad: \u00abEl populismo se est\u00e1 agotando\u00bb    Al d\u00eda siguiente de la cena, uno de los principales comentarios fue el abrazo entre Macri y Bullrich. \u201cPatricia siempre saluda a Mauricio. Adem\u00e1s, estaba de muy buen humor. Ella es expansiva\u201d, cont\u00f3 un testigo del saludo.     No todos estuvieron contentos. Hubo dirigentes del PRO que se quejaron porque se sintieron \u201cmuy castigados\u201d con el discurso del presidente, que cuestion\u00f3 las pol\u00edticas que se llevaron adelante en el pa\u00eds en las \u00faltimas d\u00e9cadas.    Desde el PRO le hab\u00edan pedido a los organizadores de la cena que no dejaran afuera de la cena al cordob\u00e9s Rodrigo De Loredo, a quien se lo vio alegre y bromeando: \u201cEstaba chocho porque todos los gr\u00e1ficos que mostr\u00f3 Milei fueron del kirchnerismo y del macrismo y ninguno de los tiempos radicales\u201d, contaron entre risas otros invitados.     Como contracara del abrazo Bullrich-Macri, una de las noticias de la cena fue la frialdad entre el expresidente y Milei. No se saludaron ni cruzaron palabras. Entre quienes defienden la alianza entre el PRO y La Libertad Avanza intentaron bajarle el precio al distanciamiento, a pesar de que fue uno de los comentarios de la noche.         ML  <\/p>\n","protected":false},"excerpt":{"rendered":"<p>En la cena de la Fundaci\u00f3n Libertad hubo dos mesas de cabecera: una para Javier Milei y otra para Mauricio Macri. El evento anual del think tank se convirti\u00f3 en una cita obligada para los referentes de la derecha argentina y en la \u00faltima edici\u00f3n intentaron estar todos: hubo asistencia casi perfecta del Gabinete libertario, [&hellip;]<\/p>\n","protected":false},"author":1,"featured_media":14936,"comment_status":"","ping_status":"","sticky":false,"template":"","format":"standard","meta":{"_monsterinsights_skip_tracking":false,"_monsterinsights_sitenote_active":false,"_monsterinsights_sitenote_note":"","_monsterinsights_sitenote_category":0,"footnotes":"","jetpack_publicize_message":"","jetpack_publicize_feature_enabled":true,"jetpack_social_post_already_shared":true,"jetpack_social_options":{"image_generator_settings":{"template":"highway","default_image_id":0,"font":"","enabled":false},"version":2}},"categories":[11],"tags":[],"class_list":["post-14935","post","type-post","status-publish","format-standard","has-post-thumbnail","hentry","category-actualidad"],"aioseo_notices":[],"jetpack_publicize_connections":[],"amp_enabled":true,"_links":{"self":[{"href":"https:\/\/noticiasdeangostura.com.ar\/index.php?rest_route=\/wp\/v2\/posts\/14935","targetHints":{"allow":["GET"]}}],"collection":[{"href":"https:\/\/noticiasdeangostura.com.ar\/index.php?rest_route=\/wp\/v2\/posts"}],"about":[{"href":"https:\/\/noticiasdeangostura.com.ar\/index.php?rest_route=\/wp\/v2\/types\/post"}],"author":[{"embeddable":true,"href":"https:\/\/noticiasdeangostura.com.ar\/index.php?rest_route=\/wp\/v2\/users\/1"}],"replies":[{"embeddable":true,"href":"https:\/\/noticiasdeangostura.com.ar\/index.php?rest_route=%2Fwp%2Fv2%2Fcomments&post=14935"}],"version-history":[{"count":0,"href":"https:\/\/noticiasdeangostura.com.ar\/index.php?rest_route=\/wp\/v2\/posts\/14935\/revisions"}],"wp:featuredmedia":[{"embeddable":true,"href":"https:\/\/noticiasdeangostura.com.ar\/index.php?rest_route=\/wp\/v2\/media\/14936"}],"wp:attachment":[{"href":"https:\/\/noticiasdeangostura.com.ar\/index.php?rest_route=%2Fwp%2Fv2%2Fmedia&parent=14935"}],"wp:term":[{"taxonomy":"category","embeddable":true,"href":"https:\/\/noticiasdeangostura.com.ar\/index.php?rest_route=%2Fwp%2Fv2%2Fcategories&post=14935"},{"taxonomy":"post_tag","embeddable":true,"href":"https:\/\/noticiasdeangostura.com.ar\/index.php?rest_route=%2Fwp%2Fv2%2Ftags&post=14935"}],"curies":[{"name":"wp","href":"https:\/\/api.w.org\/{rel}","templated":true}]}}