{"id":14942,"date":"2026-04-29T00:52:50","date_gmt":"2026-04-29T03:52:50","guid":{"rendered":"https:\/\/noticiasdeangostura.com.ar\/?p=14942"},"modified":"2026-04-29T00:52:50","modified_gmt":"2026-04-29T03:52:50","slug":"allanamientos-en-neuquen-en-una-investigacion-por-explotacion-sexual-infantil","status":"publish","type":"post","link":"https:\/\/noticiasdeangostura.com.ar\/?p=14942","title":{"rendered":"Allanamientos en Neuqu\u00e9n en una investigaci\u00f3n por explotaci\u00f3n sexual infantil"},"content":{"rendered":"<p> <br \/>\n<br \/><\/p>\n<p>El Ministerio P\u00fablico Fiscal particip\u00f3 del operativo \u201cAliados por la infancia VI\u201d, realizado en 16 pa\u00edses. Secuestraron dispositivos electr\u00f3nicos y se identific\u00f3 a los ocupantes de dos domicilios.<\/p>\n<div>\n<p>El Ministerio P\u00fablico Fiscal (MPF) particip\u00f3 de la operaci\u00f3n internacional \u201cAliados por la infancia VI\u201d, que se desarroll\u00f3 en 16 pa\u00edses en el marco de investigaciones por delitos vinculados a la explotaci\u00f3n sexual de ni\u00f1os, ni\u00f1as y adolescentes.<\/p>\n<p>El organismo intervino mediante dos allanamientos en la ciudad de Neuqu\u00e9n, requeridos por la fiscal\u00eda de Violencia contra las Mujeres, Diversidades y Delitos Sexuales.<\/p>\n<p>Los procedimientos fueron realizados durante la ma\u00f1ana por el fiscal jefe <span class=\"hover:entity-accent entity-underline inline cursor-pointer align-baseline\"><span class=\"whitespace-normal\">Maximiliano Breide Obeid<\/span><\/span> y la asistente letrada <span class=\"hover:entity-accent entity-underline inline cursor-pointer align-baseline\"><span class=\"whitespace-normal\">Cecilia Sabatt\u00e9<\/span><\/span>, junto a personal de la Polic\u00eda provincial. Las medidas fueron autorizadas por el juez de garant\u00edas <span class=\"hover:entity-accent entity-underline inline cursor-pointer align-baseline\"><span class=\"whitespace-normal\">Ra\u00fal Aufranc<\/span><\/span>.<\/p>\n<p>La operaci\u00f3n involucr\u00f3 a 16 pa\u00edses \u2014entre ellos Argentina, Brasil, Uruguay, Colombia y Per\u00fa\u2014 adem\u00e1s de distintas provincias argentinas.<\/p>\n<p>En el caso de Neuqu\u00e9n, el MPF tom\u00f3 intervenci\u00f3n por una investigaci\u00f3n iniciada a mediados de febrero tras un reporte emitido por la Unidad Fiscal Especializada en Delitos y Contravenciones Inform\u00e1ticas de la Ciudad de Buenos Aires, en el marco del convenio de cooperaci\u00f3n internacional con el sistema estadounidense ICACCOPS (Internet Crimes Against Children Online Protection System).<\/p>\n<p>A partir de ese informe, la fiscal\u00eda fue alertada sobre accesos vinculados a actividades de almacenamiento y distribuci\u00f3n de material de explotaci\u00f3n sexual infantil, asociados a distintas direcciones IP.<\/p>\n<p class=\"noEditable noticia-relacionada\" data-id=\"332805\"><ampiframe src=\"https:\/\/www.noticiasnqn.com.ar\/api\/noticias\/332805\/relacionadas?amp=1\" layout=\"fixed-height\" sandbox=\"allow-top-navigation allow-top-navigation-by-user-activation allow-scripts \" height=\"100px\"> <b placeholder=\"\">Lee tambi\u00e9n: Las Fuerzas Armadas realizaron el operativo \u201cKek\u00e9n\u201d para simular un ataque a pozos petroleros<\/b> <\/ampiframe><\/p>\n<p>Mediante requerimientos a empresas de telefon\u00eda, la fiscal\u00eda y la Polic\u00eda pudieron determinar dos domicilios en la capital provincial donde se realizaron los allanamientos.<\/p>\n<p>El objetivo fue secuestrar computadoras, tablets y tel\u00e9fonos m\u00f3viles, adem\u00e1s de dispositivos de almacenamiento externo \u2014discos duros, pendrives y tarjetas de memoria\u2014 y todo otro elemento de inter\u00e9s para la investigaci\u00f3n. Tambi\u00e9n fueron identificadas las personas que habitan en cada vivienda.<\/p>\n<p>Luego de procesar la informaci\u00f3n recolectada durante los procedimientos, la fiscal\u00eda determinar\u00e1 los pr\u00f3ximos pasos en el contexto de la investigaci\u00f3n.<\/p>\n<\/p><\/div>\n","protected":false},"excerpt":{"rendered":"<p>El Ministerio P\u00fablico Fiscal particip\u00f3 del operativo \u201cAliados por la infancia VI\u201d, realizado en 16 pa\u00edses. Secuestraron dispositivos electr\u00f3nicos y se identific\u00f3 a los ocupantes de dos domicilios. El Ministerio P\u00fablico Fiscal (MPF) particip\u00f3 de la operaci\u00f3n internacional \u201cAliados por la infancia VI\u201d, que se desarroll\u00f3 en 16 pa\u00edses en el marco de investigaciones por [&hellip;]<\/p>\n","protected":false},"author":1,"featured_media":14943,"comment_status":"","ping_status":"","sticky":false,"template":"","format":"standard","meta":{"_monsterinsights_skip_tracking":false,"_monsterinsights_sitenote_active":false,"_monsterinsights_sitenote_note":"","_monsterinsights_sitenote_category":0,"footnotes":"","jetpack_publicize_message":"","jetpack_publicize_feature_enabled":true,"jetpack_social_post_already_shared":true,"jetpack_social_options":{"image_generator_settings":{"template":"highway","default_image_id":0,"font":"","enabled":false},"version":2}},"categories":[1],"tags":[],"class_list":["post-14942","post","type-post","status-publish","format-standard","has-post-thumbnail","hentry","category-ultimas-noticias"],"aioseo_notices":[],"jetpack_publicize_connections":[],"amp_enabled":true,"_links":{"self":[{"href":"https:\/\/noticiasdeangostura.com.ar\/index.php?rest_route=\/wp\/v2\/posts\/14942","targetHints":{"allow":["GET"]}}],"collection":[{"href":"https:\/\/noticiasdeangostura.com.ar\/index.php?rest_route=\/wp\/v2\/posts"}],"about":[{"href":"https:\/\/noticiasdeangostura.com.ar\/index.php?rest_route=\/wp\/v2\/types\/post"}],"author":[{"embeddable":true,"href":"https:\/\/noticiasdeangostura.com.ar\/index.php?rest_route=\/wp\/v2\/users\/1"}],"replies":[{"embeddable":true,"href":"https:\/\/noticiasdeangostura.com.ar\/index.php?rest_route=%2Fwp%2Fv2%2Fcomments&post=14942"}],"version-history":[{"count":0,"href":"https:\/\/noticiasdeangostura.com.ar\/index.php?rest_route=\/wp\/v2\/posts\/14942\/revisions"}],"wp:featuredmedia":[{"embeddable":true,"href":"https:\/\/noticiasdeangostura.com.ar\/index.php?rest_route=\/wp\/v2\/media\/14943"}],"wp:attachment":[{"href":"https:\/\/noticiasdeangostura.com.ar\/index.php?rest_route=%2Fwp%2Fv2%2Fmedia&parent=14942"}],"wp:term":[{"taxonomy":"category","embeddable":true,"href":"https:\/\/noticiasdeangostura.com.ar\/index.php?rest_route=%2Fwp%2Fv2%2Fcategories&post=14942"},{"taxonomy":"post_tag","embeddable":true,"href":"https:\/\/noticiasdeangostura.com.ar\/index.php?rest_route=%2Fwp%2Fv2%2Ftags&post=14942"}],"curies":[{"name":"wp","href":"https:\/\/api.w.org\/{rel}","templated":true}]}}