{"id":14944,"date":"2026-04-29T01:06:01","date_gmt":"2026-04-29T04:06:01","guid":{"rendered":"https:\/\/noticiasdeangostura.com.ar\/?p=14944"},"modified":"2026-04-29T01:06:01","modified_gmt":"2026-04-29T04:06:01","slug":"anide-busca-fortalecer-el-sistema-cientifico-y-su-vinculacion-con-el-territorio-y-la-innovacion","status":"publish","type":"post","link":"https:\/\/noticiasdeangostura.com.ar\/?p=14944","title":{"rendered":"ANIDE busca fortalecer el sistema cient\u00edfico y su vinculaci\u00f3n con el territorio y la innovaci\u00f3n"},"content":{"rendered":"<p> <br \/>\n<br \/><\/p>\n<p>Se realiz\u00f3 la primera reuni\u00f3n del a\u00f1o del directorio de la Agencia. El eje del encuentro fue consolidar una agenda orientada al fortalecimiento del sistema cient\u00edfico, su articulaci\u00f3n con el territorio, la innovaci\u00f3n y el desarrollo de la provincia.<\/p>\n<div>\n<p>La Agencia Neuquina de Innovaci\u00f3n para el Desarrollo (ANIDE) llev\u00f3 adelante la primera reuni\u00f3n de su directorio correspondiente a 2026, en sus oficinas de la ciudad de Neuqu\u00e9n. El objetivo del encuentro fue consolidar una agenda com\u00fan orientada al fortalecimiento del sistema cient\u00edfico, su articulaci\u00f3n con el territorio, la innovaci\u00f3n y el desarrollo de la provincia.<\/p>\n<p>Uno de los ejes centrales del encuentro fue la presentaci\u00f3n de la propuesta Ciencia en Territorio, una iniciativa que propone un nuevo enfoque para el desarrollo cient\u00edfico en la provincia, orientado a vincular capacidades del sistema cient\u00edfico-tecnol\u00f3gico con problem\u00e1ticas concretas de las siete regiones. A trav\u00e9s de esta l\u00ednea, se busca transformar desaf\u00edos locales en proyectos de investigaci\u00f3n, desarrollo e innovaci\u00f3n con impacto directo en el territorio.<\/p>\n<p>Tambi\u00e9n se compartieron avances en la implementaci\u00f3n del Observatorio de Ciencia, Tecnolog\u00eda e Innovaci\u00f3n, una herramienta estrat\u00e9gica prevista por la ley de creaci\u00f3n de la Agencia, orientada a la generaci\u00f3n de informaci\u00f3n clave para la toma de decisiones, la identificaci\u00f3n de oportunidades y el seguimiento de las pol\u00edticas p\u00fablicas en la materia.<\/p>\n<p>Asimismo, se abordaron nuevos ejes de trabajo vinculados al incentivo de vocaciones cient\u00edficas, con el objetivo de acercar a j\u00f3venes al mundo de la ciencia y la tecnolog\u00eda, y a la comunicaci\u00f3n p\u00fablica de la ciencia, orientada a fortalecer el v\u00ednculo entre el conocimiento cient\u00edfico y la comunidad.<\/p>\n<p>Durante la reuni\u00f3n tambi\u00e9n se presentaron avances en l\u00edneas de acci\u00f3n en curso, entre ellas las pol\u00edticas de financiamiento, el desarrollo de la econom\u00eda del conocimiento y la expansi\u00f3n de la Red Neuquina de Rob\u00f3tica e Innovaci\u00f3n, que contin\u00faa consolid\u00e1ndose como una herramienta clave para la formaci\u00f3n y el acceso a tecnolog\u00edas en todo el territorio provincial.<\/p>\n<p>El encuentro incluy\u00f3 un espacio de intercambio entre los integrantes del directorio, en el que se realizaron aportes y se definieron pr\u00f3ximos pasos, como parte del proceso de regularizaci\u00f3n y actualizaci\u00f3n de sus representantes.<\/p>\n<p>El directorio de ANIDE est\u00e1 integrado por representantes del sector p\u00fablico, el sistema cient\u00edfico, el \u00e1mbito acad\u00e9mico, el sector privado y organizaciones de la sociedad civil, constituy\u00e9ndose como un espacio estrat\u00e9gico para la construcci\u00f3n de pol\u00edticas p\u00fablicas que promuevan el desarrollo productivo basado en el conocimiento.<\/p>\n<p>Participaron de la reuni\u00f3n representantes de INTA, INTI, CONICET, la Universidad Nacional del Comahue (UNCo), la Universidad Tecnol\u00f3gica Nacional (UTN), el Cl\u00faster Infotech, la Fundaci\u00f3n Otras Voces, el Consejo Provincial de Educaci\u00f3n, COPADE y referentes regionales de la provincia, junto con el secretario ejecutivo de ANIDE, <strong>Joaqu\u00edn Perren<\/strong>.<\/p>\n<\/p><\/div>\n<p><script type=\"381e4a889f394c2d38d51de1-text\/javascript\">\n    window.addEventListener('load', () => {\n        if (typeof FB !== 'undefined' && FB.init) {\n            \/\/ La SDK de Facebook est\u00e1 inicializada\n        } else {\n            \/\/ La SDK de Facebook no est\u00e1 inicializada\n            var script = document.createElement('script');\n            script.async = true;\n            script.defer = true;\n            script.crossOrigin = 'anonymous';\n            script.src=\"https:\/\/connect.facebook.net\/es_LA\/sdk.js#xfbml=1&version=v17.0&appId=868452105110858&autoLogAppEvents=1\";\n            script.nonce=\"eBgX2sTe\";\n            document.head.appendChild(script);\n        }\n        \/* FIX YOUTUBE (fix width) *\/\n        var youtubeIframes = document.querySelectorAll('iframe[src*=\"youtube.com\/embed\"]');\n        youtubeIframes.forEach(function(iframe) {\n            var containerWidth = iframe.parentElement.clientWidth || iframe.parentElement.offsetWidth;\n            if(containerWidth && iframe.width > containerWidth){\n                iframe.width = containerWidth;\n                iframe.height = (containerWidth \/ 16) * 9; \/\/ Assuming a 16:9 aspect ratio\n            }\n        });\n    });\n<\/script><script type=\"381e4a889f394c2d38d51de1-text\/javascript\">\n        window.addEventListener('load', () => {\n            if (typeof FB !== 'undefined' && FB.init) {\n                \/\/ La SDK de Facebook est\u00e1 inicializada\n            } else {\n                \/\/ La SDK de Facebook no est\u00e1 inicializada\n                var script = document.createElement('script');\n                script.async = true;\n                script.defer = true;\n                script.crossOrigin = 'anonymous';\n                script.src=\"https:\/\/connect.facebook.net\/es_LA\/sdk.js#xfbml=1&version=v17.0&appId=868452105110858&autoLogAppEvents=1\";\n                script.nonce=\"eBgX2sTe\";\n                document.head.appendChild(script);\n            }\n        });\n<\/script><\/p>\n","protected":false},"excerpt":{"rendered":"<p>Se realiz\u00f3 la primera reuni\u00f3n del a\u00f1o del directorio de la Agencia. El eje del encuentro fue consolidar una agenda orientada al fortalecimiento del sistema cient\u00edfico, su articulaci\u00f3n con el territorio, la innovaci\u00f3n y el desarrollo de la provincia. La Agencia Neuquina de Innovaci\u00f3n para el Desarrollo (ANIDE) llev\u00f3 adelante la primera reuni\u00f3n de su [&hellip;]<\/p>\n","protected":false},"author":1,"featured_media":14945,"comment_status":"","ping_status":"","sticky":false,"template":"","format":"standard","meta":{"_monsterinsights_skip_tracking":false,"_monsterinsights_sitenote_active":false,"_monsterinsights_sitenote_note":"","_monsterinsights_sitenote_category":0,"footnotes":"","jetpack_publicize_message":"","jetpack_publicize_feature_enabled":true,"jetpack_social_post_already_shared":true,"jetpack_social_options":{"image_generator_settings":{"template":"highway","default_image_id":0,"font":"","enabled":false},"version":2}},"categories":[4],"tags":[1128,389,2582,45,260,2033,73,291,2583],"class_list":["post-14944","post","type-post","status-publish","format-standard","has-post-thumbnail","hentry","category-regionales","tag-anide","tag-busca","tag-cientifico","tag-con","tag-fortalecer","tag-innovacion","tag-sistema","tag-territorio","tag-vinculacion"],"aioseo_notices":[],"jetpack_publicize_connections":[],"amp_enabled":true,"_links":{"self":[{"href":"https:\/\/noticiasdeangostura.com.ar\/index.php?rest_route=\/wp\/v2\/posts\/14944","targetHints":{"allow":["GET"]}}],"collection":[{"href":"https:\/\/noticiasdeangostura.com.ar\/index.php?rest_route=\/wp\/v2\/posts"}],"about":[{"href":"https:\/\/noticiasdeangostura.com.ar\/index.php?rest_route=\/wp\/v2\/types\/post"}],"author":[{"embeddable":true,"href":"https:\/\/noticiasdeangostura.com.ar\/index.php?rest_route=\/wp\/v2\/users\/1"}],"replies":[{"embeddable":true,"href":"https:\/\/noticiasdeangostura.com.ar\/index.php?rest_route=%2Fwp%2Fv2%2Fcomments&post=14944"}],"version-history":[{"count":0,"href":"https:\/\/noticiasdeangostura.com.ar\/index.php?rest_route=\/wp\/v2\/posts\/14944\/revisions"}],"wp:featuredmedia":[{"embeddable":true,"href":"https:\/\/noticiasdeangostura.com.ar\/index.php?rest_route=\/wp\/v2\/media\/14945"}],"wp:attachment":[{"href":"https:\/\/noticiasdeangostura.com.ar\/index.php?rest_route=%2Fwp%2Fv2%2Fmedia&parent=14944"}],"wp:term":[{"taxonomy":"category","embeddable":true,"href":"https:\/\/noticiasdeangostura.com.ar\/index.php?rest_route=%2Fwp%2Fv2%2Fcategories&post=14944"},{"taxonomy":"post_tag","embeddable":true,"href":"https:\/\/noticiasdeangostura.com.ar\/index.php?rest_route=%2Fwp%2Fv2%2Ftags&post=14944"}],"curies":[{"name":"wp","href":"https:\/\/api.w.org\/{rel}","templated":true}]}}