{"id":14960,"date":"2026-04-29T04:09:53","date_gmt":"2026-04-29T07:09:53","guid":{"rendered":"https:\/\/noticiasdeangostura.com.ar\/?p=14960"},"modified":"2026-04-29T04:09:53","modified_gmt":"2026-04-29T07:09:53","slug":"santa-cruz-descarta-proyectos-mineros-en-zonas-glaciares-la-medida-reafirma-su-politica-ambiental","status":"publish","type":"post","link":"https:\/\/noticiasdeangostura.com.ar\/?p=14960","title":{"rendered":"Santa Cruz descarta proyectos mineros en zonas glaciares: la medida reafirma su pol\u00edtica ambiental"},"content":{"rendered":"<p> <br \/>\n<\/p>\n<p>El Gobierno de Santa Cruz, a trav\u00e9s del\u00a0Ministerio de Energ\u00eda y Miner\u00eda, reafirm\u00f3 su compromiso con la\u00a0preservaci\u00f3n de los recursos naturales y llev\u00f3 tranquilidad\u00a0a la comunidad ante el reciente fallo de la\u00a0Justicia Federal\u00a0que suspendi\u00f3 la aplicaci\u00f3n de la reforma de la\u00a0Ley de Glaciares\u00a0en la provincia.\u00a0<\/p>\n<p>En ese marco, el ministro de Energ\u00eda y Miner\u00eda,\u00a0Jaime \u00c1lvarez, brind\u00f3 declaraciones a LU14 Radio Provincia, donde sostuvo que la\u00a0decisi\u00f3n judicial \u201csorprende\u201d, aunque remarc\u00f3 que\u00a0\u00abSanta Cruz cuenta con normativa propia\u00a0que resguarda el ambiente y ordena el desarrollo productivo\u00ab.\u00a0<\/p>\n<p>\u00c1lvarez explic\u00f3 que la provincia posee desde el a\u00f1o 2009 la\u00a0Ley\u00a0N\u00b0\u00a03.105\u00a0de zonificaci\u00f3n minera, una herramienta que incluso es previa a la Ley Nacional de Glaciares y que establece claramente las \u00e1reas donde pueden desarrollarse proyectos.\u00a0\u201cSanta Cruz ha sido pionera en este tipo de legislaci\u00f3n, contemplando no solo glaciares y nacientes de r\u00edos, sino tambi\u00e9n bosques nativos\u201d, se\u00f1al\u00f3.\u00a0<\/p>\n<p>Santa Cruz preserva sus recursos naturales\u00a0<\/p>\n<p>En ese sentido, el funcionario subray\u00f3 que no existen proyectos mineros ni\u00a0hidrocarbur\u00edferos\u00a0en cercan\u00eda de glaciares, y que la planificaci\u00f3n territorial vigente garantiza el resguardo de estos ecosistemas.\u00a0\u201cBajo ning\u00fan concepto la provincia va a ir en contra de la preservaci\u00f3n de sus recursos naturales, que son fundamentales para las futuras generaciones\u201d, afirm\u00f3.\u00a0<\/p>\n<p>Asimismo, indic\u00f3 que la\u00a0reciente\u00a0modificaci\u00f3n de la\u00a0Ley de Glaciares, sancionada a nivel nacional,\u00a0otorga mayores facultades a las provincias, en l\u00ednea con lo establecido por el art\u00edculo 124 de la Constituci\u00f3n Nacional, que reconoce el dominio originario de los recursos naturales.\u00a0<\/p>\n<p>En otro pasaje, \u00c1lvarez fue categ\u00f3rico al se\u00f1alar que el fallo no genera impedimentos para el desarrollo de la actividad productiva en Santa Cruz, dado que la provincia mantiene un esquema de ordenamiento territorial que excluye zonas sensibles.\u00a0<\/p>\n<p>Finalmente, el ministro destac\u00f3 que desde el Gobierno Provincial se trabaja con una mirada integral que equilibra producci\u00f3n y cuidado ambiental.\u00a0\u201cSanta Cruz no va a perjudicar sus recursos naturales, como el agua, que es vital en una regi\u00f3n como la nuestra. Existe una pol\u00edtica clara de protecci\u00f3n y desarrollo responsable\u201d, concluy\u00f3.\u00a0<\/p>\n","protected":false},"excerpt":{"rendered":"<p>El Gobierno de Santa Cruz, a trav\u00e9s del\u00a0Ministerio de Energ\u00eda y Miner\u00eda, reafirm\u00f3 su compromiso con la\u00a0preservaci\u00f3n de los recursos naturales y llev\u00f3 tranquilidad\u00a0a la comunidad ante el reciente fallo de la\u00a0Justicia Federal\u00a0que suspendi\u00f3 la aplicaci\u00f3n de la reforma de la\u00a0Ley de Glaciares\u00a0en la provincia.\u00a0 En ese marco, el ministro de Energ\u00eda y Miner\u00eda,\u00a0Jaime \u00c1lvarez, [&hellip;]<\/p>\n","protected":false},"author":1,"featured_media":14961,"comment_status":"","ping_status":"","sticky":false,"template":"","format":"standard","meta":{"_monsterinsights_skip_tracking":false,"_monsterinsights_sitenote_active":false,"_monsterinsights_sitenote_note":"","_monsterinsights_sitenote_category":0,"footnotes":"","jetpack_publicize_message":"","jetpack_publicize_feature_enabled":true,"jetpack_social_post_already_shared":true,"jetpack_social_options":{"image_generator_settings":{"template":"highway","default_image_id":0,"font":"","enabled":false},"version":2}},"categories":[5],"tags":[],"class_list":["post-14960","post","type-post","status-publish","format-standard","has-post-thumbnail","hentry","category-politica"],"aioseo_notices":[],"jetpack_publicize_connections":[],"amp_enabled":true,"_links":{"self":[{"href":"https:\/\/noticiasdeangostura.com.ar\/index.php?rest_route=\/wp\/v2\/posts\/14960","targetHints":{"allow":["GET"]}}],"collection":[{"href":"https:\/\/noticiasdeangostura.com.ar\/index.php?rest_route=\/wp\/v2\/posts"}],"about":[{"href":"https:\/\/noticiasdeangostura.com.ar\/index.php?rest_route=\/wp\/v2\/types\/post"}],"author":[{"embeddable":true,"href":"https:\/\/noticiasdeangostura.com.ar\/index.php?rest_route=\/wp\/v2\/users\/1"}],"replies":[{"embeddable":true,"href":"https:\/\/noticiasdeangostura.com.ar\/index.php?rest_route=%2Fwp%2Fv2%2Fcomments&post=14960"}],"version-history":[{"count":0,"href":"https:\/\/noticiasdeangostura.com.ar\/index.php?rest_route=\/wp\/v2\/posts\/14960\/revisions"}],"wp:featuredmedia":[{"embeddable":true,"href":"https:\/\/noticiasdeangostura.com.ar\/index.php?rest_route=\/wp\/v2\/media\/14961"}],"wp:attachment":[{"href":"https:\/\/noticiasdeangostura.com.ar\/index.php?rest_route=%2Fwp%2Fv2%2Fmedia&parent=14960"}],"wp:term":[{"taxonomy":"category","embeddable":true,"href":"https:\/\/noticiasdeangostura.com.ar\/index.php?rest_route=%2Fwp%2Fv2%2Fcategories&post=14960"},{"taxonomy":"post_tag","embeddable":true,"href":"https:\/\/noticiasdeangostura.com.ar\/index.php?rest_route=%2Fwp%2Fv2%2Ftags&post=14960"}],"curies":[{"name":"wp","href":"https:\/\/api.w.org\/{rel}","templated":true}]}}