{"id":14962,"date":"2026-04-29T04:11:40","date_gmt":"2026-04-29T07:11:40","guid":{"rendered":"https:\/\/noticiasdeangostura.com.ar\/?p=14962"},"modified":"2026-04-29T04:11:40","modified_gmt":"2026-04-29T07:11:40","slug":"alerta-amarilla-por-viento-en-neuquen-cuando-sera-el-pico-y-que-zonas-pueden-tener-rafagas-mas-fuertes","status":"publish","type":"post","link":"https:\/\/noticiasdeangostura.com.ar\/?p=14962","title":{"rendered":"Alerta amarilla por viento en Neuqu\u00e9n: cu\u00e1ndo ser\u00e1 el pico y qu\u00e9 zonas pueden tener r\u00e1fagas m\u00e1s fuertes"},"content":{"rendered":"<p> <br \/>\n<br \/><\/p>\n<p>El Servicio Meteorol\u00f3gico Nacional emiti\u00f3 una advertencia por vientos del oeste con r\u00e1fagas que pueden alcanzar los 100 kil\u00f3metros por hora. Defensa Civil pidi\u00f3 evitar traslados innecesarios y consultar el estado de las rutas antes de viajar.<\/p>\n<p>Las r\u00e1fagas podr\u00edan alcanzar los 100 kil\u00f3metros por hora.<\/p>\n<div>\n<p>La <strong>provincia de <a href=\"https:\/\/www.amcumbre.com\/\">Neuqu\u00e9n<\/a><\/strong> se encuentra bajo <strong>alerta amarilla por viento<\/strong>, en el marco de un fen\u00f3meno que comenz\u00f3 a sentirse este martes y que tendr\u00e1 su mayor intensidad entre la tarde, la noche y la madrugada del mi\u00e9rcoles. La advertencia fue emitida por el <strong>Servicio Meteorol\u00f3gico Nacional <\/strong>y alcanza a distintas zonas del territorio provincial.<\/p>\n<p>Seg\u00fan el organismo nacional, se esperan vientos del sector oeste con velocidades de entre 50 y 70 kil\u00f3metros por hora, con <strong>r\u00e1fagas que pueden alcanzar los 100 kil\u00f3metros<\/strong> por hora y ser superadas de manera localizada, especialmente en sectores de Neuqu\u00e9n.<\/p>\n<p>El director provincial de <strong>Defensa Civil<\/strong>, Carlos Cruz, explic\u00f3 que el ingreso de aire h\u00famedo comenz\u00f3 a registrarse durante la jornada del martes 28 de abril, pero indic\u00f3 que el fen\u00f3meno se intensificar\u00e1 con el correr de las horas. \u201cEl viento fuerte se va a dar desde la tarde hacia la noche de hoy martes y durante la madrugada y ma\u00f1ana del mi\u00e9rcoles\u201d, se\u00f1al\u00f3 en declaraciones a Canal 7.<\/p>\n<h2>Las zonas m\u00e1s afectadas<\/h2>\n<p>De acuerdo con la informaci\u00f3n difundida por Defensa Civil, la advertencia alcanza a toda la provincia, aunque los sectores m\u00e1s comprometidos ser\u00e1n la<strong> zona centro, el corredor entre Zapala y la regi\u00f3n del Limay, <\/strong>los principales corredores viales y las \u00e1reas cordilleranas.<\/p>\n<p>En la zona centro, las r\u00e1fagas podr\u00edan superar los 100 kil\u00f3metros por hora, lo que representa un mayor riesgo para la circulaci\u00f3n y para las actividades al aire libre. En la cordillera, adem\u00e1s del viento, se prev\u00e9n lluvias de distinta intensidad y posibles nevadas en zonas altas.<\/p>\n<p>El organismo provincial tambi\u00e9n advirti\u00f3 sobre la presencia de neblina en sectores de la <strong>Ruta Nacional 40 y de la Ruta Nacional 237<\/strong>. Estas condiciones, sumadas al barro y al estado de algunos caminos de ripio, pueden generar complicaciones para quienes deban circular por la regi\u00f3n.<\/p>\n<h2>C\u00f3mo seguir\u00e1 el tiempo<\/h2>\n<p>El pron\u00f3stico anticipa que el mi\u00e9rcoles continuar\u00e1 con condiciones de <strong>viento fuerte en Neuqu\u00e9n<\/strong>, mientras que el jueves se espera una mejora temporaria. Para el viernes est\u00e1 previsto un nuevo per\u00edodo de viento intenso, con descenso de temperatura y posibles condiciones inestables en sectores de la provincia.<\/p>\n<p>Las temperaturas se mantendr\u00e1n bajas durante los pr\u00f3ximos d\u00edas, especialmente en zonas cordilleranas y de mayor altura. En la capital neuquina, el pron\u00f3stico marca jornadas ventosas y muy ventosas durante la semana, con una baja m\u00e1s marcada hacia el viernes.<\/p>\n<h2>Recomendaciones ante la alerta<\/h2>\n<p>Defensa Civil pidi\u00f3 <strong>evitar traslados innecesarios<\/strong> durante el per\u00edodo de mayor intensidad del fen\u00f3meno. Tambi\u00e9n recomend\u00f3 consultar el estado de las rutas antes de viajar, circular con cadenas en zonas donde pueda haber nieve o hielo, llevar abrigo y provisiones, y evitar caminos de ripio en mal estado.<\/p>\n<p>El Servicio Meteorol\u00f3gico Nacional <strong>aconsej\u00f3 evitar salir durante el alerta<\/strong>, asegurar objetos que puedan ser arrastrados por el viento, cerrar y alejarse de puertas y ventanas, no refugiarse debajo de \u00e1rboles, postes, marquesinas o carteles, y manejar con precauci\u00f3n.<\/p>\n<p>Ante <strong>emergencias<\/strong>, se record\u00f3 que se encuentran disponibles las l\u00edneas 100 de Bomberos, 101 de Polic\u00eda, 103 de Defensa Civil y 107 de Salud.<\/p>\n<\/p><\/div>\n","protected":false},"excerpt":{"rendered":"<p>El Servicio Meteorol\u00f3gico Nacional emiti\u00f3 una advertencia por vientos del oeste con r\u00e1fagas que pueden alcanzar los 100 kil\u00f3metros por hora. Defensa Civil pidi\u00f3 evitar traslados innecesarios y consultar el estado de las rutas antes de viajar. Las r\u00e1fagas podr\u00edan alcanzar los 100 kil\u00f3metros por hora. La provincia de Neuqu\u00e9n se encuentra bajo alerta amarilla [&hellip;]<\/p>\n","protected":false},"author":1,"featured_media":14963,"comment_status":"","ping_status":"","sticky":false,"template":"","format":"standard","meta":{"_monsterinsights_skip_tracking":false,"_monsterinsights_sitenote_active":false,"_monsterinsights_sitenote_note":"","_monsterinsights_sitenote_category":0,"footnotes":"","jetpack_publicize_message":"","jetpack_publicize_feature_enabled":true,"jetpack_social_post_already_shared":true,"jetpack_social_options":{"image_generator_settings":{"template":"highway","default_image_id":0,"font":"","enabled":false},"version":2}},"categories":[1],"tags":[],"class_list":["post-14962","post","type-post","status-publish","format-standard","has-post-thumbnail","hentry","category-ultimas-noticias"],"aioseo_notices":[],"jetpack_publicize_connections":[],"amp_enabled":true,"_links":{"self":[{"href":"https:\/\/noticiasdeangostura.com.ar\/index.php?rest_route=\/wp\/v2\/posts\/14962","targetHints":{"allow":["GET"]}}],"collection":[{"href":"https:\/\/noticiasdeangostura.com.ar\/index.php?rest_route=\/wp\/v2\/posts"}],"about":[{"href":"https:\/\/noticiasdeangostura.com.ar\/index.php?rest_route=\/wp\/v2\/types\/post"}],"author":[{"embeddable":true,"href":"https:\/\/noticiasdeangostura.com.ar\/index.php?rest_route=\/wp\/v2\/users\/1"}],"replies":[{"embeddable":true,"href":"https:\/\/noticiasdeangostura.com.ar\/index.php?rest_route=%2Fwp%2Fv2%2Fcomments&post=14962"}],"version-history":[{"count":0,"href":"https:\/\/noticiasdeangostura.com.ar\/index.php?rest_route=\/wp\/v2\/posts\/14962\/revisions"}],"wp:featuredmedia":[{"embeddable":true,"href":"https:\/\/noticiasdeangostura.com.ar\/index.php?rest_route=\/wp\/v2\/media\/14963"}],"wp:attachment":[{"href":"https:\/\/noticiasdeangostura.com.ar\/index.php?rest_route=%2Fwp%2Fv2%2Fmedia&parent=14962"}],"wp:term":[{"taxonomy":"category","embeddable":true,"href":"https:\/\/noticiasdeangostura.com.ar\/index.php?rest_route=%2Fwp%2Fv2%2Fcategories&post=14962"},{"taxonomy":"post_tag","embeddable":true,"href":"https:\/\/noticiasdeangostura.com.ar\/index.php?rest_route=%2Fwp%2Fv2%2Ftags&post=14962"}],"curies":[{"name":"wp","href":"https:\/\/api.w.org\/{rel}","templated":true}]}}