{"id":14971,"date":"2026-04-29T05:08:00","date_gmt":"2026-04-29T08:08:00","guid":{"rendered":"https:\/\/noticiasdeangostura.com.ar\/?p=14971"},"modified":"2026-04-29T05:08:00","modified_gmt":"2026-04-29T08:08:00","slug":"cerca-de-140-docentes-se-capacitaron-para-mejorar-la-comunicacion-de-estudiantes","status":"publish","type":"post","link":"https:\/\/noticiasdeangostura.com.ar\/?p=14971","title":{"rendered":"Cerca de 140 docentes se capacitaron para mejorar la comunicaci\u00f3n de estudiantes"},"content":{"rendered":"<p> <br \/>\n<br \/><\/p>\n<p>Finalizaron las jornadas formativas que permitir\u00e1n la conformaci\u00f3n de clubes sobre difusi\u00f3n de ideas dentro de las escuelas secundarias. Con un amplio despliegue territorial, los encuentros se implementaron en Villa La Angostura, Zapala, Andacollo y Neuqu\u00e9n.<\/p>\n<div>\n<p>La propuesta de formaci\u00f3n \u201cClubes TED-Ed: capacitaci\u00f3n para docentes que implementar\u00e1n el programa\u201d culmin\u00f3 el viernes con la participaci\u00f3n de alrededor de 140 educadores de CPEM, EPET y EPEA de toda la provincia.<br \/>Las jornadas forman parte en una pol\u00edtica educativa que busca la proliferaci\u00f3n de clubes que potencian la comunicaci\u00f3n dentro de las escuelas secundarias.<\/p>\n<p>Por tal motivo, quienes participaron aprendieron sobre diferentes estrategias pedag\u00f3gicas que acompa\u00f1an y potencian las habilidades de las y los estudiantes para transmitir ideas que surgen de sus propios intereses.<\/p>\n<p>Dentro de las novedades de este a\u00f1o, se dict\u00f3 de manera paralela una formaci\u00f3n para quienes ya hab\u00edan sido parte del programa durante el a\u00f1o pasado, con el objetivo de recuperar sus experiencias en los establecimientos escolares y el fortalecimiento de m\u00e1s herramientas para repetir la experiencia durante el presente ciclo lectivo.<\/p>\n<p>El director de Innovaci\u00f3n en Comunicaci\u00f3n, <strong>Juan Hormaechea<\/strong>, puntualiz\u00f3 que <em>\u201ccon el cierre de estas capacitaciones celebramos que cerca de 140 docentes quieran crear nuevos clubes dentro de sus secundarios. De esta manera se suman al modelo neuquino que estamos construyendo, en el que se enriquece la formaci\u00f3n de nuestros estudiantes en todos los aspectos de su formaci\u00f3n y desarrollo como personas\u201d<\/em>.<\/p>\n<p><strong>Fernando Barrera<\/strong> es docente de Electr\u00f3nica en Zapala y es uno de los docentes que particip\u00f3 por segundo a\u00f1o consecutivo junto con su colega <strong>Genaro Fuentes<\/strong>, con quien construyeron durante 2025 el espacio de comunicaci\u00f3n dentro de la EPET 15. Mencion\u00f3 que escuch\u00f3 sobre la propuesta y se puso a indagar en internet: <em>\u201cMe llam\u00f3 mucho la atenci\u00f3n porque era una manera de poder sacar a los alumnos de lo que se ve diariamente en la escuela y la experiencia fue buen\u00edsima. Los chicos se entusiasmaron en todo el proceso y en base a ese entusiasmo nosotros seguimos adelante\u201d<\/em>.<\/p>\n<p>En esa misma l\u00ednea, Barrera detall\u00f3 que <em>\u201celegimos otra vez hacer los clubes TED-Ed por la experiencia que vivimos el a\u00f1o pasado. Fue enriquecedor para nosotros ver c\u00f3mo los chicos llegaron a desenvolverse en cada una de las etapas. Nos pone muy contentos saber que les sirvi\u00f3 para desarrollarse, liberarse un poco y, a la vez, practicar oratoria y todo lo que es sintetizar ideas\u201d<\/em>.<\/p>\n<p>A lo largo de los cuatro encuentros que se dieron esta semana, participaron docentes de las diferentes regiones de la provincia, incluyendo las localidades de Chos Malal, Andacollo, Las Ovejas, Huinganco, Los Miches, El Cholar, Cutral Co, Plaza Huincul, Plottier, Pic\u00fan Leuf\u00fa, Paso Aguerre, Villa El Choc\u00f3n, Centenario, Neuqu\u00e9n, Villa Traful, San Mart\u00edn de los Andes, Jun\u00edn de los Andes, Villa La Angostura, Zapala, Las Lajas, Pic\u00fan Leuf\u00fa, Piedra del \u00c1guila, Paso Aguerre y Santo Tom\u00e1s.<\/p>\n<p>Los espacios de capacitaci\u00f3n estuvieron a cargo de la direcci\u00f3n de Innovaci\u00f3n en Comunicaci\u00f3n del ministerio de Educaci\u00f3n, con referentes formadores de la Fundaci\u00f3n Ideas que Transforman, que impulsa el formato de Clubes TED-Ed Argentina.<\/p>\n<\/p><\/div>\n<p><script type=\"4303b832ed98271bf8bbee73-text\/javascript\">\n    window.addEventListener('load', () => {\n        if (typeof FB !== 'undefined' && FB.init) {\n            \/\/ La SDK de Facebook est\u00e1 inicializada\n        } else {\n            \/\/ La SDK de Facebook no est\u00e1 inicializada\n            var script = document.createElement('script');\n            script.async = true;\n            script.defer = true;\n            script.crossOrigin = 'anonymous';\n            script.src=\"https:\/\/connect.facebook.net\/es_LA\/sdk.js#xfbml=1&version=v17.0&appId=868452105110858&autoLogAppEvents=1\";\n            script.nonce=\"eBgX2sTe\";\n            document.head.appendChild(script);\n        }\n        \/* FIX YOUTUBE (fix width) *\/\n        var youtubeIframes = document.querySelectorAll('iframe[src*=\"youtube.com\/embed\"]');\n        youtubeIframes.forEach(function(iframe) {\n            var containerWidth = iframe.parentElement.clientWidth || iframe.parentElement.offsetWidth;\n            if(containerWidth && iframe.width > containerWidth){\n                iframe.width = containerWidth;\n                iframe.height = (containerWidth \/ 16) * 9; \/\/ Assuming a 16:9 aspect ratio\n            }\n        });\n    });\n<\/script><\/p>\n","protected":false},"excerpt":{"rendered":"<p>Finalizaron las jornadas formativas que permitir\u00e1n la conformaci\u00f3n de clubes sobre difusi\u00f3n de ideas dentro de las escuelas secundarias. Con un amplio despliegue territorial, los encuentros se implementaron en Villa La Angostura, Zapala, Andacollo y Neuqu\u00e9n. La propuesta de formaci\u00f3n \u201cClubes TED-Ed: capacitaci\u00f3n para docentes que implementar\u00e1n el programa\u201d culmin\u00f3 el viernes con la participaci\u00f3n [&hellip;]<\/p>\n","protected":false},"author":1,"featured_media":14972,"comment_status":"","ping_status":"","sticky":false,"template":"","format":"standard","meta":{"_monsterinsights_skip_tracking":false,"_monsterinsights_sitenote_active":false,"_monsterinsights_sitenote_note":"","_monsterinsights_sitenote_category":0,"footnotes":"","jetpack_publicize_message":"","jetpack_publicize_feature_enabled":true,"jetpack_social_post_already_shared":true,"jetpack_social_options":{"image_generator_settings":{"template":"highway","default_image_id":0,"font":"","enabled":false},"version":2}},"categories":[4],"tags":[2185,862,1156,1069,486,65,50],"class_list":["post-14971","post","type-post","status-publish","format-standard","has-post-thumbnail","hentry","category-regionales","tag-capacitaron","tag-cerca","tag-comunicacion","tag-docentes","tag-estudiantes","tag-mejorar","tag-para"],"aioseo_notices":[],"jetpack_publicize_connections":[],"amp_enabled":true,"_links":{"self":[{"href":"https:\/\/noticiasdeangostura.com.ar\/index.php?rest_route=\/wp\/v2\/posts\/14971","targetHints":{"allow":["GET"]}}],"collection":[{"href":"https:\/\/noticiasdeangostura.com.ar\/index.php?rest_route=\/wp\/v2\/posts"}],"about":[{"href":"https:\/\/noticiasdeangostura.com.ar\/index.php?rest_route=\/wp\/v2\/types\/post"}],"author":[{"embeddable":true,"href":"https:\/\/noticiasdeangostura.com.ar\/index.php?rest_route=\/wp\/v2\/users\/1"}],"replies":[{"embeddable":true,"href":"https:\/\/noticiasdeangostura.com.ar\/index.php?rest_route=%2Fwp%2Fv2%2Fcomments&post=14971"}],"version-history":[{"count":0,"href":"https:\/\/noticiasdeangostura.com.ar\/index.php?rest_route=\/wp\/v2\/posts\/14971\/revisions"}],"wp:featuredmedia":[{"embeddable":true,"href":"https:\/\/noticiasdeangostura.com.ar\/index.php?rest_route=\/wp\/v2\/media\/14972"}],"wp:attachment":[{"href":"https:\/\/noticiasdeangostura.com.ar\/index.php?rest_route=%2Fwp%2Fv2%2Fmedia&parent=14971"}],"wp:term":[{"taxonomy":"category","embeddable":true,"href":"https:\/\/noticiasdeangostura.com.ar\/index.php?rest_route=%2Fwp%2Fv2%2Fcategories&post=14971"},{"taxonomy":"post_tag","embeddable":true,"href":"https:\/\/noticiasdeangostura.com.ar\/index.php?rest_route=%2Fwp%2Fv2%2Ftags&post=14971"}],"curies":[{"name":"wp","href":"https:\/\/api.w.org\/{rel}","templated":true}]}}