{"id":14979,"date":"2026-04-29T06:14:56","date_gmt":"2026-04-29T09:14:56","guid":{"rendered":"https:\/\/noticiasdeangostura.com.ar\/?p=14979"},"modified":"2026-04-29T06:14:56","modified_gmt":"2026-04-29T09:14:56","slug":"el-gobierno-denuncio-que-la-supuesta-venta-de-carne-de-burro-en-argentina-es-una-operacion-mediatica","status":"publish","type":"post","link":"https:\/\/noticiasdeangostura.com.ar\/?p=14979","title":{"rendered":"El Gobierno denunci\u00f3 que la supuesta venta de carne de burro en Argentina es una operaci\u00f3n medi\u00e1tica"},"content":{"rendered":"<p> <br \/>\n<br \/><\/p>\n<p>\t\t\t\t\t\tEl Gobierno de Javier Milei rechaz\u00f3 el informe de un medio extranjero sobre la supuesta venta de carne de burro, calific\u00e1ndolo de operaci\u00f3n medi\u00e1tica \u201ccon el claro prop\u00f3sito de da\u00f1ar la imagen de la Rep\u00fablica Argentina\u201d.    La agencia Noticias Argentinas se\u00f1al\u00f3 que se trata del medio alem\u00e1n DW Espa\u00f1ol, cuya versi\u00f3n espa\u00f1ola public\u00f3 una noticia con el t\u00edtulo: \u201cCarnicer\u00eda argentina vende carne de burro ante la subida de la vacuna\u201d.    La nota describe que nuestro pa\u00eds \u201cagot\u00f3 500 kilos en dos d\u00edas. La venta se realiz\u00f3 con un permiso provincial provisorio, ya que en Argentina el consumo de carne de burro no est\u00e1 regulado a nivel nacional. La iniciativa llega en un contexto de fuertes aumentos en el precio de la carne vacuna, que se dispar\u00f3 un 70 % en el \u00faltimo a\u00f1o\u201d.<\/p>\n<p>        Esto no les gusta a los autoritarios<\/p>\n<p>                El ejercicio del periodismo profesional y cr\u00edtico es un pilar fundamental de la democracia. Por eso molesta a quienes creen ser los due\u00f1os de la verdad.<\/p>\n<p>    Los argentinos dejaron de comer 5 kilos de carne vacuna en un a\u00f1o por el alza de precios    Desde su Oficina de Respuesta Oficial, el Gobierno respondi\u00f3 con un extenso posteo: \u201cEl medio extranjero DW, que viene operando a diario en la Argentina, amplifica una vez m\u00e1s un caso aislado y marginal con el claro prop\u00f3sito de da\u00f1ar la imagen de la Rep\u00fablica Argentina\u201d.    Luego aclara que \u201cse trat\u00f3 de una \u00fanica carnicer\u00eda que comercializ\u00f3 una cantidad m\u00ednima de un producto absolutamente ajeno a los h\u00e1bitos alimentarios y a la tradici\u00f3n gastron\u00f3mica de los argentinos\u201d.    A continuaci\u00f3n, asegura que, durante la actual gesti\u00f3n, la inflaci\u00f3n \u201cse ha reducido dr\u00e1sticamente\u201d mientras la econom\u00eda \u201cavanza con determinaci\u00f3n en su proceso de estabilizaci\u00f3n, ordenamiento y recuperaci\u00f3n\u201d.    En ese contexto, afirma que \u201clos datos oficiales son contundentes\u201d y afirma \u2014sin especificar el animal\u2014 que \u201cdurante 2025 el consumo per c\u00e1pita total de carnes aument\u00f3 un 3,85%, alcanzando los 116,4 kg por habitante, y la producci\u00f3n porcina creci\u00f3 un 15,7% en el primer trimestre de 2026\u201d.    La inflaci\u00f3n en alimentos aceler\u00f3 en la tercera semana abril con una suba de 1,4%    En ese punto, asegura que \u201cnuestro pa\u00eds mantiene uno de los niveles m\u00e1s altos en consumo per c\u00e1pita de carne vacuna de la m\u00e1s alta calidad, pilar irrenunciable de nuestra identidad cultural y productiva\u201d.    El texto cierra con una comparaci\u00f3n ins\u00f3lita, aseverando que \u201cm\u00e1s grave a\u00fan ser\u00eda si esta administraci\u00f3n hubiese sido kirchnerista: los argentinos ni siquiera estar\u00edan consumiendo carne, sino directamente insectos y productos derivados. Prevalecieron las costumbres argentinas frente a las agendas globalistas que promueven la sustituci\u00f3n de la carne tradicional por insectos, como las que opera sistem\u00e1ticamente el citado medio\u201d.        Posteo del Gobierno sobre la venta de carne de burro            El presidente de Colombia cuestion\u00f3 a la Argentina    El presidente de Colombia, Gustavo Petro, opuesto ideol\u00f3gicamente a Javier Milei, aprovech\u00f3 la pol\u00e9mica sobre la presunta venta masiva de carne de burro en Argentina para cuestionar a su colega.        Gustavo Petro contra Javier Milei por la supuesta venta de carne de burro en Argentina         \u201cSi Argentina es exportadora de carne de calidad, \u00bfpor qu\u00e9 los argentinos no pueden comer carne de calidad y les toca comer carne de burro? Esto no puede pasar en Colombia\u201d, se distanci\u00f3.        HM\/ML  <\/p>\n","protected":false},"excerpt":{"rendered":"<p>El Gobierno de Javier Milei rechaz\u00f3 el informe de un medio extranjero sobre la supuesta venta de carne de burro, calific\u00e1ndolo de operaci\u00f3n medi\u00e1tica \u201ccon el claro prop\u00f3sito de da\u00f1ar la imagen de la Rep\u00fablica Argentina\u201d. La agencia Noticias Argentinas se\u00f1al\u00f3 que se trata del medio alem\u00e1n DW Espa\u00f1ol, cuya versi\u00f3n espa\u00f1ola public\u00f3 una noticia [&hellip;]<\/p>\n","protected":false},"author":1,"featured_media":14980,"comment_status":"","ping_status":"","sticky":false,"template":"","format":"standard","meta":{"_monsterinsights_skip_tracking":false,"_monsterinsights_sitenote_active":false,"_monsterinsights_sitenote_note":"","_monsterinsights_sitenote_category":0,"footnotes":"","jetpack_publicize_message":"","jetpack_publicize_feature_enabled":true,"jetpack_social_post_already_shared":true,"jetpack_social_options":{"image_generator_settings":{"template":"highway","default_image_id":0,"font":"","enabled":false},"version":2}},"categories":[11],"tags":[],"class_list":["post-14979","post","type-post","status-publish","format-standard","has-post-thumbnail","hentry","category-actualidad"],"aioseo_notices":[],"jetpack_publicize_connections":[],"amp_enabled":true,"_links":{"self":[{"href":"https:\/\/noticiasdeangostura.com.ar\/index.php?rest_route=\/wp\/v2\/posts\/14979","targetHints":{"allow":["GET"]}}],"collection":[{"href":"https:\/\/noticiasdeangostura.com.ar\/index.php?rest_route=\/wp\/v2\/posts"}],"about":[{"href":"https:\/\/noticiasdeangostura.com.ar\/index.php?rest_route=\/wp\/v2\/types\/post"}],"author":[{"embeddable":true,"href":"https:\/\/noticiasdeangostura.com.ar\/index.php?rest_route=\/wp\/v2\/users\/1"}],"replies":[{"embeddable":true,"href":"https:\/\/noticiasdeangostura.com.ar\/index.php?rest_route=%2Fwp%2Fv2%2Fcomments&post=14979"}],"version-history":[{"count":0,"href":"https:\/\/noticiasdeangostura.com.ar\/index.php?rest_route=\/wp\/v2\/posts\/14979\/revisions"}],"wp:featuredmedia":[{"embeddable":true,"href":"https:\/\/noticiasdeangostura.com.ar\/index.php?rest_route=\/wp\/v2\/media\/14980"}],"wp:attachment":[{"href":"https:\/\/noticiasdeangostura.com.ar\/index.php?rest_route=%2Fwp%2Fv2%2Fmedia&parent=14979"}],"wp:term":[{"taxonomy":"category","embeddable":true,"href":"https:\/\/noticiasdeangostura.com.ar\/index.php?rest_route=%2Fwp%2Fv2%2Fcategories&post=14979"},{"taxonomy":"post_tag","embeddable":true,"href":"https:\/\/noticiasdeangostura.com.ar\/index.php?rest_route=%2Fwp%2Fv2%2Ftags&post=14979"}],"curies":[{"name":"wp","href":"https:\/\/api.w.org\/{rel}","templated":true}]}}