{"id":14985,"date":"2026-04-29T07:08:44","date_gmt":"2026-04-29T10:08:44","guid":{"rendered":"https:\/\/noticiasdeangostura.com.ar\/?p=14985"},"modified":"2026-04-29T07:08:44","modified_gmt":"2026-04-29T10:08:44","slug":"la-provincia-presento-a-intendentes-el-plan-de-creditos-hipotecarios-que-lanzara-el-8-de-mayo","status":"publish","type":"post","link":"https:\/\/noticiasdeangostura.com.ar\/?p=14985","title":{"rendered":"La Provincia present\u00f3 a intendentes el plan de cr\u00e9ditos hipotecarios que lanzar\u00e1 el 8 de mayo"},"content":{"rendered":"<p> <br \/>\n<br \/><\/p>\n<p>En un encuentro institucional en el que tambi\u00e9n se expuso el plan de infraestructura vial.<\/p>\n<div>\n<p>El Gobierno de la Provincia present\u00f3 a intendentes y presidentes de comisiones de fomento de todo el territorio el plan de cr\u00e9ditos hipotecarios que se lanzar\u00e1 el pr\u00f3ximo 8 de mayo, como parte de la pol\u00edtica habitacional que se impulsa a trav\u00e9s del programa Neuqu\u00e9n Habita.<\/p>\n<p>La exposici\u00f3n se realiz\u00f3 durante un encuentro institucional encabezado por el gobernador <strong>Rolando Figueroa<\/strong>, en el que tambi\u00e9n se dio a conocer el plan de infraestructura vial previsto para la provincia, con el objetivo de fortalecer el desarrollo territorial y acompa\u00f1ar el crecimiento de las localidades.<\/p>\n<p>La presentaci\u00f3n estuvo a cargo de la ministra de Infraestructura, <strong>Tanya Bertoldi<\/strong>, y la secretaria de Vivienda y H\u00e1bitat, <strong>Ana Servidio<\/strong>. En materia habitacional, se puso \u00e9nfasis en el avance de las l\u00edneas de cr\u00e9ditos hipotecarios que permitir\u00e1n a las familias acceder a la vivienda, promoviendo el desarrollo de proyectos en todo el territorio, el inicio de nuevas construcciones y ampliaciones, y facilitando el comienzo de obras.<\/p>\n<p>En ese marco, tambi\u00e9n se firmaron convenios de colaboraci\u00f3n con municipios para facilitar la gesti\u00f3n de los tr\u00e1mites vinculados a los cr\u00e9ditos hipotecarios, fortaleciendo el rol de los gobiernos locales en el acompa\u00f1amiento a las familias.<\/p>\n<p>La iniciativa forma parte de una estrategia integral que busca ampliar el acceso a soluciones habitacionales, articulando el trabajo entre la Provincia y los municipios para dar respuestas concretas a la ciudadan\u00eda.<\/p>\n<p>Durante la jornada se destac\u00f3 la importancia de generar herramientas que acompa\u00f1en a las familias y dinamicen la econom\u00eda local, a partir de la construcci\u00f3n y el desarrollo urbano.<\/p>\n<p>De la actividad participaron la presidenta de la Legislatura, <strong>Zulma Reina<\/strong>; el jefe de Gabinete, <strong>Juan Luis \u201cPepe\u201d Ousset<\/strong>; la ministra de Infraestructura, <strong>Tanya Bertoldi<\/strong>; y el presidente del IPVU-ADUS, <strong>Pablo Dietrich<\/strong>, junto a intendentes y presidentes de comisiones de fomento de toda la provincia.<\/p>\n<\/p><\/div>\n<p><script type=\"211dd587a7894c35e2df9fc6-text\/javascript\">\n    window.addEventListener('load', () => {\n        if (typeof FB !== 'undefined' && FB.init) {\n            \/\/ La SDK de Facebook est\u00e1 inicializada\n        } else {\n            \/\/ La SDK de Facebook no est\u00e1 inicializada\n            var script = document.createElement('script');\n            script.async = true;\n            script.defer = true;\n            script.crossOrigin = 'anonymous';\n            script.src=\"https:\/\/connect.facebook.net\/es_LA\/sdk.js#xfbml=1&version=v17.0&appId=868452105110858&autoLogAppEvents=1\";\n            script.nonce=\"eBgX2sTe\";\n            document.head.appendChild(script);\n        }\n        \/* FIX YOUTUBE (fix width) *\/\n        var youtubeIframes = document.querySelectorAll('iframe[src*=\"youtube.com\/embed\"]');\n        youtubeIframes.forEach(function(iframe) {\n            var containerWidth = iframe.parentElement.clientWidth || iframe.parentElement.offsetWidth;\n            if(containerWidth && iframe.width > containerWidth){\n                iframe.width = containerWidth;\n                iframe.height = (containerWidth \/ 16) * 9; \/\/ Assuming a 16:9 aspect ratio\n            }\n        });\n    });\n<\/script><\/p>\n","protected":false},"excerpt":{"rendered":"<p>En un encuentro institucional en el que tambi\u00e9n se expuso el plan de infraestructura vial. El Gobierno de la Provincia present\u00f3 a intendentes y presidentes de comisiones de fomento de todo el territorio el plan de cr\u00e9ditos hipotecarios que se lanzar\u00e1 el pr\u00f3ximo 8 de mayo, como parte de la pol\u00edtica habitacional que se impulsa [&hellip;]<\/p>\n","protected":false},"author":1,"featured_media":14986,"comment_status":"","ping_status":"","sticky":false,"template":"","format":"standard","meta":{"_monsterinsights_skip_tracking":false,"_monsterinsights_sitenote_active":false,"_monsterinsights_sitenote_note":"","_monsterinsights_sitenote_category":0,"footnotes":"","jetpack_publicize_message":"","jetpack_publicize_feature_enabled":true,"jetpack_social_post_already_shared":true,"jetpack_social_options":{"image_generator_settings":{"template":"highway","default_image_id":0,"font":"","enabled":false},"version":2}},"categories":[4],"tags":[384,385,194,2588,2054,508,517,79],"class_list":["post-14985","post","type-post","status-publish","format-standard","has-post-thumbnail","hentry","category-regionales","tag-creditos","tag-hipotecarios","tag-intendentes","tag-lanzara","tag-mayo","tag-plan","tag-presento","tag-provincia"],"aioseo_notices":[],"jetpack_publicize_connections":[],"amp_enabled":true,"_links":{"self":[{"href":"https:\/\/noticiasdeangostura.com.ar\/index.php?rest_route=\/wp\/v2\/posts\/14985","targetHints":{"allow":["GET"]}}],"collection":[{"href":"https:\/\/noticiasdeangostura.com.ar\/index.php?rest_route=\/wp\/v2\/posts"}],"about":[{"href":"https:\/\/noticiasdeangostura.com.ar\/index.php?rest_route=\/wp\/v2\/types\/post"}],"author":[{"embeddable":true,"href":"https:\/\/noticiasdeangostura.com.ar\/index.php?rest_route=\/wp\/v2\/users\/1"}],"replies":[{"embeddable":true,"href":"https:\/\/noticiasdeangostura.com.ar\/index.php?rest_route=%2Fwp%2Fv2%2Fcomments&post=14985"}],"version-history":[{"count":0,"href":"https:\/\/noticiasdeangostura.com.ar\/index.php?rest_route=\/wp\/v2\/posts\/14985\/revisions"}],"wp:featuredmedia":[{"embeddable":true,"href":"https:\/\/noticiasdeangostura.com.ar\/index.php?rest_route=\/wp\/v2\/media\/14986"}],"wp:attachment":[{"href":"https:\/\/noticiasdeangostura.com.ar\/index.php?rest_route=%2Fwp%2Fv2%2Fmedia&parent=14985"}],"wp:term":[{"taxonomy":"category","embeddable":true,"href":"https:\/\/noticiasdeangostura.com.ar\/index.php?rest_route=%2Fwp%2Fv2%2Fcategories&post=14985"},{"taxonomy":"post_tag","embeddable":true,"href":"https:\/\/noticiasdeangostura.com.ar\/index.php?rest_route=%2Fwp%2Fv2%2Ftags&post=14985"}],"curies":[{"name":"wp","href":"https:\/\/api.w.org\/{rel}","templated":true}]}}