{"id":14987,"date":"2026-04-29T07:26:05","date_gmt":"2026-04-29T10:26:05","guid":{"rendered":"https:\/\/noticiasdeangostura.com.ar\/?p=14987"},"modified":"2026-04-29T07:26:05","modified_gmt":"2026-04-29T10:26:05","slug":"ate-anuncio-un-paro-que-afectara-al-servicio-meteorologico-nacional-y-podria-impactar-en-vuelos","status":"publish","type":"post","link":"https:\/\/noticiasdeangostura.com.ar\/?p=14987","title":{"rendered":"ATE anunci\u00f3 un paro que afectar\u00e1 al Servicio Meteorol\u00f3gico Nacional y podr\u00eda impactar en vuelos"},"content":{"rendered":"<p> <br \/>\n<br \/><\/p>\n<p>La huelga de 24 horas ser\u00e1 este jueves 30 de abril y podr\u00eda generar demoras, reprogramaciones y cancelaciones en aeropuertos de todo el pa\u00eds.<\/p>\n<div>\n<p>La Asociaci\u00f3n Trabajadores del Estado (ATE) confirm\u00f3 un paro nacional de 24 horas de los trabajadores del Servicio Meteorol\u00f3gico Nacional para este jueves 30 de abril.<\/p>\n<p>La medida de fuerza impactar\u00e1 en el tr\u00e1fico a\u00e9reo y podr\u00eda provocar demoras, reprogramaciones y cancelaciones de vuelos en distintos aeropuertos del pa\u00eds.<\/p>\n<p>Desde el gremio indicaron que la protesta se enmarca en reclamos laborales dentro del organismo y en rechazo a decisiones vinculadas al funcionamiento del \u00e1rea.<\/p>\n<p>La falta de informes meteorol\u00f3gicos oficiales podr\u00eda complicar la planificaci\u00f3n de operaciones a\u00e9reas, lo que derivar\u00eda en alteraciones en los cronogramas de vuelos.<\/p>\n<p class=\"noEditable noticia-relacionada\" data-id=\"332826\"><ampiframe src=\"https:\/\/www.noticiasnqn.com.ar\/api\/noticias\/332826\/relacionadas?amp=1\" layout=\"fixed-height\" sandbox=\"allow-top-navigation allow-top-navigation-by-user-activation allow-scripts \" height=\"100px\"> <b placeholder=\"\">Lee tambi\u00e9n: Figueroa present\u00f3 a intendentes el plan de cr\u00e9ditos hipotecarios que se lanzar\u00e1 el 8 de mayo<\/b> <\/ampiframe><\/p>\n<p>El conflicto se da adem\u00e1s en medio de un cruce con el ministro de Desregulaci\u00f3n y Transformaci\u00f3n del Estado, <span class=\"hover:entity-accent entity-underline inline cursor-pointer align-baseline\"><span class=\"whitespace-normal\">Federico Sturzenegger<\/span><\/span>, quien defendi\u00f3 los despidos y los cambios impulsados en el organismo a trav\u00e9s de publicaciones en redes sociales.<\/p>\n<p>De concretarse la medida, el paro podr\u00eda tener alcance nacional y afectar tanto vuelos de cabotaje como internacionales, dependiendo del nivel de adhesi\u00f3n del personal del Servicio Meteorol\u00f3gico Nacional.<\/p>\n<p>Se recomienda a los pasajeros consultar con las aerol\u00edneas antes de viajar para verificar el estado de sus vuelos.<\/p>\n<\/p><\/div>\n","protected":false},"excerpt":{"rendered":"<p>La huelga de 24 horas ser\u00e1 este jueves 30 de abril y podr\u00eda generar demoras, reprogramaciones y cancelaciones en aeropuertos de todo el pa\u00eds. La Asociaci\u00f3n Trabajadores del Estado (ATE) confirm\u00f3 un paro nacional de 24 horas de los trabajadores del Servicio Meteorol\u00f3gico Nacional para este jueves 30 de abril. La medida de fuerza impactar\u00e1 [&hellip;]<\/p>\n","protected":false},"author":1,"featured_media":13523,"comment_status":"","ping_status":"","sticky":false,"template":"","format":"standard","meta":{"_monsterinsights_skip_tracking":false,"_monsterinsights_sitenote_active":false,"_monsterinsights_sitenote_note":"","_monsterinsights_sitenote_category":0,"footnotes":"","jetpack_publicize_message":"","jetpack_publicize_feature_enabled":true,"jetpack_social_post_already_shared":true,"jetpack_social_options":{"image_generator_settings":{"template":"highway","default_image_id":0,"font":"","enabled":false},"version":2}},"categories":[1],"tags":[],"class_list":["post-14987","post","type-post","status-publish","format-standard","has-post-thumbnail","hentry","category-ultimas-noticias"],"aioseo_notices":[],"jetpack_publicize_connections":[],"amp_enabled":true,"_links":{"self":[{"href":"https:\/\/noticiasdeangostura.com.ar\/index.php?rest_route=\/wp\/v2\/posts\/14987","targetHints":{"allow":["GET"]}}],"collection":[{"href":"https:\/\/noticiasdeangostura.com.ar\/index.php?rest_route=\/wp\/v2\/posts"}],"about":[{"href":"https:\/\/noticiasdeangostura.com.ar\/index.php?rest_route=\/wp\/v2\/types\/post"}],"author":[{"embeddable":true,"href":"https:\/\/noticiasdeangostura.com.ar\/index.php?rest_route=\/wp\/v2\/users\/1"}],"replies":[{"embeddable":true,"href":"https:\/\/noticiasdeangostura.com.ar\/index.php?rest_route=%2Fwp%2Fv2%2Fcomments&post=14987"}],"version-history":[{"count":0,"href":"https:\/\/noticiasdeangostura.com.ar\/index.php?rest_route=\/wp\/v2\/posts\/14987\/revisions"}],"wp:featuredmedia":[{"embeddable":true,"href":"https:\/\/noticiasdeangostura.com.ar\/index.php?rest_route=\/wp\/v2\/media\/13523"}],"wp:attachment":[{"href":"https:\/\/noticiasdeangostura.com.ar\/index.php?rest_route=%2Fwp%2Fv2%2Fmedia&parent=14987"}],"wp:term":[{"taxonomy":"category","embeddable":true,"href":"https:\/\/noticiasdeangostura.com.ar\/index.php?rest_route=%2Fwp%2Fv2%2Fcategories&post=14987"},{"taxonomy":"post_tag","embeddable":true,"href":"https:\/\/noticiasdeangostura.com.ar\/index.php?rest_route=%2Fwp%2Fv2%2Ftags&post=14987"}],"curies":[{"name":"wp","href":"https:\/\/api.w.org\/{rel}","templated":true}]}}