{"id":14992,"date":"2026-04-29T08:16:45","date_gmt":"2026-04-29T11:16:45","guid":{"rendered":"https:\/\/noticiasdeangostura.com.ar\/?p=14992"},"modified":"2026-04-29T08:16:45","modified_gmt":"2026-04-29T11:16:45","slug":"el-valor-del-primer-trabajo-mucho-mas-que-una-oportunidad","status":"publish","type":"post","link":"https:\/\/noticiasdeangostura.com.ar\/?p=14992","title":{"rendered":"El valor del primer trabajo: mucho m\u00e1s que una oportunidad"},"content":{"rendered":"<p> <br \/>\n<br \/><\/p>\n<p>\t\t\t\t\t\tEn Argentina \u2014como en gran parte de Am\u00e9rica Latina\u2014 el acceso al primer empleo formal no es solo un desaf\u00edo: es una barrera estructural. Seg\u00fan datos de la Organizaci\u00f3n Internacional del Trabajo, los j\u00f3venes tienen m\u00e1s del triple de probabilidades de estar desempleados que los adultos.    Este dato, lejos de ser una estad\u00edstica m\u00e1s, marca un punto de partida claro: no todos arrancan desde el mismo lugar.    Y en ese contexto, el primer trabajo cobra un valor que muchas veces se subestima.<\/p>\n<p>        Esto no les gusta a los autoritarios<\/p>\n<p>                El ejercicio del periodismo profesional y cr\u00edtico es un pilar fundamental de la democracia. Por eso molesta a quienes creen ser los due\u00f1os de la verdad.<\/p>\n<p>    A lo largo de mi experiencia trabajando con equipos j\u00f3venes, vi de cerca algo que se repite: el primer empleo no es solo una oportunidad laboral. Es, sobre todo, una experiencia formativa. Es donde se aprende a asumir responsabilidades, a trabajar con otros, a resolver situaciones concretas. Pero tambi\u00e9n \u2014y quiz\u00e1s m\u00e1s importante\u2014 es donde se empieza a construir confianza.    Confianza en uno mismo. En lo que uno puede hacer y llegar a ser.    Por eso creo que cuando hablamos de empleo joven, no alcanza con hablar de generaci\u00f3n de puestos de trabajo. La verdadera discusi\u00f3n pasa por la calidad de esa primera experiencia.    En Arcos Dorados, ese desaf\u00edo es central. Hoy somos uno de los principales empleadores de j\u00f3venes en Argentina: contamos con m\u00e1s de 14.000 colaboradores, y el 85% tiene entre 16 y 25 a\u00f1os. Para muchos de ellos, este es su primer contacto con el mundo laboral formal.    Pero m\u00e1s all\u00e1 de ese volumen, lo que buscamos construir es otra cosa.    Buscamos que ese primer paso tenga sentido. Que no sea solo una etapa transitoria, sino una experiencia que deje herramientas concretas para el futuro.    Por eso invertimos en formaci\u00f3n \u2014a trav\u00e9s de iniciativas como MCampus\u2014, promovemos esquemas flexibles que permitan compatibilizar estudio y trabajo, y generamos oportunidades reales de crecimiento interno. De hecho, gran parte de nuestros l\u00edderes comenzaron su recorrido en posiciones iniciales.    Ese recorrido no es casual. Habla de una cultura, y es parte de una forma de entender el desarrollo.    En los \u00faltimos a\u00f1os, adem\u00e1s, vimos c\u00f3mo esta mirada tambi\u00e9n impacta en el clima y la cultura de trabajo. Haber sido reconocidos como la compa\u00f1\u00eda N\u00b01 en el ranking de Great Place to Work no es un punto de llegada, sino una se\u00f1al de que cuando se construyen entornos donde las personas pueden desarrollarse, los resultados llegan.    Y en el caso de los j\u00f3venes, ese impacto es a\u00fan m\u00e1s profundo.    Porque en un mercado laboral cada vez m\u00e1s exigente, donde las habilidades pr\u00e1cticas y la experiencia comienzan a pesar tanto como la formaci\u00f3n acad\u00e9mica, el primer trabajo puede marcar una diferencia real en el largo plazo.    Por eso, m\u00e1s que preguntarnos cu\u00e1ntos empleos se generan, creo que la pregunta que deber\u00edamos hacernos es otra: qu\u00e9 tipo de primeras experiencias estamos ofreciendo.    Porque en ese primer paso \u2014muchas veces subestimado\u2014 no solo se define un ingreso. Se empieza a construir un camino.    (*) Gerente Sr. de Gente y Cultura de Arcos Dorados  <\/p>\n","protected":false},"excerpt":{"rendered":"<p>En Argentina \u2014como en gran parte de Am\u00e9rica Latina\u2014 el acceso al primer empleo formal no es solo un desaf\u00edo: es una barrera estructural. Seg\u00fan datos de la Organizaci\u00f3n Internacional del Trabajo, los j\u00f3venes tienen m\u00e1s del triple de probabilidades de estar desempleados que los adultos. Este dato, lejos de ser una estad\u00edstica m\u00e1s, marca [&hellip;]<\/p>\n","protected":false},"author":1,"featured_media":14993,"comment_status":"","ping_status":"","sticky":false,"template":"","format":"standard","meta":{"_monsterinsights_skip_tracking":false,"_monsterinsights_sitenote_active":false,"_monsterinsights_sitenote_note":"","_monsterinsights_sitenote_category":0,"footnotes":"","jetpack_publicize_message":"","jetpack_publicize_feature_enabled":true,"jetpack_social_post_already_shared":true,"jetpack_social_options":{"image_generator_settings":{"template":"highway","default_image_id":0,"font":"","enabled":false},"version":2}},"categories":[11],"tags":[],"class_list":["post-14992","post","type-post","status-publish","format-standard","has-post-thumbnail","hentry","category-actualidad"],"aioseo_notices":[],"jetpack_publicize_connections":[],"amp_enabled":true,"_links":{"self":[{"href":"https:\/\/noticiasdeangostura.com.ar\/index.php?rest_route=\/wp\/v2\/posts\/14992","targetHints":{"allow":["GET"]}}],"collection":[{"href":"https:\/\/noticiasdeangostura.com.ar\/index.php?rest_route=\/wp\/v2\/posts"}],"about":[{"href":"https:\/\/noticiasdeangostura.com.ar\/index.php?rest_route=\/wp\/v2\/types\/post"}],"author":[{"embeddable":true,"href":"https:\/\/noticiasdeangostura.com.ar\/index.php?rest_route=\/wp\/v2\/users\/1"}],"replies":[{"embeddable":true,"href":"https:\/\/noticiasdeangostura.com.ar\/index.php?rest_route=%2Fwp%2Fv2%2Fcomments&post=14992"}],"version-history":[{"count":0,"href":"https:\/\/noticiasdeangostura.com.ar\/index.php?rest_route=\/wp\/v2\/posts\/14992\/revisions"}],"wp:featuredmedia":[{"embeddable":true,"href":"https:\/\/noticiasdeangostura.com.ar\/index.php?rest_route=\/wp\/v2\/media\/14993"}],"wp:attachment":[{"href":"https:\/\/noticiasdeangostura.com.ar\/index.php?rest_route=%2Fwp%2Fv2%2Fmedia&parent=14992"}],"wp:term":[{"taxonomy":"category","embeddable":true,"href":"https:\/\/noticiasdeangostura.com.ar\/index.php?rest_route=%2Fwp%2Fv2%2Fcategories&post=14992"},{"taxonomy":"post_tag","embeddable":true,"href":"https:\/\/noticiasdeangostura.com.ar\/index.php?rest_route=%2Fwp%2Fv2%2Ftags&post=14992"}],"curies":[{"name":"wp","href":"https:\/\/api.w.org\/{rel}","templated":true}]}}