{"id":15006,"date":"2026-04-29T10:14:50","date_gmt":"2026-04-29T13:14:50","guid":{"rendered":"https:\/\/noticiasdeangostura.com.ar\/?p=15006"},"modified":"2026-04-29T10:14:50","modified_gmt":"2026-04-29T13:14:50","slug":"racing-va-a-venezuela-con-suplentes-para-el-duelo-con-caracas","status":"publish","type":"post","link":"https:\/\/noticiasdeangostura.com.ar\/?p=15006","title":{"rendered":"Racing va a Venezuela con suplentes para el duelo con Caracas"},"content":{"rendered":"<p> <br \/>\n<br \/><\/p>\n<p>El entrenador Gustavo Costas cuidar\u00e1 a los titulares pensando en Hurac\u00e1n y pondr\u00eda mayor\u00eda de suplentes.<\/p>\n<p>Racing transita una semana clave de cara a la definici\u00f3n del semestre. Foto: TyC Sports<\/p>\n<div>\n<p><strong><a href=\"https:\/\/www.alertadigital.ar\/noticias\/2026\/04\/28\/163065-como-estan-los-cruces-de-playoffs-hasta-el-momento-y-que-debe-hacer-racing-para-clasificar\" target=\"_blank\" rel=\"noopener\">Racing<\/a> transita una semana determinante<\/strong>\u00a0y condicionada por el desgaste f\u00edsico, ya que este mi\u00e9rcoles <strong>desde las 19 visitar\u00e1 a Caracas en el Estadio Ol\u00edmpico de la UCV<\/strong> por la tercera fecha del Grupo E de la <a href=\"https:\/\/www.instagram.com\/sudamericana\/\" target=\"_blank\" rel=\"noopener\"><strong>Copa Sudamericana<\/strong><\/a>, con grandes chances de presentar un equipo mixto.<\/p>\n<p>El viaje a Venezuela complic\u00f3 la planificaci\u00f3n. La delegaci\u00f3n sali\u00f3 el lunes al mediod\u00eda y lleg\u00f3 cerca de las 23, tras una escala en Bogot\u00e1, acumulando 11 horas de traslado.\u00a0<strong>El plantel qued\u00f3 afectado por el cansancio<\/strong>\u00a0y solo tendr\u00e1 un entrenamiento antes del partido. Gustavo Costas busca preservar a los titulares pensando en el duelo clave del domingo ante Hurac\u00e1n por el Torneo Apertura.<\/p>\n<p>Las bajas de <strong>Santiago Sosa<\/strong>, por sobrecarga muscular, y <strong>Adri\u00e1n \u201cMaravilla\u201d Mart\u00ednez<\/strong>, por un esguince de rodilla,\u00a0<strong>golpean fuerte<\/strong>. Incluso, el delantero podr\u00eda perderse lo que resta del semestre. Ambos se quedaron en Buenos Aires con la mira puesta en el torneo local.<\/p>\n<p>En este contexto, nombres como Martirena, Colombo, Rojo, Garc\u00eda Basso, Ignacio Rodr\u00edguez, Baltasar, Forneris y \u201cToto\u201d Fern\u00e1ndez aparecen como alternativas para integrar el once. En ataque, sin Mart\u00ednez, la duda pasa por qui\u00e9n ocupar\u00e1 su lugar, con Pizarro como opci\u00f3n.<\/p>\n<p>El presente futbol\u00edstico tampoco ayuda: Racing gan\u00f3 solo uno de sus \u00faltimos seis partidos. En la Copa suma tres puntos y necesita ganar para acomodarse en el grupo.\u00a0<strong>Una victoria en Caracas lo dejar\u00eda bien posicionado para avanzar<\/strong>.<\/p>\n<p>En el plano local, la derrota de Hurac\u00e1n cambi\u00f3 el escenario. Racing depende de s\u00ed mismo: si le gana el domingo, se meter\u00e1 en los playoffs, aunque tambi\u00e9n deber\u00e1 esperar otros resultados.<\/p>\n<p>Caracas, por su parte, llega tras quedar eliminado en el torneo venezolano, pero invicto en la Copa. Empat\u00f3 con Botafogo y venci\u00f3 a Independiente Petrolero.\u00a0<strong>El equipo est\u00e1 dirigido interinamente por Henry Mel\u00e9ndez<\/strong>\u00a0tras la salida de Fernando Aristeguieta.<\/p>\n<p>Costas recuper\u00f3 a Martirena, Nacho Rodr\u00edguez, Rojo y Garc\u00eda Basso, aunque ir\u00edan al banco. Tambi\u00e9n incluy\u00f3 a \u201cToto\u201d Fern\u00e1ndez pese a su expulsi\u00f3n ante Barracas.<\/p>\n<h2>Probables formaciones<\/h2>\n<p title=\"__IP__\"><strong>Caracas:<\/strong>\u00a0Frankarlos Ben\u00edtez; Eduardo Fereira, Francisco La Mantia, Luis Mago, Jes\u00fas Yendis; Christian Larotonda, Wilfred Correa; Charly Vegas, Lucciano Reinoso, Michael Covea; Adri\u00e1n Fern\u00e1ndez.\u00a0DT: Fernando Aristeguieta.<\/p>\n<p><strong>Racing:<\/strong>\u00a0Facundo Cambeses; Ezequiel Cannavo, Marco Di C\u00e9sare, Marcos Rojo o Franco Pardo, Agust\u00edn Garc\u00eda Basso o Gabriel Rojas; Bruno Zuculini, Gonzalo Sosa, Adri\u00e1n Fern\u00e1ndez; Santiago Solari, Tom\u00e1s Conechny, Dami\u00e1n Pizarro.\u00a0DT:\u00a0Gustavo Costas.<\/p>\n<\/p><\/div>\n<p><script async src=\"\/\/www.instagram.com\/embed.js\"><\/script><\/p>\n","protected":false},"excerpt":{"rendered":"<p>El entrenador Gustavo Costas cuidar\u00e1 a los titulares pensando en Hurac\u00e1n y pondr\u00eda mayor\u00eda de suplentes. Racing transita una semana clave de cara a la definici\u00f3n del semestre. Foto: TyC Sports Racing transita una semana determinante\u00a0y condicionada por el desgaste f\u00edsico, ya que este mi\u00e9rcoles desde las 19 visitar\u00e1 a Caracas en el Estadio Ol\u00edmpico [&hellip;]<\/p>\n","protected":false},"author":1,"featured_media":15007,"comment_status":"","ping_status":"","sticky":false,"template":"","format":"standard","meta":{"_monsterinsights_skip_tracking":false,"_monsterinsights_sitenote_active":false,"_monsterinsights_sitenote_note":"","_monsterinsights_sitenote_category":0,"footnotes":"","jetpack_publicize_message":"","jetpack_publicize_feature_enabled":true,"jetpack_social_post_already_shared":true,"jetpack_social_options":{"image_generator_settings":{"template":"highway","default_image_id":0,"font":"","enabled":false},"version":2}},"categories":[1],"tags":[],"class_list":["post-15006","post","type-post","status-publish","format-standard","has-post-thumbnail","hentry","category-ultimas-noticias"],"aioseo_notices":[],"jetpack_publicize_connections":[],"amp_enabled":true,"_links":{"self":[{"href":"https:\/\/noticiasdeangostura.com.ar\/index.php?rest_route=\/wp\/v2\/posts\/15006","targetHints":{"allow":["GET"]}}],"collection":[{"href":"https:\/\/noticiasdeangostura.com.ar\/index.php?rest_route=\/wp\/v2\/posts"}],"about":[{"href":"https:\/\/noticiasdeangostura.com.ar\/index.php?rest_route=\/wp\/v2\/types\/post"}],"author":[{"embeddable":true,"href":"https:\/\/noticiasdeangostura.com.ar\/index.php?rest_route=\/wp\/v2\/users\/1"}],"replies":[{"embeddable":true,"href":"https:\/\/noticiasdeangostura.com.ar\/index.php?rest_route=%2Fwp%2Fv2%2Fcomments&post=15006"}],"version-history":[{"count":0,"href":"https:\/\/noticiasdeangostura.com.ar\/index.php?rest_route=\/wp\/v2\/posts\/15006\/revisions"}],"wp:featuredmedia":[{"embeddable":true,"href":"https:\/\/noticiasdeangostura.com.ar\/index.php?rest_route=\/wp\/v2\/media\/15007"}],"wp:attachment":[{"href":"https:\/\/noticiasdeangostura.com.ar\/index.php?rest_route=%2Fwp%2Fv2%2Fmedia&parent=15006"}],"wp:term":[{"taxonomy":"category","embeddable":true,"href":"https:\/\/noticiasdeangostura.com.ar\/index.php?rest_route=%2Fwp%2Fv2%2Fcategories&post=15006"},{"taxonomy":"post_tag","embeddable":true,"href":"https:\/\/noticiasdeangostura.com.ar\/index.php?rest_route=%2Fwp%2Fv2%2Ftags&post=15006"}],"curies":[{"name":"wp","href":"https:\/\/api.w.org\/{rel}","templated":true}]}}