{"id":15008,"date":"2026-04-29T10:17:45","date_gmt":"2026-04-29T13:17:45","guid":{"rendered":"https:\/\/noticiasdeangostura.com.ar\/?p=15008"},"modified":"2026-04-29T10:17:45","modified_gmt":"2026-04-29T13:17:45","slug":"sturzenegger-sorprendio-al-gobernador-de-corrientes-el-pedido-clave-sobre-la-libre-navegacion-de-los-rios","status":"publish","type":"post","link":"https:\/\/noticiasdeangostura.com.ar\/?p=15008","title":{"rendered":"Sturzenegger sorprendi\u00f3 al gobernador de Corrientes: el pedido clave sobre la libre navegaci\u00f3n de los r\u00edos"},"content":{"rendered":"<p> <br \/>\n<br \/><br \/>\n\t\t\t\t\t\t\tEn un movimiento pol\u00edtico inesperado, el ministro de Desregulaci\u00f3n y Transformaci\u00f3n del Estado, Federico Sturzenegger, aprovech\u00f3 su exposici\u00f3n en la ExpoEFI para interpelar directamente a los gobernadores de Corrientes, Juan Pablo Vald\u00e9s, y de Tucum\u00e1n, Ra\u00fal Jalil. El funcionario nacional les pidi\u00f3 p\u00fablicamente el apoyo de sus legisladores en el Congreso para avanzar con una ley que garantice la libre navegaci\u00f3n de los r\u00edos.<\/p>\n<p>Aguiar a Milei: \u00abCon el 3% de la ANDIS y la criptomoneda $LIBRA ustedes ya cobraron como por 10 mandatos juntos\u00bb<\/p>\n<p>Ante un auditorio de 800 empresarios y referentes del mundo de las finanzas, Sturzenegger detall\u00f3 que el proyecto apunta a eliminar trabas burocr\u00e1ticas y reducir los costos log\u00edsticos en el transporte fluvial, un sector clave para la competitividad de las provincias del litoral.<\/p>\n<p>Un pedido con nombre y apellido<\/p>\n<p>El ministro ven\u00eda enumerando las reformas que el Ejecutivo enviar\u00e1 al Congreso cuando divis\u00f3 a los mandatarios provinciales entre el p\u00fablico. Tras dirigirse inicialmente al tucumano Jalil, Sturzenegger puso el foco en el gobernador correntino.<\/p>\n<p>\u00abEl Gobernador de Corrientes tambi\u00e9n est\u00e1 ac\u00e1. El director de tr\u00e1nsito fluvial me hizo recomendaciones, hicimos algunos cambios y conf\u00edo en ustedes tambi\u00e9n para tener sus votos\u00bb, lanz\u00f3 el ministro desde el estrado.<\/p>\n<p>El pedido no es menor, dado que Corrientes posee una de las extensiones de costa m\u00e1s importantes sobre el r\u00edo Paran\u00e1 y su apoyo es estrat\u00e9gico para la validaci\u00f3n federal de la norma.<\/p>\n<p>El factor Hidrov\u00eda<\/p>\n<p>La propuesta de desregulaci\u00f3n llega en un momento cr\u00edtico: la discusi\u00f3n por la nueva licitaci\u00f3n de la Hidrov\u00eda Paran\u00e1-Paraguay. Este corredor es la principal v\u00eda de salida para las exportaciones argentinas, movilizando cerca del 80% de los despachos al exterior, principalmente soja, granos y minerales.<\/p>\n<p>Adorni en el Congreso: \u00abAl correntino le interesa cu\u00e1ndo van a mejorar las rutas, no los esc\u00e1ndalos\u00bb<\/p>\n<p>En juego hay un negocio que se estima en US$ 30.000 millones, y la intenci\u00f3n de la administraci\u00f3n central es simplificar el tr\u00e1nsito en puertos y r\u00edos para agilizar el comercio internacional. La b\u00fasqueda de consenso con mandatarios como Vald\u00e9s sugiere que el Gobierno nacional intenta blindar el proyecto antes de que ingrese al debate legislativo, reconociendo el peso de las provincias con intereses directos sobre la cuenca fluvial.<\/p>\n","protected":false},"excerpt":{"rendered":"<p>En un movimiento pol\u00edtico inesperado, el ministro de Desregulaci\u00f3n y Transformaci\u00f3n del Estado, Federico Sturzenegger, aprovech\u00f3 su exposici\u00f3n en la ExpoEFI para interpelar directamente a los gobernadores de Corrientes, Juan Pablo Vald\u00e9s, y de Tucum\u00e1n, Ra\u00fal Jalil. El funcionario nacional les pidi\u00f3 p\u00fablicamente el apoyo de sus legisladores en el Congreso para avanzar con una [&hellip;]<\/p>\n","protected":false},"author":1,"featured_media":15009,"comment_status":"","ping_status":"","sticky":false,"template":"","format":"standard","meta":{"_monsterinsights_skip_tracking":false,"_monsterinsights_sitenote_active":false,"_monsterinsights_sitenote_note":"","_monsterinsights_sitenote_category":0,"footnotes":"","jetpack_publicize_message":"","jetpack_publicize_feature_enabled":true,"jetpack_social_post_already_shared":true,"jetpack_social_options":{"image_generator_settings":{"template":"highway","default_image_id":0,"font":"","enabled":false},"version":2}},"categories":[11],"tags":[],"class_list":["post-15008","post","type-post","status-publish","format-standard","has-post-thumbnail","hentry","category-actualidad"],"aioseo_notices":[],"jetpack_publicize_connections":[],"amp_enabled":true,"_links":{"self":[{"href":"https:\/\/noticiasdeangostura.com.ar\/index.php?rest_route=\/wp\/v2\/posts\/15008","targetHints":{"allow":["GET"]}}],"collection":[{"href":"https:\/\/noticiasdeangostura.com.ar\/index.php?rest_route=\/wp\/v2\/posts"}],"about":[{"href":"https:\/\/noticiasdeangostura.com.ar\/index.php?rest_route=\/wp\/v2\/types\/post"}],"author":[{"embeddable":true,"href":"https:\/\/noticiasdeangostura.com.ar\/index.php?rest_route=\/wp\/v2\/users\/1"}],"replies":[{"embeddable":true,"href":"https:\/\/noticiasdeangostura.com.ar\/index.php?rest_route=%2Fwp%2Fv2%2Fcomments&post=15008"}],"version-history":[{"count":0,"href":"https:\/\/noticiasdeangostura.com.ar\/index.php?rest_route=\/wp\/v2\/posts\/15008\/revisions"}],"wp:featuredmedia":[{"embeddable":true,"href":"https:\/\/noticiasdeangostura.com.ar\/index.php?rest_route=\/wp\/v2\/media\/15009"}],"wp:attachment":[{"href":"https:\/\/noticiasdeangostura.com.ar\/index.php?rest_route=%2Fwp%2Fv2%2Fmedia&parent=15008"}],"wp:term":[{"taxonomy":"category","embeddable":true,"href":"https:\/\/noticiasdeangostura.com.ar\/index.php?rest_route=%2Fwp%2Fv2%2Fcategories&post=15008"},{"taxonomy":"post_tag","embeddable":true,"href":"https:\/\/noticiasdeangostura.com.ar\/index.php?rest_route=%2Fwp%2Fv2%2Ftags&post=15008"}],"curies":[{"name":"wp","href":"https:\/\/api.w.org\/{rel}","templated":true}]}}