{"id":15010,"date":"2026-04-29T10:18:57","date_gmt":"2026-04-29T13:18:57","guid":{"rendered":"https:\/\/noticiasdeangostura.com.ar\/?p=15010"},"modified":"2026-04-29T10:44:30","modified_gmt":"2026-04-29T13:44:30","slug":"musica-en-el-auditorio-realizan-especial-por-el-dia-internacional-del-jazz-neuquen-al-instante","status":"publish","type":"post","link":"https:\/\/noticiasdeangostura.com.ar\/?p=15010","title":{"rendered":"\u201cM\u00fasica en el Auditorio\u201d: realizan especial por el D\u00eda Internacional del Jazz"},"content":{"rendered":"<p> <br \/>\n<br \/><\/p>\n<p>                        mi\u00e9rcoles 29 de abril de 2026  <\/p>\n<p>            En conmemoraci\u00f3n por el D\u00eda Internacional del Jazz, este jueves se realizar\u00e1 una nueva edici\u00f3n del ciclo \u201cM\u00fasica en el Auditorio\u201d, con entrada libre y gratuita. La actividad comenzar\u00e1 a las 20 en el Auditorio de Casa de Gobierno, ubicado en Santiago del Estero 350 de la ciudad de Neuqu\u00e9n.Desde la Secretar\u00eda de Cultura se destac\u00f3 que el evento reunir\u00e1 a destacados exponentes de la escena regional en una celebraci\u00f3n que busca acercar la m\u00fasica a la comunidad, fortalecer el acceso a los espacios institucionales y poner en valor el trabajo de artistas de toda la provincia. Ser\u00e1 transmitido en vivo por Radio y Televisi\u00f3n del Neuqu\u00e9n (RTN).Bajo la conducci\u00f3n de\u00a0Jorge \u201cNegro\u201d Sosa\u00a0y\u00a0Pedro \u201cKolor\u201d Franco, esta nueva presentaci\u00f3n contar\u00e1 con tres propuestas musicales que reflejan la diversidad y riqueza del g\u00e9nero.Desde San Mart\u00edn de los Andes se presentar\u00e1 Parque Jazz, d\u00fao integrado por\u00a0Tom\u00e1s Stancatti\u00a0en piano y\u00a0Agustina Ortiz\u00a0en voz, con un repertorio que recorre cl\u00e1sicos del jazz y versiones contempor\u00e1neas en formato \u00edntimo.Tambi\u00e9n formar\u00e1 parte de la grilla GV3 Electrotango, agrupaci\u00f3n neuquina liderada por\u00a0Gerardo Verdun, que fusiona tango, jazz, rock y m\u00fasica electr\u00f3nica en una propuesta original inspirada en la renovaci\u00f3n est\u00e9tica de\u00a0Astor Piazzolla.Por su parte, L.E.S. Tr\u00edo ofrecer\u00e1 el concierto homenaje \u201cBill and Jim Memorial\u201d, dedicado a\u00a0Bill Evans\u00a0y\u00a0Jim Hall, con la participaci\u00f3n de\u00a0Ra\u00fal Lled\u00f3,\u00a0Diego Esandi\u00a0y\u00a0Jorge Sosa.Con esta actividad, la Provincia del Neuqu\u00e9n se suma a las celebraciones que se realizan en distintas partes del mundo por el D\u00eda Internacional del Jazz, efem\u00e9ride impulsada por la Unesco desde 2011 para destacar al jazz como herramienta de di\u00e1logo, integraci\u00f3n y entendimiento entre los pueblos.<\/p>\n","protected":false},"excerpt":{"rendered":"<p>mi\u00e9rcoles 29 de abril de 2026 En conmemoraci\u00f3n por el D\u00eda Internacional del Jazz, este jueves se realizar\u00e1 una nueva edici\u00f3n del ciclo \u201cM\u00fasica en el Auditorio\u201d, con entrada libre y gratuita. La actividad comenzar\u00e1 a las 20 en el Auditorio de Casa de Gobierno, ubicado en Santiago del Estero 350 de la ciudad de [&hellip;]<\/p>\n","protected":false},"author":1,"featured_media":15011,"comment_status":"closed","ping_status":"closed","sticky":false,"template":"","format":"standard","meta":{"_monsterinsights_skip_tracking":false,"_monsterinsights_sitenote_active":false,"_monsterinsights_sitenote_note":"","_monsterinsights_sitenote_category":0,"footnotes":"","jetpack_publicize_message":"","jetpack_publicize_feature_enabled":true,"jetpack_social_post_already_shared":true,"jetpack_social_options":{"image_generator_settings":{"template":"highway","default_image_id":0,"font":"","enabled":false},"version":2}},"categories":[9],"tags":[],"class_list":["post-15010","post","type-post","status-publish","format-standard","has-post-thumbnail","hentry","category-espectaculos-y-moda"],"aioseo_notices":[],"jetpack_publicize_connections":[],"amp_enabled":true,"_links":{"self":[{"href":"https:\/\/noticiasdeangostura.com.ar\/index.php?rest_route=\/wp\/v2\/posts\/15010","targetHints":{"allow":["GET"]}}],"collection":[{"href":"https:\/\/noticiasdeangostura.com.ar\/index.php?rest_route=\/wp\/v2\/posts"}],"about":[{"href":"https:\/\/noticiasdeangostura.com.ar\/index.php?rest_route=\/wp\/v2\/types\/post"}],"author":[{"embeddable":true,"href":"https:\/\/noticiasdeangostura.com.ar\/index.php?rest_route=\/wp\/v2\/users\/1"}],"replies":[{"embeddable":true,"href":"https:\/\/noticiasdeangostura.com.ar\/index.php?rest_route=%2Fwp%2Fv2%2Fcomments&post=15010"}],"version-history":[{"count":1,"href":"https:\/\/noticiasdeangostura.com.ar\/index.php?rest_route=\/wp\/v2\/posts\/15010\/revisions"}],"predecessor-version":[{"id":15014,"href":"https:\/\/noticiasdeangostura.com.ar\/index.php?rest_route=\/wp\/v2\/posts\/15010\/revisions\/15014"}],"wp:featuredmedia":[{"embeddable":true,"href":"https:\/\/noticiasdeangostura.com.ar\/index.php?rest_route=\/wp\/v2\/media\/15011"}],"wp:attachment":[{"href":"https:\/\/noticiasdeangostura.com.ar\/index.php?rest_route=%2Fwp%2Fv2%2Fmedia&parent=15010"}],"wp:term":[{"taxonomy":"category","embeddable":true,"href":"https:\/\/noticiasdeangostura.com.ar\/index.php?rest_route=%2Fwp%2Fv2%2Fcategories&post=15010"},{"taxonomy":"post_tag","embeddable":true,"href":"https:\/\/noticiasdeangostura.com.ar\/index.php?rest_route=%2Fwp%2Fv2%2Ftags&post=15010"}],"curies":[{"name":"wp","href":"https:\/\/api.w.org\/{rel}","templated":true}]}}