{"id":15021,"date":"2026-04-29T11:48:14","date_gmt":"2026-04-29T14:48:14","guid":{"rendered":"https:\/\/noticiasdeangostura.com.ar\/?p=15021"},"modified":"2026-04-29T11:48:14","modified_gmt":"2026-04-29T14:48:14","slug":"san-martin-de-los-andes-sera-sede-de-un-workshop-internacional-de-rescate-vehicular-y-trauma","status":"publish","type":"post","link":"https:\/\/noticiasdeangostura.com.ar\/?p=15021","title":{"rendered":"San Mart\u00edn de los Andes ser\u00e1 sede de un workshop internacional de rescate vehicular y trauma"},"content":{"rendered":"<p> <br \/>\n<br \/><\/p>\n<p>M\u00e1s de 100 bomberos y profesionales de emergencias participar\u00e1n del encuentro organizado por la Asociaci\u00f3n de Bomberos Voluntarios de San Mart\u00edn de los Andes y ALAREV.<\/p>\n<div>\n<p>San Mart\u00edn de los Andes ser\u00e1 sede del 3\u00b0 Workshop Internacional de Rescate Vehicular y Trauma, que se desarrollar\u00e1 del 29 de abril al 2 de mayo y reunir\u00e1 a m\u00e1s de 100 bomberos, m\u00e9dicos, enfermeros y personal de emergencias de todo el pa\u00eds.<\/p>\n<p>El encuentro es organizado por la Asociaci\u00f3n de Bomberos Voluntarios de San Mart\u00edn de los Andes junto a la Asociaci\u00f3n Latinoamericana de Rescate Vehicular (ALAREV), y contar\u00e1 con una capacitaci\u00f3n intensiva con fuerte enfoque pr\u00e1ctico y actualizaci\u00f3n tecnol\u00f3gica.<\/p>\n<p class=\"noEditable noticia-relacionada\" data-id=\"332883\"><ampiframe src=\"https:\/\/www.noticiasnqn.com.ar\/api\/noticias\/332883\/relacionadas?amp=1\" layout=\"fixed-height\" sandbox=\"allow-top-navigation allow-top-navigation-by-user-activation allow-scripts \" height=\"100px\"> <b placeholder=\"\">Lee tambi\u00e9n: Temporal en San Mart\u00edn de los Andes: r\u00e1fagas provocaron voladura de chapas y ca\u00edda de \u00e1rboles<\/b> <\/ampiframe><\/p>\n<p>Las actividades te\u00f3ricas se realizar\u00e1n en el espacio <span class=\"hover:entity-accent entity-underline inline cursor-pointer align-baseline\"><span class=\"whitespace-normal\">Le Village<\/span><\/span>, mientras que los ejercicios de campo tendr\u00e1n lugar en el Cuartel 2 \u201cChiche Sassaroli\u201d, en el barrio El Arenal, y en la cancha de polo del Ej\u00e9rcito, donde se simular\u00e1n escenarios reales de rescate y pr\u00e1cticas con helic\u00f3pteros.<\/p>\n<p>Uno de los principales atractivos ser\u00e1 la participaci\u00f3n de instructores internacionales provenientes de Estados Unidos, Chile, Uruguay y Argentina, quienes compartir\u00e1n experiencias y t\u00e9cnicas de vanguardia.<\/p>\n<p>Entre los temas destacados se incluyen el uso de inteligencia artificial en emergencias m\u00e9dicas, aeroevacuaci\u00f3n en accidentes vehiculares, factor humano en situaciones cr\u00edticas, manejo inicial del trauma y t\u00e9cnicas de rescate en buses y camiones.<\/p>\n<p>Adem\u00e1s, 17 bomberos y bomberas locales participar\u00e1n de la capacitaci\u00f3n, lo que permitir\u00e1 fortalecer la capacidad de respuesta en la ciudad sin necesidad de trasladarse a otros centros de formaci\u00f3n.<\/p>\n<p>Desde la organizaci\u00f3n destacaron que este tipo de encuentros no solo mejora la preparaci\u00f3n de los equipos de respuesta, sino que tambi\u00e9n consolida a San Mart\u00edn de los Andes como un punto estrat\u00e9gico en la formaci\u00f3n de profesionales de emergencias a nivel nacional e internacional.<\/p>\n<\/p><\/div>\n","protected":false},"excerpt":{"rendered":"<p>M\u00e1s de 100 bomberos y profesionales de emergencias participar\u00e1n del encuentro organizado por la Asociaci\u00f3n de Bomberos Voluntarios de San Mart\u00edn de los Andes y ALAREV. San Mart\u00edn de los Andes ser\u00e1 sede del 3\u00b0 Workshop Internacional de Rescate Vehicular y Trauma, que se desarrollar\u00e1 del 29 de abril al 2 de mayo y reunir\u00e1 [&hellip;]<\/p>\n","protected":false},"author":1,"featured_media":15022,"comment_status":"","ping_status":"","sticky":false,"template":"","format":"standard","meta":{"_monsterinsights_skip_tracking":false,"_monsterinsights_sitenote_active":false,"_monsterinsights_sitenote_note":"","_monsterinsights_sitenote_category":0,"footnotes":"","jetpack_publicize_message":"","jetpack_publicize_feature_enabled":true,"jetpack_social_post_already_shared":true,"jetpack_social_options":{"image_generator_settings":{"template":"highway","default_image_id":0,"font":"","enabled":false},"version":2}},"categories":[1],"tags":[],"class_list":["post-15021","post","type-post","status-publish","format-standard","has-post-thumbnail","hentry","category-ultimas-noticias"],"aioseo_notices":[],"jetpack_publicize_connections":[],"amp_enabled":true,"_links":{"self":[{"href":"https:\/\/noticiasdeangostura.com.ar\/index.php?rest_route=\/wp\/v2\/posts\/15021","targetHints":{"allow":["GET"]}}],"collection":[{"href":"https:\/\/noticiasdeangostura.com.ar\/index.php?rest_route=\/wp\/v2\/posts"}],"about":[{"href":"https:\/\/noticiasdeangostura.com.ar\/index.php?rest_route=\/wp\/v2\/types\/post"}],"author":[{"embeddable":true,"href":"https:\/\/noticiasdeangostura.com.ar\/index.php?rest_route=\/wp\/v2\/users\/1"}],"replies":[{"embeddable":true,"href":"https:\/\/noticiasdeangostura.com.ar\/index.php?rest_route=%2Fwp%2Fv2%2Fcomments&post=15021"}],"version-history":[{"count":0,"href":"https:\/\/noticiasdeangostura.com.ar\/index.php?rest_route=\/wp\/v2\/posts\/15021\/revisions"}],"wp:featuredmedia":[{"embeddable":true,"href":"https:\/\/noticiasdeangostura.com.ar\/index.php?rest_route=\/wp\/v2\/media\/15022"}],"wp:attachment":[{"href":"https:\/\/noticiasdeangostura.com.ar\/index.php?rest_route=%2Fwp%2Fv2%2Fmedia&parent=15021"}],"wp:term":[{"taxonomy":"category","embeddable":true,"href":"https:\/\/noticiasdeangostura.com.ar\/index.php?rest_route=%2Fwp%2Fv2%2Fcategories&post=15021"},{"taxonomy":"post_tag","embeddable":true,"href":"https:\/\/noticiasdeangostura.com.ar\/index.php?rest_route=%2Fwp%2Fv2%2Ftags&post=15021"}],"curies":[{"name":"wp","href":"https:\/\/api.w.org\/{rel}","templated":true}]}}