{"id":15024,"date":"2026-04-29T12:14:44","date_gmt":"2026-04-29T15:14:44","guid":{"rendered":"https:\/\/noticiasdeangostura.com.ar\/?p=15024"},"modified":"2026-04-29T12:14:44","modified_gmt":"2026-04-29T15:14:44","slug":"confirman-la-alianza-entre-maria-emilia-soria-y-anibal-tortoriello","status":"publish","type":"post","link":"https:\/\/noticiasdeangostura.com.ar\/?p=15024","title":{"rendered":"Confirman la alianza entre Mar\u00eda Emilia Soria y An\u00edbal Tortoriello"},"content":{"rendered":"<p> <br \/>\n<br \/><br \/>Denuncian que dirigentes Kirchneristas \u00abcaranchean\u00bb para romper la interna del PRO y en beneficio del dirigente de Cipolletti. El legislador Juan Murillo apunt\u00f3 a Jos\u00e9 Luis Berros quien abiertamente ya se hab\u00eda manifestado en favor de esa alianza.An\u00edbal Tortoriello junto a la intendenta kirchnerista de Roca, Mar\u00eda Emilia Soria. Foto: gentileza<br \/>\n    La interna del partido que a nivel provincial conduce el legislador Juan Mart\u00edn (PRO) entr\u00f3 en horas decisivas. Esto surge no s\u00f3lo por el cierre de listas sino porque en las \u00faltimas horas surigeron fuertes cr\u00edticas por la participaci\u00f3n de referentes del kirchnerismo (Mar\u00eda Emilia Soria) que responden a An\u00edbal Tortoriello y que apunta a dividir la fuerza que a nivel nacional conduce Mauricio Macri. Apuntan al legislador Jos\u00e9 Luis Berros quien ya se hab\u00eda manifestado a favor de esa alianza.Te puede interesar:\u00a0\u201cLos Soria son la derecha\u201d: fractura en el PJ de R\u00edo Negro por TortorielloA minutos del cierre de listas para las elecciones internas del partido, apareci\u00f3 en la escena la legisladora provincial Martina Lacour como la persona que quiere arrebatarle la conducci\u00f3n a Mart\u00edn. Las elecciones ser\u00e1n el 17 de mayo y el ruido interno ya empez\u00f3 a sonar con fuerza.\u00a0Lacour trabaja con el gui\u00f1o del diputado libertario\u00a0An\u00edbal Tortoriello quien cuenta con su propio partido pol\u00edtico CREO R\u00edo Negro, y que est\u00e1 dispuesto a correr del camino a Juan Mart\u00edn para apoderarse de la conducci\u00f3n de esta fueraza pol\u00edtica a nivel provincial.Quien habl\u00f3 del tema fue el legislador del PRO rionegrino, Juan Sebasti\u00e1n Murillo quien cuestion\u00f3 abiertamente no s\u00f3lo a Tortoriello sino tambi\u00e9n a los dirigentes kircheristas que trabajan en favor de Lacour. \u201cLa lista que Tortoriellismo est\u00e1 arengando, carancheando a nuestros dirigentes, llevar\u00eda a la cabeza a la legisladora Martina Lacour\u00bb, cont\u00f3.\u201cHoy est\u00e1n conformando listas para una interna con gente que ni est\u00e1 participando o cuando particip\u00f3 critic\u00f3 a Tortoriello, dec\u00eda cualquier barbaridad y hoy formaliza con \u00e9l y su gente\u201d, dijo el diputado.Enojado con lo que se est\u00e1 viviendo, sintetiz\u00f3: \u201cLo fueron rompiendo al PRO. Esta legisladora (Mar\u00eda Laura) Frei, de Bariloche, la legisladora (Ofelia) Stupenego, de Viedma, por el momento tenemos a la legisladora Lacour de Bariloche\u2026El PRO est\u00e1 y est\u00e1 fuerte, pero lo est\u00e1n tratando de romper\u201d.Un enojo que se profundiza\u201cEstamos viendo much\u00edsima injerencia de otros partidos en la interna del PRO, tratando de armar una lista opositora encabezada por la legisladora Martina Lacour a la que le sumaron gente que, aunque formalmente sigue afiliada al PRO, est\u00e1 trabajando abiertamente para otros espacios\u201d, remarc\u00f3 el legislador, al referirse a su afinidad con el actual diputado An\u00edbal Tortoriello.Y asegur\u00f3 que hay\u00a0 \u201cun ejemplo muy burdo de esta intromisi\u00f3n es el hecho de que quien se present\u00f3 como apoderada de la lista de Lacour es la concejal viedmense Mar\u00eda Andr\u00eda, quien se muestra recorriendo la provincia junto a Tortoriello e incluso llam\u00f3 p\u00fablicamente a votar a La Libertad Avanza.\u201cTambi\u00e9n tenemos los casos del apoderado de CREO, Nicol\u00e1s Yanssen, o quien ser\u00eda presidente del bloque legislativo de esa fuerza, Patricia Mc Kidd, llamando a afiliados al PRO para sumarlos a esa lista. Pero sin dudas lo m\u00e1s curioso es la intervenci\u00f3n del legislador sorista Jos\u00e9 Luis Berros, que tambi\u00e9n est\u00e1 punteando nuestro padr\u00f3n\u201d, remarc\u00f3 Murillo.Con este panorama, reflexion\u00f3: \u201cEsto sin duda alimenta las versiones de un acuerdo entre Tortoriello y Soria. Lo que queda claro es que el PRO incomoda a otras fuerzas y lo que quieren hacer es poner un caballo de Troya para neutralizar al partido pensando en 2027\u201d.<\/p>\n","protected":false},"excerpt":{"rendered":"<p>Denuncian que dirigentes Kirchneristas \u00abcaranchean\u00bb para romper la interna del PRO y en beneficio del dirigente de Cipolletti. El legislador Juan Murillo apunt\u00f3 a Jos\u00e9 Luis Berros quien abiertamente ya se hab\u00eda manifestado en favor de esa alianza.An\u00edbal Tortoriello junto a la intendenta kirchnerista de Roca, Mar\u00eda Emilia Soria. Foto: gentileza La interna del partido [&hellip;]<\/p>\n","protected":false},"author":1,"featured_media":15025,"comment_status":"","ping_status":"","sticky":false,"template":"","format":"standard","meta":{"_monsterinsights_skip_tracking":false,"_monsterinsights_sitenote_active":false,"_monsterinsights_sitenote_note":"","_monsterinsights_sitenote_category":0,"footnotes":"","jetpack_publicize_message":"","jetpack_publicize_feature_enabled":true,"jetpack_social_post_already_shared":true,"jetpack_social_options":{"image_generator_settings":{"template":"highway","default_image_id":0,"font":"","enabled":false},"version":2}},"categories":[5],"tags":[],"class_list":["post-15024","post","type-post","status-publish","format-standard","has-post-thumbnail","hentry","category-politica"],"aioseo_notices":[],"jetpack_publicize_connections":[],"amp_enabled":true,"_links":{"self":[{"href":"https:\/\/noticiasdeangostura.com.ar\/index.php?rest_route=\/wp\/v2\/posts\/15024","targetHints":{"allow":["GET"]}}],"collection":[{"href":"https:\/\/noticiasdeangostura.com.ar\/index.php?rest_route=\/wp\/v2\/posts"}],"about":[{"href":"https:\/\/noticiasdeangostura.com.ar\/index.php?rest_route=\/wp\/v2\/types\/post"}],"author":[{"embeddable":true,"href":"https:\/\/noticiasdeangostura.com.ar\/index.php?rest_route=\/wp\/v2\/users\/1"}],"replies":[{"embeddable":true,"href":"https:\/\/noticiasdeangostura.com.ar\/index.php?rest_route=%2Fwp%2Fv2%2Fcomments&post=15024"}],"version-history":[{"count":0,"href":"https:\/\/noticiasdeangostura.com.ar\/index.php?rest_route=\/wp\/v2\/posts\/15024\/revisions"}],"wp:featuredmedia":[{"embeddable":true,"href":"https:\/\/noticiasdeangostura.com.ar\/index.php?rest_route=\/wp\/v2\/media\/15025"}],"wp:attachment":[{"href":"https:\/\/noticiasdeangostura.com.ar\/index.php?rest_route=%2Fwp%2Fv2%2Fmedia&parent=15024"}],"wp:term":[{"taxonomy":"category","embeddable":true,"href":"https:\/\/noticiasdeangostura.com.ar\/index.php?rest_route=%2Fwp%2Fv2%2Fcategories&post=15024"},{"taxonomy":"post_tag","embeddable":true,"href":"https:\/\/noticiasdeangostura.com.ar\/index.php?rest_route=%2Fwp%2Fv2%2Ftags&post=15024"}],"curies":[{"name":"wp","href":"https:\/\/api.w.org\/{rel}","templated":true}]}}