{"id":15028,"date":"2026-04-29T12:18:49","date_gmt":"2026-04-29T15:18:49","guid":{"rendered":"https:\/\/noticiasdeangostura.com.ar\/?p=15028"},"modified":"2026-04-29T12:18:49","modified_gmt":"2026-04-29T15:18:49","slug":"franco-saillen-consiguio-otro-permiso-para-viajar-al-exterior-esta-vez-a-chile","status":"publish","type":"post","link":"https:\/\/noticiasdeangostura.com.ar\/?p=15028","title":{"rendered":"Franco Saill\u00e9n consigui\u00f3 otro permiso para viajar al exterior, esta vez a Chile"},"content":{"rendered":"<p> <br \/>\n<br \/><br \/>\n\t\t\t\t\t\tEl Tribunal Oral Federal N\u00b0 1 de C\u00f3rdoba (TOF1) dict\u00f3 ayer, 28 de abril, una resoluci\u00f3n que autoriza al dirigente del Surrbac -sindicato de recolectores- Franco Saillen a salir del pa\u00eds con fines tur\u00edsticos. A pesar de la oposici\u00f3n de la fiscal\u00eda y la querella de la UIF (Unidad de Informaci\u00f3n Financiera), la justicia le otorg\u00f3 el permiso para viajar a Chile durante 10 d\u00edas, con la condici\u00f3n de pagar una fianza personal de 50 millones de pesos.<\/p>\n<p>Turismo en una Ford Raptor<\/p>\n<p>La solicitud fue presentada por la defensa de Saillen, encabezada por el Eduardo G\u00f3mez Caminos, con el objetivo de realizar un viaje de car\u00e1cter \u00abpersonal, recreativo y tur\u00edstico\u00bb a Santiago de Chile. Para obtener el aval, el imputado detall\u00f3 que se alojar\u00eda en el barrio de Providencia y que se movilizar\u00eda en una camioneta Ford F-150 Raptor.<\/p>\n<p>Como respaldo de la solicitud, se ofrecieron dos fiadores y la tasaci\u00f3n de un inmueble en Villa Parque Santa Ana valuado en 76.000 d\u00f3lares.<\/p>\n<p>Muerte en la comisar\u00eda 6\u00aa: la familia duda que haya sido ahorcado con un buzo<\/p>\n<p>Oposici\u00f3n por \u00abriesgo de fuga\u00bb<\/p>\n<p>La medida no fue bien recibida por los acusadores. El fiscal Maximiliano Hairabedi\u00e1n, dictamin\u00f3 en contra del permiso, recordando que Saillen tiene vigente una prohibici\u00f3n de salida del pa\u00eds desde 2019 y que la causa ya se encuentra en la etapa preparatoria del juicio oral.<\/p>\n<p>En la misma sinton\u00eda, la Unidad de Informaci\u00f3n Financiera (UIF), que act\u00faa como querellante, solicit\u00f3 el rechazo del pedido por considerar que no hab\u00edan variado las condiciones de riesgo procesal.<\/p>\n<p>Los argumentos para mantener la prohibici\u00f3n se centran en la gravedad de la causa: Saillen est\u00e1 imputado como autor y part\u00edcipe necesario del delito de lavado de activos agravado por la habitualidad. Seg\u00fan el voto del juez Jos\u00e9 Fabi\u00e1n As\u00eds \u2014quien vot\u00f3 en disidencia\u2014, existen indicadores de riesgo como los \u00abmillonarios montos defraudados\u00bb, el uso de testaferros y los numerosos viajes previos del imputado a Panam\u00e1.<\/p>\n<p>El precedente de Casaci\u00f3n y la fianza millonaria<\/p>\n<p>A pesar de las advertencias sobre el peligro de fuga, la mayor\u00eda del tribunal (integrada por los jueces Juli\u00e1n Falcucci y Mario Eduardo Mart\u00ednez) decidi\u00f3 hacer lugar al pedido. <\/p>\n<p>Jueces de Casaci\u00f3n autorizaron a Franco Saill\u00e9n a viajar por turismo a Nueva York, Los \u00c1ngeles y Tulum<\/p>\n<p>Los magistrados explicaron que, aunque coinciden en que la prohibici\u00f3n de salida es razonable, deben acatar un fallo previo de la C\u00e1mara Federal de Casaci\u00f3n Penal que ya hab\u00eda autorizado un viaje anterior de Saillen en diciembre de 2025. En efecto, estuvo de vacaciones m\u00e1s de un mes en M\u00e9xico y Estados Unidos.<\/p>\n<p>En disidencia vot\u00f3 el tercer vocal, Jos\u00e9 Fabi\u00e1n As\u00eds.<\/p>\n","protected":false},"excerpt":{"rendered":"<p>El Tribunal Oral Federal N\u00b0 1 de C\u00f3rdoba (TOF1) dict\u00f3 ayer, 28 de abril, una resoluci\u00f3n que autoriza al dirigente del Surrbac -sindicato de recolectores- Franco Saillen a salir del pa\u00eds con fines tur\u00edsticos. A pesar de la oposici\u00f3n de la fiscal\u00eda y la querella de la UIF (Unidad de Informaci\u00f3n Financiera), la justicia le [&hellip;]<\/p>\n","protected":false},"author":1,"featured_media":15029,"comment_status":"","ping_status":"","sticky":false,"template":"","format":"standard","meta":{"_monsterinsights_skip_tracking":false,"_monsterinsights_sitenote_active":false,"_monsterinsights_sitenote_note":"","_monsterinsights_sitenote_category":0,"footnotes":"","jetpack_publicize_message":"","jetpack_publicize_feature_enabled":true,"jetpack_social_post_already_shared":true,"jetpack_social_options":{"image_generator_settings":{"template":"highway","default_image_id":0,"font":"","enabled":false},"version":2}},"categories":[11],"tags":[],"class_list":["post-15028","post","type-post","status-publish","format-standard","has-post-thumbnail","hentry","category-actualidad"],"aioseo_notices":[],"jetpack_publicize_connections":[],"amp_enabled":true,"_links":{"self":[{"href":"https:\/\/noticiasdeangostura.com.ar\/index.php?rest_route=\/wp\/v2\/posts\/15028","targetHints":{"allow":["GET"]}}],"collection":[{"href":"https:\/\/noticiasdeangostura.com.ar\/index.php?rest_route=\/wp\/v2\/posts"}],"about":[{"href":"https:\/\/noticiasdeangostura.com.ar\/index.php?rest_route=\/wp\/v2\/types\/post"}],"author":[{"embeddable":true,"href":"https:\/\/noticiasdeangostura.com.ar\/index.php?rest_route=\/wp\/v2\/users\/1"}],"replies":[{"embeddable":true,"href":"https:\/\/noticiasdeangostura.com.ar\/index.php?rest_route=%2Fwp%2Fv2%2Fcomments&post=15028"}],"version-history":[{"count":0,"href":"https:\/\/noticiasdeangostura.com.ar\/index.php?rest_route=\/wp\/v2\/posts\/15028\/revisions"}],"wp:featuredmedia":[{"embeddable":true,"href":"https:\/\/noticiasdeangostura.com.ar\/index.php?rest_route=\/wp\/v2\/media\/15029"}],"wp:attachment":[{"href":"https:\/\/noticiasdeangostura.com.ar\/index.php?rest_route=%2Fwp%2Fv2%2Fmedia&parent=15028"}],"wp:term":[{"taxonomy":"category","embeddable":true,"href":"https:\/\/noticiasdeangostura.com.ar\/index.php?rest_route=%2Fwp%2Fv2%2Fcategories&post=15028"},{"taxonomy":"post_tag","embeddable":true,"href":"https:\/\/noticiasdeangostura.com.ar\/index.php?rest_route=%2Fwp%2Fv2%2Ftags&post=15028"}],"curies":[{"name":"wp","href":"https:\/\/api.w.org\/{rel}","templated":true}]}}