{"id":15038,"date":"2026-04-29T14:16:14","date_gmt":"2026-04-29T17:16:14","guid":{"rendered":"https:\/\/noticiasdeangostura.com.ar\/?p=15038"},"modified":"2026-04-29T14:16:14","modified_gmt":"2026-04-29T17:16:14","slug":"apuntan-a-una-profunda-modernizacion-de-la-secretaria-de-trabajo-en-rio-negro-los-detalles","status":"publish","type":"post","link":"https:\/\/noticiasdeangostura.com.ar\/?p=15038","title":{"rendered":"Apuntan a una profunda modernizaci\u00f3n de la Secretar\u00eda de Trabajo en R\u00edo Negro: los detalles"},"content":{"rendered":"<p> <br \/>\n<br \/><br \/>La titular del organismo provincial, Mar\u00eda Martha Avilez, cont\u00f3 los pormenores y aclar\u00f3: \u00abNo tiene que ver con la ley de reforma laboral\u00bb.La funcionaria provincial explic\u00f3 el proyecto de modernizaci\u00f3n laboral y cont\u00f3 que tiene el respaldo de los gremios. Foto Vanesa Schwemmler (Archivo).<br \/>\n    Uno de los proyectos que se tratar\u00e1 este jueves 30 de abril en la primera sesi\u00f3n ordinaria en la Legislatura de R\u00edo Negro apunta a una modernizaci\u00f3n de la secretar\u00eda de Trabajo provincial. Los ejes pasan por la digitalizaci\u00f3n de procesos, el fortalecimiento de las inspecciones y la incorporaci\u00f3n de nuevas herramientas para garantizar el cumplimiento de la normativa laboral.Quien lo defendi\u00f3 en la semana en comisiones de asuntos sociales fue la titular de la secretar\u00eda, Mar\u00eda Martha Avilez. En di\u00e1logo con este medio, cont\u00f3 que se trat\u00f3 de un pedido del gobernador Alberto Weretilneck para modernizar y agilizar. \u201cEsto no tiene que ver con la\u00a0ley de reforma laboral, eso es una cuesti\u00f3n de fondo que se resuelve a trav\u00e9s de las c\u00e1maras del Congreso\u00bb, aclar\u00f3.\u201cEste proyecto de ley trae, entre otras cuestiones, robustecer a trav\u00e9s de distintas herramientas al cuerpo de inspectores, pero tambi\u00e9n modernizar\u00a0todo lo que hace al sistema y expediente digital, que nosotros hemos avanzado much\u00edsimo despu\u00e9s de\u00a0lo que nos ha dejado la pandemia\u201d, remarc\u00f3.Te puede interesar:\u00a0Arranca la primera sesi\u00f3n ordinaria de la Legislatura de R\u00edo Negro: cu\u00e1les son los principales temas en agendaY subray\u00f3: \u201cTrae\u00a0la posibilidad de fiscalizar nuevas modalidades de prestaci\u00f3n de servicio, como es el teletrabajo,\u00a0o conocido como home office, y el trabajo a trav\u00e9s de las plataformas digitales. La ley actual de la\u00a0Secretar\u00eda del Trabajo no prev\u00e9 esta forma de prestaci\u00f3n de servicios, sino que incorporamos\u00a0nosotros en la fiscalizaci\u00f3n digital tambi\u00e9n, es decir, poder auditar los servicios de software\u00a0o distintas plataformas por las que los trabajadores hacen la prestaci\u00f3n del servicio de manera remota\u201d.\u00a0\u201cNosotros con la conformidad y el consentimiento de los trabajadores, fiscalizamos\u00a0cu\u00e1ntas horas son las que permanecen conectados, si se respetan o no los horarios de descanso,\u00a0llamados horarios de desconexi\u00f3n, en qu\u00e9 condiciones se da esa prestaci\u00f3n del servicio, lo cual nos va a permitir, llegar tambi\u00e9n a resguardar y a cuidar a estos trabajadores que se desempe\u00f1an con estas nuevas modalidades.\u201d, puso en conocimiento.M\u00e1s all\u00e1 del cuidado al trabajador para que no trabaje m\u00e1s de la cuenta, por ejemplo, tambi\u00e9n tiene que ver con la otra parte, que tiene que ver con que se cumpla el horario laboral. \u201cEso por un lado, y por otro, el acompa\u00f1amiento,\u00a0sin ser parte obviamente, pero el acompa\u00f1amiento a los trabajadores a la instancia judicial.\u00a0Son dos cuestiones importantes que hay\u201d, mencion\u00f3.\u201cNuestra ley actual de la secretar\u00eda es una ley, si se quiere,\u00a0punitivista. Es una ley que, cuando nosotros encontramos una infracci\u00f3n laboral, la misma\u00a0tiene como destino final la multa pecuniaria, una multa que viene atada al salario m\u00ednimo vital y\u00a0m\u00f3vil. Nosotros lo que estamos proponiendo con este proyecto es tener dos instancias previas a\u00a0la sanci\u00f3n de la multa\u201d, remarc\u00f3.Un poco de claridad para las partes, y un detalle que no es menor: el visto bueno desde el otro lado. En su exposici\u00f3n en la Legislatura, Mar\u00eda Martha destac\u00f3 el acompa\u00f1amiento de la CGT y de distintos gremios, entre ellos la UOCRA, que participaron del proceso de di\u00e1logo previo.<\/p>\n","protected":false},"excerpt":{"rendered":"<p>La titular del organismo provincial, Mar\u00eda Martha Avilez, cont\u00f3 los pormenores y aclar\u00f3: \u00abNo tiene que ver con la ley de reforma laboral\u00bb.La funcionaria provincial explic\u00f3 el proyecto de modernizaci\u00f3n laboral y cont\u00f3 que tiene el respaldo de los gremios. Foto Vanesa Schwemmler (Archivo). Uno de los proyectos que se tratar\u00e1 este jueves 30 de [&hellip;]<\/p>\n","protected":false},"author":1,"featured_media":15039,"comment_status":"","ping_status":"","sticky":false,"template":"","format":"standard","meta":{"_monsterinsights_skip_tracking":false,"_monsterinsights_sitenote_active":false,"_monsterinsights_sitenote_note":"","_monsterinsights_sitenote_category":0,"footnotes":"","jetpack_publicize_message":"","jetpack_publicize_feature_enabled":true,"jetpack_social_post_already_shared":true,"jetpack_social_options":{"image_generator_settings":{"template":"highway","default_image_id":0,"font":"","enabled":false},"version":2}},"categories":[5],"tags":[],"class_list":["post-15038","post","type-post","status-publish","format-standard","has-post-thumbnail","hentry","category-politica"],"aioseo_notices":[],"jetpack_publicize_connections":[],"amp_enabled":true,"_links":{"self":[{"href":"https:\/\/noticiasdeangostura.com.ar\/index.php?rest_route=\/wp\/v2\/posts\/15038","targetHints":{"allow":["GET"]}}],"collection":[{"href":"https:\/\/noticiasdeangostura.com.ar\/index.php?rest_route=\/wp\/v2\/posts"}],"about":[{"href":"https:\/\/noticiasdeangostura.com.ar\/index.php?rest_route=\/wp\/v2\/types\/post"}],"author":[{"embeddable":true,"href":"https:\/\/noticiasdeangostura.com.ar\/index.php?rest_route=\/wp\/v2\/users\/1"}],"replies":[{"embeddable":true,"href":"https:\/\/noticiasdeangostura.com.ar\/index.php?rest_route=%2Fwp%2Fv2%2Fcomments&post=15038"}],"version-history":[{"count":0,"href":"https:\/\/noticiasdeangostura.com.ar\/index.php?rest_route=\/wp\/v2\/posts\/15038\/revisions"}],"wp:featuredmedia":[{"embeddable":true,"href":"https:\/\/noticiasdeangostura.com.ar\/index.php?rest_route=\/wp\/v2\/media\/15039"}],"wp:attachment":[{"href":"https:\/\/noticiasdeangostura.com.ar\/index.php?rest_route=%2Fwp%2Fv2%2Fmedia&parent=15038"}],"wp:term":[{"taxonomy":"category","embeddable":true,"href":"https:\/\/noticiasdeangostura.com.ar\/index.php?rest_route=%2Fwp%2Fv2%2Fcategories&post=15038"},{"taxonomy":"post_tag","embeddable":true,"href":"https:\/\/noticiasdeangostura.com.ar\/index.php?rest_route=%2Fwp%2Fv2%2Ftags&post=15038"}],"curies":[{"name":"wp","href":"https:\/\/api.w.org\/{rel}","templated":true}]}}