{"id":15050,"date":"2026-04-29T15:57:46","date_gmt":"2026-04-29T18:57:46","guid":{"rendered":"https:\/\/noticiasdeangostura.com.ar\/?p=15050"},"modified":"2026-04-29T15:57:46","modified_gmt":"2026-04-29T18:57:46","slug":"se-realizo-reunion-informativa-sobre-el-operativo-de-seguridad-acuatica","status":"publish","type":"post","link":"https:\/\/noticiasdeangostura.com.ar\/?p=15050","title":{"rendered":"Se realiz\u00f3 reuni\u00f3n informativa sobre el operativo de seguridad acu\u00e1tica"},"content":{"rendered":"<p>En el d\u00eda de hoy se llev\u00f3 a cabo en el Centro de Convenciones de Villa La Angostura una reuni\u00f3n informativa sobre el operativo de seguridad acu\u00e1tica municipal, brindado por la Direcci\u00f3n de Protecci\u00f3n Civil a cargo de su Directora, Aldana Rodr\u00edguez.<\/p>\n<p>Participaron de la actividad el Secretario de Gobierno, Juan Pablo Naretti, junto a representantes de la Comisar\u00eda N\u00b028, personal de Prefectura Naval Argentina, SPMF (Sistema Provincial de Manejo del Fuego), guardavidas, personal del Hospital local, como as\u00ed tambi\u00e9n otras instituciones intermedias.<\/p>\n<p>Durante el encuentro se presentaron los principales lineamientos y conclusiones de la temporada, destacando el trabajo preventivo realizado y la coordinaci\u00f3n entre las \u00e1reas intervinientes. Asimismo, se comparti\u00f3 un an\u00e1lisis general del comportamiento en las distintas playas, identificando sectores de mayor concurrencia y zonas que requieren especial atenci\u00f3n.<\/p>\n<p>En este sentido, se remarc\u00f3 la importancia de sostener y fortalecer las tareas de prevenci\u00f3n, control y concientizaci\u00f3n, especialmente en aquellos espacios con mayor actividad recreativa y n\u00e1utica.<\/p>\n<p>Como conclusi\u00f3n, se destac\u00f3 el funcionamiento del operativo y el trabajo articulado entre las instituciones, al tiempo que se se\u00f1al\u00f3 la necesidad de continuar fortaleciendo herramientas y recursos para optimizar la seguridad.<\/p>\n<p>El encuentro tuvo como objetivo principal intercambiar informaci\u00f3n y avanzar en la conformaci\u00f3n de una mesa de trabajo interinstitucional, que permita seguir consolidando acciones conjuntas en un destino tur\u00edstico activo como Villa La Angostura.<\/p>\n<figure class=\"wp-block-gallery has-nested-images columns-default is-cropped wp-block-gallery-1 is-layout-flex wp-block-gallery-is-layout-flex\">\n<figure class=\"wp-block-image size-large\"><img fetchpriority=\"high\" decoding=\"async\" width=\"1024\" height=\"768\" data-id=\"35524\" src=\"https:\/\/noticiasdeangostura.com.ar\/wp-content\/uploads\/2026\/04\/20260428_111528-1024x768.jpg\" alt=\"\" class=\"wp-image-35524\"   \/><\/figure>\n<figure class=\"wp-block-image size-large\"><img decoding=\"async\" width=\"768\" height=\"1024\" data-id=\"35515\" src=\"https:\/\/noticiasdeangostura.com.ar\/wp-content\/uploads\/2026\/04\/20260428_111519-768x1024.jpg\" alt=\"\" class=\"wp-image-35515\"   \/><\/figure>\n<figure class=\"wp-block-image size-large\"><img decoding=\"async\" width=\"1024\" height=\"768\" data-id=\"35517\" src=\"https:\/\/noticiasdeangostura.com.ar\/wp-content\/uploads\/2026\/04\/20260428_110336-1024x768.jpg\" alt=\"\" class=\"wp-image-35517\"   \/><\/figure>\n<figure class=\"wp-block-image size-large\"><img loading=\"lazy\" decoding=\"async\" loading=\"lazy\" width=\"1024\" height=\"768\" data-id=\"35521\" src=\"https:\/\/noticiasdeangostura.com.ar\/wp-content\/uploads\/2026\/04\/20260428_110316-1024x768.jpg\" alt=\"\" class=\"wp-image-35521\"   \/><\/figure>\n<figure class=\"wp-block-image size-large\"><img loading=\"lazy\" decoding=\"async\" loading=\"lazy\" width=\"1024\" height=\"768\" data-id=\"35525\" src=\"https:\/\/noticiasdeangostura.com.ar\/wp-content\/uploads\/2026\/04\/20260428_110258-1024x768.jpg\" alt=\"\" class=\"wp-image-35525\"   \/><\/figure>\n<figure class=\"wp-block-image size-large\"><img loading=\"lazy\" decoding=\"async\" loading=\"lazy\" width=\"1024\" height=\"768\" data-id=\"35518\" src=\"https:\/\/noticiasdeangostura.com.ar\/wp-content\/uploads\/2026\/04\/20260428_110150-1024x768.jpg\" alt=\"\" class=\"wp-image-35518\"   \/><\/figure>\n<figure class=\"wp-block-image size-large\"><img loading=\"lazy\" decoding=\"async\" loading=\"lazy\" width=\"1024\" height=\"768\" data-id=\"35516\" src=\"https:\/\/noticiasdeangostura.com.ar\/wp-content\/uploads\/2026\/04\/20260428_110136-1024x768.jpg\" alt=\"\" class=\"wp-image-35516\"   \/><\/figure>\n<figure class=\"wp-block-image size-large\"><img loading=\"lazy\" decoding=\"async\" loading=\"lazy\" width=\"768\" height=\"1024\" data-id=\"35520\" src=\"https:\/\/noticiasdeangostura.com.ar\/wp-content\/uploads\/2026\/04\/20260428_105243-768x1024.jpg\" alt=\"\" class=\"wp-image-35520\"   \/><\/figure>\n<figure class=\"wp-block-image size-large\"><img loading=\"lazy\" decoding=\"async\" loading=\"lazy\" width=\"768\" height=\"1024\" data-id=\"35514\" src=\"https:\/\/noticiasdeangostura.com.ar\/wp-content\/uploads\/2026\/04\/20260428_105238-768x1024.jpg\" alt=\"\" class=\"wp-image-35514\"   \/><\/figure>\n<figure class=\"wp-block-image size-large\"><img loading=\"lazy\" decoding=\"async\" loading=\"lazy\" width=\"1024\" height=\"768\" data-id=\"35519\" src=\"https:\/\/noticiasdeangostura.com.ar\/wp-content\/uploads\/2026\/04\/20260428_105155-1024x768.jpg\" alt=\"\" class=\"wp-image-35519\"   \/><\/figure>\n<figure class=\"wp-block-image size-large\"><img loading=\"lazy\" decoding=\"async\" loading=\"lazy\" width=\"1024\" height=\"768\" data-id=\"35522\" src=\"https:\/\/noticiasdeangostura.com.ar\/wp-content\/uploads\/2026\/04\/20260428_104953-1024x768.jpg\" alt=\"\" class=\"wp-image-35522\"   \/><\/figure>\n<figure class=\"wp-block-image size-large\"><img loading=\"lazy\" decoding=\"async\" loading=\"lazy\" width=\"1024\" height=\"768\" data-id=\"35523\" src=\"https:\/\/noticiasdeangostura.com.ar\/wp-content\/uploads\/2026\/04\/20260428_104934-1024x768.jpg\" alt=\"\" class=\"wp-image-35523\"   \/><\/figure>\n<\/figure>\n","protected":false},"excerpt":{"rendered":"<p>En el d\u00eda de hoy se llev\u00f3 a cabo en el Centro de Convenciones de Villa La Angostura una reuni\u00f3n informativa sobre el operativo de seguridad acu\u00e1tica municipal, brindado por la Direcci\u00f3n de Protecci\u00f3n Civil a cargo de su Directora, Aldana Rodr\u00edguez. Participaron de la actividad el Secretario de Gobierno, Juan Pablo Naretti, junto a [&hellip;]<\/p>\n","protected":false},"author":1,"featured_media":15051,"comment_status":"","ping_status":"","sticky":false,"template":"","format":"standard","meta":{"_monsterinsights_skip_tracking":false,"_monsterinsights_sitenote_active":false,"_monsterinsights_sitenote_note":"","_monsterinsights_sitenote_category":0,"footnotes":"","jetpack_publicize_message":"","jetpack_publicize_feature_enabled":true,"jetpack_social_post_already_shared":true,"jetpack_social_options":{"image_generator_settings":{"template":"highway","default_image_id":0,"font":"","enabled":false},"version":2}},"categories":[3],"tags":[2606,2022,258,173,1594,144,91],"class_list":["post-15050","post","type-post","status-publish","format-standard","has-post-thumbnail","hentry","category-villa-la-angostura","tag-acuatica","tag-informativa","tag-operativo","tag-realizo","tag-reunion","tag-seguridad","tag-sobre"],"aioseo_notices":[],"jetpack_publicize_connections":[],"amp_enabled":true,"_links":{"self":[{"href":"https:\/\/noticiasdeangostura.com.ar\/index.php?rest_route=\/wp\/v2\/posts\/15050","targetHints":{"allow":["GET"]}}],"collection":[{"href":"https:\/\/noticiasdeangostura.com.ar\/index.php?rest_route=\/wp\/v2\/posts"}],"about":[{"href":"https:\/\/noticiasdeangostura.com.ar\/index.php?rest_route=\/wp\/v2\/types\/post"}],"author":[{"embeddable":true,"href":"https:\/\/noticiasdeangostura.com.ar\/index.php?rest_route=\/wp\/v2\/users\/1"}],"replies":[{"embeddable":true,"href":"https:\/\/noticiasdeangostura.com.ar\/index.php?rest_route=%2Fwp%2Fv2%2Fcomments&post=15050"}],"version-history":[{"count":0,"href":"https:\/\/noticiasdeangostura.com.ar\/index.php?rest_route=\/wp\/v2\/posts\/15050\/revisions"}],"wp:featuredmedia":[{"embeddable":true,"href":"https:\/\/noticiasdeangostura.com.ar\/index.php?rest_route=\/wp\/v2\/media\/15051"}],"wp:attachment":[{"href":"https:\/\/noticiasdeangostura.com.ar\/index.php?rest_route=%2Fwp%2Fv2%2Fmedia&parent=15050"}],"wp:term":[{"taxonomy":"category","embeddable":true,"href":"https:\/\/noticiasdeangostura.com.ar\/index.php?rest_route=%2Fwp%2Fv2%2Fcategories&post=15050"},{"taxonomy":"post_tag","embeddable":true,"href":"https:\/\/noticiasdeangostura.com.ar\/index.php?rest_route=%2Fwp%2Fv2%2Ftags&post=15050"}],"curies":[{"name":"wp","href":"https:\/\/api.w.org\/{rel}","templated":true}]}}