{"id":15058,"date":"2026-04-29T16:20:28","date_gmt":"2026-04-29T19:20:28","guid":{"rendered":"https:\/\/noticiasdeangostura.com.ar\/?p=15058"},"modified":"2026-04-29T16:20:28","modified_gmt":"2026-04-29T19:20:28","slug":"controversia-en-la-camara-federal-de-cordoba-por-la-designacion-del-director-de-la-oficina-judicial","status":"publish","type":"post","link":"https:\/\/noticiasdeangostura.com.ar\/?p=15058","title":{"rendered":"Controversia en la C\u00e1mara Federal de C\u00f3rdoba por la designaci\u00f3n del director de la Oficina Judicial"},"content":{"rendered":"<p> <br \/>\n<br \/><br \/>\n\t\t\t\t\t\tLa C\u00e1mara Federal de Apelaciones de C\u00f3rdoba muestra otra vez discordancias internas. En este caso es por la designaci\u00f3n del Director de la Oficina Judicial de Gesti\u00f3n, un cargo estrat\u00e9gico para la implementaci\u00f3n del nuevo sistema acusatorio. <\/p>\n<p>La disputa, que enfrenta a la vocal Liliana Navarro con sus pares Graciela Montesi, Abel S\u00e1nchez Torres y Eduardo \u00c1valos, ha escalado hasta la Corte Suprema de Justicia de la Naci\u00f3n (CSJN) mediante un pedido de avocamiento presentado el lunes pasado.<\/p>\n<p>Franco Saill\u00e9n consigui\u00f3 otro permiso para viajar al exterior, esta vez a Chile<\/p>\n<p>El origen del conflicto: un acuerdo bajo licencia<\/p>\n<p>La controversia se precipit\u00f3 el 1 de abril de 2026. El d\u00eda anterior, la jueza Navarro, quien se encontraba bajo licencia por enfermedad, solicit\u00f3 formalmente postergar el tratamiento de la designaci\u00f3n hasta su reincorporaci\u00f3n, prevista para diez d\u00edas despu\u00e9s. Sin embargo, el tribunal \u2014integrado en ese momento por Montesi, S\u00e1nchez Torres y \u00c1valos\u2014 dict\u00f3 el Acuerdo N\u00b0 74\/2026 rechazando la postergaci\u00f3n.<\/p>\n<p>Acto seguido, mediante el Acuerdo N\u00b0 75\/2026, los tres jueces designaron por unanimidad al abogado Ezequiel L\u00f3pez Messio como director de la Oficina Judicial, con rango equivalente a Secretario Letrado de la Corte Suprema.<\/p>\n<p>Tres familias denuncian presunto abuso sexual en un colegio de C\u00f3rdoba: la Justicia acumula meses sin avances<\/p>\n<p>Los argumentos de la impugnaci\u00f3n y la respuesta<\/p>\n<p>Tras reincorporarse, Navarro present\u00f3 el 20 de abril un planteo de nulidad absoluta contra el nombramiento. Sus cr\u00edticas se centran en tres ejes principales: la inexistencia del cargo en C\u00f3rdoba, la falta de un proceso competitivo donde se puedan evaluar a otros candidatos y una extralimitaci\u00f3n de facultades.<\/p>\n<p>El 23 de abril, mediante el Acuerdo N\u00b0 93\/2026, la C\u00e1mara rechaz\u00f3 el planteo de Navarro. Los jueces Montesi, S\u00e1nchez Torres y \u00c1valos defendieron la legalidad de su decisi\u00f3n bas\u00e1ndose. Consideraron que hay una \u201curgencia institucional\u201d porque el Ministerio de Justicia de la Naci\u00f3n fij\u00f3 la entrada en vigencia del sistema acusatorio en C\u00f3rdoba para el 15 de junio venidero, lo que obliga a adoptar medidas organizativas con antelaci\u00f3n.<\/p>\n<p>Tambi\u00e9n se\u00f1alaron que el nombramiento efectuado tendr\u00e1 efecto cuando la Corte Suprema cree el cargo para la jurisdicci\u00f3n y citaron casos similares en otras provincias, donde se designaron directores meses antes de la habilitaci\u00f3n efectiva de las oficinas.<\/p>\n<p>Escalada a la Corte Suprema<\/p>\n<p>Ante el rechazo de la C\u00e1mara, la jueza Navarro elev\u00f3 el caso al presidente de la CSJN, Horacio Rosatti. En su presentaci\u00f3n, solicita que el M\u00e1ximo Tribunal se avoque al tratamiento de la nulidad por tratarse de una cuesti\u00f3n de \u00abgravedad inusitada\u00bb y una \u00abmanifiesta extralimitaci\u00f3n y arbitrariedad\u00bb que compromete el funcionamiento del sistema judicial en C\u00f3rdoba. La resoluci\u00f3n final de este conflicto interno queda ahora en manos de la m\u00e1xima instancia judicial del pa\u00eds.<\/p>\n","protected":false},"excerpt":{"rendered":"<p>La C\u00e1mara Federal de Apelaciones de C\u00f3rdoba muestra otra vez discordancias internas. En este caso es por la designaci\u00f3n del Director de la Oficina Judicial de Gesti\u00f3n, un cargo estrat\u00e9gico para la implementaci\u00f3n del nuevo sistema acusatorio. La disputa, que enfrenta a la vocal Liliana Navarro con sus pares Graciela Montesi, Abel S\u00e1nchez Torres y [&hellip;]<\/p>\n","protected":false},"author":1,"featured_media":15059,"comment_status":"","ping_status":"","sticky":false,"template":"","format":"standard","meta":{"_monsterinsights_skip_tracking":false,"_monsterinsights_sitenote_active":false,"_monsterinsights_sitenote_note":"","_monsterinsights_sitenote_category":0,"footnotes":"","jetpack_publicize_message":"","jetpack_publicize_feature_enabled":true,"jetpack_social_post_already_shared":true,"jetpack_social_options":{"image_generator_settings":{"template":"highway","default_image_id":0,"font":"","enabled":false},"version":2}},"categories":[11],"tags":[],"class_list":["post-15058","post","type-post","status-publish","format-standard","has-post-thumbnail","hentry","category-actualidad"],"aioseo_notices":[],"jetpack_publicize_connections":[],"amp_enabled":true,"_links":{"self":[{"href":"https:\/\/noticiasdeangostura.com.ar\/index.php?rest_route=\/wp\/v2\/posts\/15058","targetHints":{"allow":["GET"]}}],"collection":[{"href":"https:\/\/noticiasdeangostura.com.ar\/index.php?rest_route=\/wp\/v2\/posts"}],"about":[{"href":"https:\/\/noticiasdeangostura.com.ar\/index.php?rest_route=\/wp\/v2\/types\/post"}],"author":[{"embeddable":true,"href":"https:\/\/noticiasdeangostura.com.ar\/index.php?rest_route=\/wp\/v2\/users\/1"}],"replies":[{"embeddable":true,"href":"https:\/\/noticiasdeangostura.com.ar\/index.php?rest_route=%2Fwp%2Fv2%2Fcomments&post=15058"}],"version-history":[{"count":0,"href":"https:\/\/noticiasdeangostura.com.ar\/index.php?rest_route=\/wp\/v2\/posts\/15058\/revisions"}],"wp:featuredmedia":[{"embeddable":true,"href":"https:\/\/noticiasdeangostura.com.ar\/index.php?rest_route=\/wp\/v2\/media\/15059"}],"wp:attachment":[{"href":"https:\/\/noticiasdeangostura.com.ar\/index.php?rest_route=%2Fwp%2Fv2%2Fmedia&parent=15058"}],"wp:term":[{"taxonomy":"category","embeddable":true,"href":"https:\/\/noticiasdeangostura.com.ar\/index.php?rest_route=%2Fwp%2Fv2%2Fcategories&post=15058"},{"taxonomy":"post_tag","embeddable":true,"href":"https:\/\/noticiasdeangostura.com.ar\/index.php?rest_route=%2Fwp%2Fv2%2Ftags&post=15058"}],"curies":[{"name":"wp","href":"https:\/\/api.w.org\/{rel}","templated":true}]}}