{"id":15060,"date":"2026-04-29T16:21:54","date_gmt":"2026-04-29T19:21:54","guid":{"rendered":"https:\/\/noticiasdeangostura.com.ar\/?p=15060"},"modified":"2026-04-29T16:21:54","modified_gmt":"2026-04-29T19:21:54","slug":"gaston-dalmau-revelo-el-dificil-diagnostico-que-marco-su-infancia-y-su-lucha-por-sanar","status":"publish","type":"post","link":"https:\/\/noticiasdeangostura.com.ar\/?p=15060","title":{"rendered":"Gast\u00f3n Dalmau revel\u00f3 el dif\u00edcil diagn\u00f3stico que marc\u00f3 su infancia y su lucha por sanar"},"content":{"rendered":"<p> <br \/>\n<br \/><br \/>En una entrevista \u00edntima con Mario Pergolini, el actor de Casi \u00c1ngeles abri\u00f3 su coraz\u00f3n sobre el s\u00edndrome nefr\u00f3tico que condicion\u00f3 su ni\u00f1ez.Gast\u00f3n Dalmau relat\u00f3 c\u00f3mo logr\u00f3 vencer un delicado cuadro renal que marc\u00f3 sus primeros a\u00f1os de vida.<br \/>\n    La trayectoria art\u00edstica de Gast\u00f3n Dalmau, recordado mundialmente por su paso en la exitosa tira juvenil Casi \u00c1ngeles, suele asociarse a las luces, los escenarios y la fama. Sin embargo, detr\u00e1s de esa imagen de \u00e9xito, el actor atraves\u00f3 una infancia marcada por la incertidumbre y la fragilidad f\u00edsica. Durante su reciente visita al ciclo Otro D\u00eda Perdido, conducido por Mario Pergolini, Dalmau dej\u00f3 de lado los temas habituales de la far\u00e1ndula para relatar, por primera vez, el complejo diagn\u00f3stico que recibi\u00f3 a los tres a\u00f1os: el s\u00edndrome nefr\u00f3tico. Esta patolog\u00eda renal no solo puso en riesgo su salud, sino que oblig\u00f3 a un ni\u00f1o peque\u00f1o a vivir una vida totalmente opuesta a la de sus pares, teniendo una rutina de cuidados extremos que, inevitablemente, afect\u00f3 su capacidad de socializar durante sus a\u00f1os formativos.Una infancia entre restricciones y corticoidesLa vida de Gast\u00f3n durante gran parte de su ni\u00f1ez estuvo dictada por un r\u00e9gimen riguroso. El propio actor confes\u00f3 que la enfermedad le impon\u00eda limitaciones sociales, siendo la principal la imposibilidad de compartir juegos y actividades con otros ni\u00f1os debido a sus bajas defensas. La rutina escolar y social, que para cualquier ni\u00f1o es sin\u00f3nimo de libertad, para \u00e9l era un terreno cargado de precauciones. \u00abNo pod\u00eda comer con sal, iba a los cumplea\u00f1os con mis galletitas sin sal\u00bb, record\u00f3 con naturalidad, aunque admitiendo el peso emocional que esto le generaba al sentirse siempre diferente. A esto se le sum\u00f3 el uso prolongado de corticoides, un tratamiento necesario pero con efectos f\u00edsicos visibles, como la hinchaz\u00f3n en el rostro, que lejos de pasar desapercibido, lo hizo blanco de las miradas en una edad donde la identidad y el sentido de pertenencia son fundamentales.A pesar de la dureza del cuadro, Gast\u00f3n destac\u00f3 el valor de la contenci\u00f3n familiar. Acompa\u00f1ado por sus padres y dos hermanos mayores, encontr\u00f3 en el hogar el refugio necesario para sobrellevar los miedos de una enfermedad cr\u00f3nica. \u00abHice terapia y tuve mucha contenci\u00f3n; siempre fui como el consentido\u00bb, admiti\u00f3 el actor, subrayando que el apoyo emocional fue la columna vertebral que le permiti\u00f3 procesar las limitaciones de salud sin caer en la desesperanza ni en la tristeza. Para \u00e9l, el entorno no solo se encarg\u00f3 de vigilar su alimentaci\u00f3n o su medicaci\u00f3n, sino tambi\u00e9n de proteger su salud mental frente a la amenaza de complicaciones graves, como una di\u00e1lisis o un trasplante, escenarios que los m\u00e9dicos nunca descartaron del todo.El desenlace de su enfermedad, tal como explic\u00f3 en la entrevista, ten\u00eda dos caminos para su cuadro: la cronicidad o la mejor\u00eda espont\u00e1nea gracias a los cambios hormonales de la pubertad. Afortunadamente, su organismo respondi\u00f3 favorablemente durante la adolescencia. El testimonio de Gast\u00f3n no solo visibiliza una enfermedad poco frecuente, sino que pone en valor la importancia de la contenci\u00f3n profesional y el afecto incondicional de la familia.<\/p>\n","protected":false},"excerpt":{"rendered":"<p>En una entrevista \u00edntima con Mario Pergolini, el actor de Casi \u00c1ngeles abri\u00f3 su coraz\u00f3n sobre el s\u00edndrome nefr\u00f3tico que condicion\u00f3 su ni\u00f1ez.Gast\u00f3n Dalmau relat\u00f3 c\u00f3mo logr\u00f3 vencer un delicado cuadro renal que marc\u00f3 sus primeros a\u00f1os de vida. La trayectoria art\u00edstica de Gast\u00f3n Dalmau, recordado mundialmente por su paso en la exitosa tira juvenil [&hellip;]<\/p>\n","protected":false},"author":1,"featured_media":15061,"comment_status":"","ping_status":"","sticky":false,"template":"","format":"standard","meta":{"_monsterinsights_skip_tracking":false,"_monsterinsights_sitenote_active":false,"_monsterinsights_sitenote_note":"","_monsterinsights_sitenote_category":0,"footnotes":"","jetpack_publicize_message":"","jetpack_publicize_feature_enabled":true,"jetpack_social_post_already_shared":true,"jetpack_social_options":{"image_generator_settings":{"template":"highway","default_image_id":0,"font":"","enabled":false},"version":2}},"categories":[9],"tags":[],"class_list":["post-15060","post","type-post","status-publish","format-standard","has-post-thumbnail","hentry","category-espectaculos-y-moda"],"aioseo_notices":[],"jetpack_publicize_connections":[],"amp_enabled":true,"_links":{"self":[{"href":"https:\/\/noticiasdeangostura.com.ar\/index.php?rest_route=\/wp\/v2\/posts\/15060","targetHints":{"allow":["GET"]}}],"collection":[{"href":"https:\/\/noticiasdeangostura.com.ar\/index.php?rest_route=\/wp\/v2\/posts"}],"about":[{"href":"https:\/\/noticiasdeangostura.com.ar\/index.php?rest_route=\/wp\/v2\/types\/post"}],"author":[{"embeddable":true,"href":"https:\/\/noticiasdeangostura.com.ar\/index.php?rest_route=\/wp\/v2\/users\/1"}],"replies":[{"embeddable":true,"href":"https:\/\/noticiasdeangostura.com.ar\/index.php?rest_route=%2Fwp%2Fv2%2Fcomments&post=15060"}],"version-history":[{"count":0,"href":"https:\/\/noticiasdeangostura.com.ar\/index.php?rest_route=\/wp\/v2\/posts\/15060\/revisions"}],"wp:featuredmedia":[{"embeddable":true,"href":"https:\/\/noticiasdeangostura.com.ar\/index.php?rest_route=\/wp\/v2\/media\/15061"}],"wp:attachment":[{"href":"https:\/\/noticiasdeangostura.com.ar\/index.php?rest_route=%2Fwp%2Fv2%2Fmedia&parent=15060"}],"wp:term":[{"taxonomy":"category","embeddable":true,"href":"https:\/\/noticiasdeangostura.com.ar\/index.php?rest_route=%2Fwp%2Fv2%2Fcategories&post=15060"},{"taxonomy":"post_tag","embeddable":true,"href":"https:\/\/noticiasdeangostura.com.ar\/index.php?rest_route=%2Fwp%2Fv2%2Ftags&post=15060"}],"curies":[{"name":"wp","href":"https:\/\/api.w.org\/{rel}","templated":true}]}}