{"id":15064,"date":"2026-04-29T17:16:26","date_gmt":"2026-04-29T20:16:26","guid":{"rendered":"https:\/\/noticiasdeangostura.com.ar\/?p=15064"},"modified":"2026-04-29T17:16:26","modified_gmt":"2026-04-29T20:16:26","slug":"reforzaran-la-prevencion-en-rutas-durante-el-fin-de-semana-largo","status":"publish","type":"post","link":"https:\/\/noticiasdeangostura.com.ar\/?p=15064","title":{"rendered":"Reforzar\u00e1n la prevenci\u00f3n en rutas durante el fin de semana largo"},"content":{"rendered":"<p> <br \/>\n<br \/><\/p>\n<p>Con el operativo Feriado Vial Seguro, el gobierno provincial desplegar\u00e1 una cobertura especial planificada en corredores estrat\u00e9gicos los d\u00edas jueves 30 de abril, viernes 1\u00ba de mayo y domingo 3 de mayo. <\/p>\n<div>\n<p>La secretar\u00eda de Emergencias y Gesti\u00f3n de Riesgos de la provincia desplegar\u00e1 un operativo especial de seguridad vial durante el pr\u00f3ximo fin de semana largo, con acciones preventivas sobre rutas provinciales y nacionales para acompa\u00f1ar la circulaci\u00f3n vehicular y brindar asistencia ante cualquier eventualidad.<\/p>\n<p>El dispositivo se desarrollar\u00e1 el jueves 30 de abril, el viernes 1 de mayo y el domingo 3 de mayo, en franjas horarias de mayor tr\u00e1nsito, con una cobertura planificada en corredores estrat\u00e9gicos de la provincia.<\/p>\n<p>El operativo contar\u00e1 con puestos fijos de prevenci\u00f3n y control, adem\u00e1s de unidades de respuesta inmediata que realizar\u00e1n controles m\u00f3viles y tareas de asistencia en distintos tramos de circulaci\u00f3n.<\/p>\n<p>La cobertura alcanzar\u00e1 sectores de alta circulaci\u00f3n como Arroyito, Bajada Colorada, Villa Traful, San Mart\u00edn de los Andes y el corredor Siete Lagos, adem\u00e1s de Zapala, Pino Hachado y Cutral Co.<\/p>\n<p>La secretaria de Emergencias y Gesti\u00f3n de Riesgos, <strong>Luciana Ortiz Luna<\/strong>, destac\u00f3: <em>\u201cCada viaje seguro tambi\u00e9n depende del compromiso de quienes circulan. Es fundamental transitar con prudencia y responsabilidad, evitar sobrepasos indebidos, conductas temerarias y, especialmente, el exceso de velocidad, que sigue siendo uno de los principales factores de riesgo en nuestras rutas\u201d.<\/em><\/p>\n<p><em>\u201cNuestro trabajo es acompa\u00f1ar, prevenir y estar presentes donde se nos necesita, cuidando la vida de quienes transitan las rutas neuquinas\u201d<\/em>, agreg\u00f3.<\/p>\n<p>Desde el organismo provincial recordaron la importancia de circular con responsabilidad, respetar las velocidades m\u00e1ximas permitidas, utilizar siempre el cintur\u00f3n de seguridad y no consumir alcohol si se va a conducir.<\/p>\n<\/p><\/div>\n<p><script type=\"266e95b7e86b3ac3aca15bbe-text\/javascript\">\n    window.addEventListener('load', () => {\n        if (typeof FB !== 'undefined' && FB.init) {\n            \/\/ La SDK de Facebook est\u00e1 inicializada\n        } else {\n            \/\/ La SDK de Facebook no est\u00e1 inicializada\n            var script = document.createElement('script');\n            script.async = true;\n            script.defer = true;\n            script.crossOrigin = 'anonymous';\n            script.src=\"https:\/\/connect.facebook.net\/es_LA\/sdk.js#xfbml=1&version=v17.0&appId=868452105110858&autoLogAppEvents=1\";\n            script.nonce=\"eBgX2sTe\";\n            document.head.appendChild(script);\n        }\n        \/* FIX YOUTUBE (fix width) *\/\n        var youtubeIframes = document.querySelectorAll('iframe[src*=\"youtube.com\/embed\"]');\n        youtubeIframes.forEach(function(iframe) {\n            var containerWidth = iframe.parentElement.clientWidth || iframe.parentElement.offsetWidth;\n            if(containerWidth && iframe.width > containerWidth){\n                iframe.width = containerWidth;\n                iframe.height = (containerWidth \/ 16) * 9; \/\/ Assuming a 16:9 aspect ratio\n            }\n        });\n    });\n<\/script><script type=\"266e95b7e86b3ac3aca15bbe-text\/javascript\">\n        window.addEventListener('load', () => {\n            if (typeof FB !== 'undefined' && FB.init) {\n                \/\/ La SDK de Facebook est\u00e1 inicializada\n            } else {\n                \/\/ La SDK de Facebook no est\u00e1 inicializada\n                var script = document.createElement('script');\n                script.async = true;\n                script.defer = true;\n                script.crossOrigin = 'anonymous';\n                script.src=\"https:\/\/connect.facebook.net\/es_LA\/sdk.js#xfbml=1&version=v17.0&appId=868452105110858&autoLogAppEvents=1\";\n                script.nonce=\"eBgX2sTe\";\n                document.head.appendChild(script);\n            }\n        });\n<\/script><\/p>\n","protected":false},"excerpt":{"rendered":"<p>Con el operativo Feriado Vial Seguro, el gobierno provincial desplegar\u00e1 una cobertura especial planificada en corredores estrat\u00e9gicos los d\u00edas jueves 30 de abril, viernes 1\u00ba de mayo y domingo 3 de mayo. La secretar\u00eda de Emergencias y Gesti\u00f3n de Riesgos de la provincia desplegar\u00e1 un operativo especial de seguridad vial durante el pr\u00f3ximo fin de [&hellip;]<\/p>\n","protected":false},"author":1,"featured_media":15065,"comment_status":"","ping_status":"","sticky":false,"template":"","format":"standard","meta":{"_monsterinsights_skip_tracking":false,"_monsterinsights_sitenote_active":false,"_monsterinsights_sitenote_note":"","_monsterinsights_sitenote_category":0,"footnotes":"","jetpack_publicize_message":"","jetpack_publicize_feature_enabled":true,"jetpack_social_post_already_shared":true,"jetpack_social_options":{"image_generator_settings":{"template":"highway","default_image_id":0,"font":"","enabled":false},"version":2}},"categories":[4],"tags":[165,678,1099,583,2607,94,437],"class_list":["post-15064","post","type-post","status-publish","format-standard","has-post-thumbnail","hentry","category-regionales","tag-durante","tag-fin","tag-largo","tag-prevencion","tag-reforzaran","tag-rutas","tag-semana"],"aioseo_notices":[],"jetpack_publicize_connections":[],"amp_enabled":true,"_links":{"self":[{"href":"https:\/\/noticiasdeangostura.com.ar\/index.php?rest_route=\/wp\/v2\/posts\/15064","targetHints":{"allow":["GET"]}}],"collection":[{"href":"https:\/\/noticiasdeangostura.com.ar\/index.php?rest_route=\/wp\/v2\/posts"}],"about":[{"href":"https:\/\/noticiasdeangostura.com.ar\/index.php?rest_route=\/wp\/v2\/types\/post"}],"author":[{"embeddable":true,"href":"https:\/\/noticiasdeangostura.com.ar\/index.php?rest_route=\/wp\/v2\/users\/1"}],"replies":[{"embeddable":true,"href":"https:\/\/noticiasdeangostura.com.ar\/index.php?rest_route=%2Fwp%2Fv2%2Fcomments&post=15064"}],"version-history":[{"count":0,"href":"https:\/\/noticiasdeangostura.com.ar\/index.php?rest_route=\/wp\/v2\/posts\/15064\/revisions"}],"wp:featuredmedia":[{"embeddable":true,"href":"https:\/\/noticiasdeangostura.com.ar\/index.php?rest_route=\/wp\/v2\/media\/15065"}],"wp:attachment":[{"href":"https:\/\/noticiasdeangostura.com.ar\/index.php?rest_route=%2Fwp%2Fv2%2Fmedia&parent=15064"}],"wp:term":[{"taxonomy":"category","embeddable":true,"href":"https:\/\/noticiasdeangostura.com.ar\/index.php?rest_route=%2Fwp%2Fv2%2Fcategories&post=15064"},{"taxonomy":"post_tag","embeddable":true,"href":"https:\/\/noticiasdeangostura.com.ar\/index.php?rest_route=%2Fwp%2Fv2%2Ftags&post=15064"}],"curies":[{"name":"wp","href":"https:\/\/api.w.org\/{rel}","templated":true}]}}