{"id":15066,"date":"2026-04-29T18:18:42","date_gmt":"2026-04-29T21:18:42","guid":{"rendered":"https:\/\/noticiasdeangostura.com.ar\/?p=15066"},"modified":"2026-04-29T18:18:42","modified_gmt":"2026-04-29T21:18:42","slug":"frente-a-la-oposicion-manuel-adorni-descarto-su-renuncia-estoy-aca-dando-la-cara","status":"publish","type":"post","link":"https:\/\/noticiasdeangostura.com.ar\/?p=15066","title":{"rendered":"Frente a la oposici\u00f3n, Manuel Adorni descart\u00f3 su renuncia: \u00abEstoy ac\u00e1 dando la cara\u00bb"},"content":{"rendered":"<p> <br \/>\n<br \/><br \/>El actual jefe de Gabinete rechaz\u00f3 categ\u00f3ricamente los pedidos de la oposici\u00f3n para que d\u00e9 un paso al costado.<br \/>\n    En un contexto de intensas cr\u00edticas y presiones pol\u00edticas, el actual jefe de Gabinete, Manuel Adorni, ha decidido enfrentar las acusaciones de frente. Durante una conferencia dirigida al Congreso, Adorni respondi\u00f3 a los feroces reclamos tanto dentro como fuera del recinto parlamentario, afirmando que no tiene intenci\u00f3n alguna de renunciar a su puesto. En medio de sus declaraciones, reiter\u00f3 su firmeza al expresar que las responsabilidades que le han sido confiadas por el Presidente est\u00e1n claras y son para \u00e9l un compromiso ineludible. Lee tambi\u00e9n: Adorni en Diputados: \u201cNo comet\u00ed ning\u00fan delito y voy a probarlo en la Justicia\u201d \u201cNo voy a renunciar, estoy aqu\u00ed para dar la cara\u201d, asegur\u00f3 Adorni, cuyas palabras resonaron con fuerza en el \u00e1mbito legislativo. El mensaje, s\u00f3lido y controversial, desat\u00f3 una cadena de reacciones tanto en c\u00edrculos oficialistas como opositores. Mientras algunos sectores destacan la necesidad de que todos los implicados en el gobierno respondan por las sospechas de corrupci\u00f3n, otros alaban la disposici\u00f3n de Adorni a enfrentar las acusaciones con la frente en alto.Adorni se dirigi\u00f3 no solo a sus colegas en la pol\u00edtica, sino tambi\u00e9n a toda la poblaci\u00f3n argentina, a quienes record\u00f3 que este gobierno fue elegido con la promesa de implementar reformas profundas, largamente esperadas, que abordar\u00edan los problemas estructurales del pa\u00eds. Durante su alocuci\u00f3n, subray\u00f3 que estos cambios llevan d\u00e9cadas en espera debido a promesas incumplidas en administraciones pasadas, lo que ha llevado a una naci\u00f3n econ\u00f3micamente herida y con crecientes niveles de pobreza e incertidumbre.En un tono desafiante y optimista, el jefe de Gabinete inst\u00f3 a sus cr\u00edticos a asumir el compromiso con el desarrollo del pa\u00eds con la misma seriedad que su administraci\u00f3n lo hace. \u00abVamos a seguir trabajando para hacer realidad el sue\u00f1o de una Argentina diferente\u00bb, manifest\u00f3 con determinaci\u00f3n, dando por cerrado el tema de su renuncia.Su discurso finaliz\u00f3 con un llamado a la responsabilidad conjunta para fortalecer la fortaleza institucional y priorizar el bienestar de la ciudadan\u00eda, concluyendo que est\u00e1 dispuesto a seguir rindiendo cuentas ante la C\u00e1mara, como lo delinean los preceptos democr\u00e1ticos y la Constituci\u00f3n Nacional.\u00a0<\/p>\n","protected":false},"excerpt":{"rendered":"<p>El actual jefe de Gabinete rechaz\u00f3 categ\u00f3ricamente los pedidos de la oposici\u00f3n para que d\u00e9 un paso al costado. En un contexto de intensas cr\u00edticas y presiones pol\u00edticas, el actual jefe de Gabinete, Manuel Adorni, ha decidido enfrentar las acusaciones de frente. Durante una conferencia dirigida al Congreso, Adorni respondi\u00f3 a los feroces reclamos tanto [&hellip;]<\/p>\n","protected":false},"author":1,"featured_media":15067,"comment_status":"","ping_status":"","sticky":false,"template":"","format":"standard","meta":{"_monsterinsights_skip_tracking":false,"_monsterinsights_sitenote_active":false,"_monsterinsights_sitenote_note":"","_monsterinsights_sitenote_category":0,"footnotes":"","jetpack_publicize_message":"","jetpack_publicize_feature_enabled":true,"jetpack_social_post_already_shared":true,"jetpack_social_options":{"image_generator_settings":{"template":"highway","default_image_id":0,"font":"","enabled":false},"version":2}},"categories":[5],"tags":[],"class_list":["post-15066","post","type-post","status-publish","format-standard","has-post-thumbnail","hentry","category-politica"],"aioseo_notices":[],"jetpack_publicize_connections":[],"amp_enabled":true,"_links":{"self":[{"href":"https:\/\/noticiasdeangostura.com.ar\/index.php?rest_route=\/wp\/v2\/posts\/15066","targetHints":{"allow":["GET"]}}],"collection":[{"href":"https:\/\/noticiasdeangostura.com.ar\/index.php?rest_route=\/wp\/v2\/posts"}],"about":[{"href":"https:\/\/noticiasdeangostura.com.ar\/index.php?rest_route=\/wp\/v2\/types\/post"}],"author":[{"embeddable":true,"href":"https:\/\/noticiasdeangostura.com.ar\/index.php?rest_route=\/wp\/v2\/users\/1"}],"replies":[{"embeddable":true,"href":"https:\/\/noticiasdeangostura.com.ar\/index.php?rest_route=%2Fwp%2Fv2%2Fcomments&post=15066"}],"version-history":[{"count":0,"href":"https:\/\/noticiasdeangostura.com.ar\/index.php?rest_route=\/wp\/v2\/posts\/15066\/revisions"}],"wp:featuredmedia":[{"embeddable":true,"href":"https:\/\/noticiasdeangostura.com.ar\/index.php?rest_route=\/wp\/v2\/media\/15067"}],"wp:attachment":[{"href":"https:\/\/noticiasdeangostura.com.ar\/index.php?rest_route=%2Fwp%2Fv2%2Fmedia&parent=15066"}],"wp:term":[{"taxonomy":"category","embeddable":true,"href":"https:\/\/noticiasdeangostura.com.ar\/index.php?rest_route=%2Fwp%2Fv2%2Fcategories&post=15066"},{"taxonomy":"post_tag","embeddable":true,"href":"https:\/\/noticiasdeangostura.com.ar\/index.php?rest_route=%2Fwp%2Fv2%2Ftags&post=15066"}],"curies":[{"name":"wp","href":"https:\/\/api.w.org\/{rel}","templated":true}]}}