{"id":15068,"date":"2026-04-29T18:20:12","date_gmt":"2026-04-29T21:20:12","guid":{"rendered":"https:\/\/noticiasdeangostura.com.ar\/?p=15068"},"modified":"2026-04-29T18:20:12","modified_gmt":"2026-04-29T21:20:12","slug":"anuncian-obras-clave-tras-anos-de-espera-y-proyectan-un-cambio-mas-amplio-en-la-provincia","status":"publish","type":"post","link":"https:\/\/noticiasdeangostura.com.ar\/?p=15068","title":{"rendered":"Anuncian obras clave tras a\u00f1os de espera y proyectan un cambio m\u00e1s amplio en la provincia"},"content":{"rendered":"<p> <br \/>\n<br \/><\/p>\n<p>Una pasarela largamente reclamada y nuevas rutas forman parte de un plan que busca mejorar la conectividad. El desarrollo tambi\u00e9n apunta al turismo y a la proyecci\u00f3n internacional.<\/p>\n<p>La infraestructura aparece como eje para transformar la vida en distintas localidades<\/p>\n<div>\n<p><a href=\"https:\/\/www.youtube.com\/live\/xkPn3Jj0tOQ?si=UJpHSPM-nmfunoKH\" target=\"_blank\" rel=\"noopener\">El gobierno de Neuqu\u00e9n avanza con obras de infraestructura clave<\/a>, entre ellas la construcci\u00f3n de una pasarela en Cull\u00edn Manzano que lleva m\u00e1s de tres d\u00e9cadas de reclamo, en el marco de un plan m\u00e1s amplio que busca mejorar la conectividad, impulsar el turismo y acompa\u00f1ar el crecimiento que atraviesa la provincia.<\/p>\n<p>La iniciativa fue detallada en<a href=\"https:\/\/www.amcumbre.com\/\" target=\"_blank\" rel=\"noopener\"> <strong>\u201cNada sucede dos veces por AM Cumbre 1400\u201d<\/strong><\/a>, donde se explic\u00f3 que el proyecto beneficiar\u00e1 directamente a familias que actualmente deben cruzar un r\u00edo en condiciones precarias para acceder a servicios b\u00e1sicos.<\/p>\n<p>En conversaci\u00f3n con los periodistas, la ministra Leticia Esteves destac\u00f3 que estas obras no solo resuelven problemas hist\u00f3ricos, sino que forman parte de una estrategia integral para transformar la matriz productiva y social de Neuqu\u00e9n.<\/p>\n<h3>Obras que buscan resolver demandas hist\u00f3ricas<\/h3>\n<p>La construcci\u00f3n de la pasarela en Cull\u00edn Manzano representa una respuesta concreta a una situaci\u00f3n que se arrastra desde hace m\u00e1s de 30 a\u00f1os, cuando una crecida del r\u00edo destruy\u00f3 la conexi\u00f3n existente.<\/p>\n<p>Desde entonces, los habitantes de la zona debieron adaptarse a cruzar el r\u00edo a pie o a caballo, lo que implica riesgos constantes y dificultades para el acceso a derechos b\u00e1sicos como la educaci\u00f3n o la salud.<\/p>\n<h3>Infraestructura como base del desarrollo<\/h3>\n<p>El proyecto se inscribe dentro de un plan que contempla m\u00e1s de 1.200 kil\u00f3metros de nuevas rutas, con el objetivo de mejorar la conectividad interna y facilitar el acceso a distintos puntos de la provincia.<\/p>\n<p>Esta transformaci\u00f3n no solo apunta a optimizar la circulaci\u00f3n, sino tambi\u00e9n a generar nuevas oportunidades econ\u00f3micas en regiones que hasta ahora estaban limitadas por la falta de infraestructura.<\/p>\n<h3>Turismo y producci\u00f3n, ejes de crecimiento<\/h3>\n<p>La mejora en rutas y servicios impacta directamente en el desarrollo tur\u00edstico, permitiendo que m\u00e1s destinos se integren al circuito y generen actividad econ\u00f3mica.<\/p>\n<p>A su vez, esta expansi\u00f3n se articula con el crecimiento de otras actividades, consolidando un modelo que busca diversificar la econom\u00eda y aprovechar el potencial de la provincia.<\/p>\n<h3>Proyecci\u00f3n internacional en un contexto estrat\u00e9gico<\/h3>\n<p>En paralelo, Neuqu\u00e9n se prepara para participar en la Offshore Technology Conference (OTC) en Houston, un evento clave para la industria energ\u00e9tica a nivel global.<\/p>\n<p>All\u00ed, la provincia buscar\u00e1 posicionarse como un destino atractivo para inversiones, mostrando no solo su potencial en gas y petr\u00f3leo, sino tambi\u00e9n su estabilidad y capacidad de desarrollo en otras \u00e1reas.<\/p>\n<p>\u00a0<\/p>\n<h2>La entrevista<\/h2>\n<p>Leticia Esteves, ministra de Turismo, Ambiente y Recursos Naturales de la provincia de Neuqu\u00e9n, sobre obras de conectividad, desarrollo tur\u00edstico y proyecci\u00f3n internacional.<\/p>\n<p>\u2014Pregunta: \u00bfEn qu\u00e9 estado se encuentra la obra en Cull\u00edn Manzano?<br \/>\u2014Respuesta: Es un proyecto muy esperado. Hace m\u00e1s de 30 a\u00f1os que una comunidad debe cruzar un r\u00edo a pie o a caballo para acceder a servicios b\u00e1sicos. Finalmente se adjudic\u00f3 la obra y en menos de nueve meses estar\u00e1 construida la pasarela.<\/p>\n<p>\u2014Pregunta: \u00bfQu\u00e9 impacto tendr\u00e1 esa obra?<br \/>\u2014Respuesta: Es fundamental desde lo social, porque mejora la calidad de vida de 24 familias que hoy tienen dificultades para acceder a educaci\u00f3n, salud y abastecimiento.<\/p>\n<p>\u2014Pregunta: \u00bfC\u00f3mo se enmarca esto dentro del plan de infraestructura provincial?<br \/>\u2014Respuesta: Forma parte de una planificaci\u00f3n m\u00e1s amplia que incluye m\u00e1s de 1.200 kil\u00f3metros de rutas. No se trata solo de asfalto, sino de transformar la conectividad y generar oportunidades.<\/p>\n<p>\u2014Pregunta: \u00bfQu\u00e9 rol cumple el turismo en este esquema?<br \/>\u2014Respuesta: Es uno de los ejes principales. La mejora en rutas e infraestructura permite que m\u00e1s destinos se desarrollen y que crezcan las econom\u00edas locales.<\/p>\n<p>\u2014Pregunta: \u00bfC\u00f3mo se financian estas obras?<br \/>\u2014Respuesta: Se combinan fondos propios de la provincia con financiamiento internacional y aportes del sector privado, especialmente en zonas vinculadas a la actividad hidrocarbur\u00edfera.<\/p>\n<p>\u2014Pregunta: \u00bfQu\u00e9 significa que Neuqu\u00e9n participe en la OTC en Houston?<br \/>\u2014Respuesta: Es una oportunidad hist\u00f3rica. Por primera vez la provincia tendr\u00e1 un espacio central para mostrar su potencial en gas, petr\u00f3leo y tambi\u00e9n en otras actividades como el turismo.<\/p>\n<p>\u2014Pregunta: \u00bfQu\u00e9 se busca en ese evento?<br \/>\u2014Respuesta: Atraer inversiones, mostrar la capacidad productiva y posicionar a Neuqu\u00e9n como un lugar confiable y competitivo a nivel global.<\/p>\n<p>\u2014Pregunta: \u00bfC\u00f3mo impacta Vaca Muerta en este desarrollo?<br \/>\u2014Respuesta: Genera una gran oportunidad, pero tambi\u00e9n una crisis de crecimiento. Hay que aprovechar este momento para resolver demandas hist\u00f3ricas y proyectar el futuro de la provincia.<\/p>\n<\/p><\/div>\n","protected":false},"excerpt":{"rendered":"<p>Una pasarela largamente reclamada y nuevas rutas forman parte de un plan que busca mejorar la conectividad. El desarrollo tambi\u00e9n apunta al turismo y a la proyecci\u00f3n internacional. La infraestructura aparece como eje para transformar la vida en distintas localidades El gobierno de Neuqu\u00e9n avanza con obras de infraestructura clave, entre ellas la construcci\u00f3n de [&hellip;]<\/p>\n","protected":false},"author":1,"featured_media":15069,"comment_status":"","ping_status":"","sticky":false,"template":"","format":"standard","meta":{"_monsterinsights_skip_tracking":false,"_monsterinsights_sitenote_active":false,"_monsterinsights_sitenote_note":"","_monsterinsights_sitenote_category":0,"footnotes":"","jetpack_publicize_message":"","jetpack_publicize_feature_enabled":true,"jetpack_social_post_already_shared":true,"jetpack_social_options":{"image_generator_settings":{"template":"highway","default_image_id":0,"font":"","enabled":false},"version":2}},"categories":[1],"tags":[],"class_list":["post-15068","post","type-post","status-publish","format-standard","has-post-thumbnail","hentry","category-ultimas-noticias"],"aioseo_notices":[],"jetpack_publicize_connections":[],"amp_enabled":true,"_links":{"self":[{"href":"https:\/\/noticiasdeangostura.com.ar\/index.php?rest_route=\/wp\/v2\/posts\/15068","targetHints":{"allow":["GET"]}}],"collection":[{"href":"https:\/\/noticiasdeangostura.com.ar\/index.php?rest_route=\/wp\/v2\/posts"}],"about":[{"href":"https:\/\/noticiasdeangostura.com.ar\/index.php?rest_route=\/wp\/v2\/types\/post"}],"author":[{"embeddable":true,"href":"https:\/\/noticiasdeangostura.com.ar\/index.php?rest_route=\/wp\/v2\/users\/1"}],"replies":[{"embeddable":true,"href":"https:\/\/noticiasdeangostura.com.ar\/index.php?rest_route=%2Fwp%2Fv2%2Fcomments&post=15068"}],"version-history":[{"count":0,"href":"https:\/\/noticiasdeangostura.com.ar\/index.php?rest_route=\/wp\/v2\/posts\/15068\/revisions"}],"wp:featuredmedia":[{"embeddable":true,"href":"https:\/\/noticiasdeangostura.com.ar\/index.php?rest_route=\/wp\/v2\/media\/15069"}],"wp:attachment":[{"href":"https:\/\/noticiasdeangostura.com.ar\/index.php?rest_route=%2Fwp%2Fv2%2Fmedia&parent=15068"}],"wp:term":[{"taxonomy":"category","embeddable":true,"href":"https:\/\/noticiasdeangostura.com.ar\/index.php?rest_route=%2Fwp%2Fv2%2Fcategories&post=15068"},{"taxonomy":"post_tag","embeddable":true,"href":"https:\/\/noticiasdeangostura.com.ar\/index.php?rest_route=%2Fwp%2Fv2%2Ftags&post=15068"}],"curies":[{"name":"wp","href":"https:\/\/api.w.org\/{rel}","templated":true}]}}