{"id":15070,"date":"2026-04-29T18:21:16","date_gmt":"2026-04-29T21:21:16","guid":{"rendered":"https:\/\/noticiasdeangostura.com.ar\/?p=15070"},"modified":"2026-04-29T18:21:16","modified_gmt":"2026-04-29T21:21:16","slug":"robo-bebidas-alcoholicas-de-un-comercio-de-allen-y-fue-detenido-tras-un-operativo-policial","status":"publish","type":"post","link":"https:\/\/noticiasdeangostura.com.ar\/?p=15070","title":{"rendered":"Rob\u00f3 bebidas alcoh\u00f3licas de un comercio de Allen y fue detenido tras un operativo policial"},"content":{"rendered":"<p> <br \/>\n<br \/><\/p>\n<p>El sospechoso, de 28 a\u00f1os, fue interceptado minutos despu\u00e9s del hecho por efectivos de la Comisar\u00eda 33\u00b0. Recuperaron la mercader\u00eda sustra\u00edda.<\/p>\n<div>\n<p>Un hombre de 28 a\u00f1os fue detenido este mi\u00e9rcoles en <span class=\"hover:entity-accent entity-underline inline cursor-pointer align-baseline\"><span class=\"whitespace-normal\">Allen<\/span><\/span> acusado de robar bebidas alcoh\u00f3licas de un comercio. El procedimiento fue realizado por efectivos de la <span class=\"hover:entity-accent entity-underline inline cursor-pointer align-baseline\"><span class=\"whitespace-normal\">Comisar\u00eda 33\u00b0 de Allen<\/span><\/span>, que lograron recuperar los productos sustra\u00eddos.<\/p>\n<p>El hecho ocurri\u00f3 durante la tarde, cuando un llamado al <span class=\"hover:entity-accent entity-underline inline cursor-pointer align-baseline\"><span class=\"whitespace-normal\">Centro de Emergencias 911<\/span><\/span> alert\u00f3 sobre un robo en un local ubicado en calles Pellegrini y Chiclana.<\/p>\n<p class=\"noEditable noticia-relacionada\" data-id=\"332943\"><ampiframe src=\"https:\/\/www.noticiasnqn.com.ar\/api\/noticias\/332943\/relacionadas?amp=1\" layout=\"fixed-height\" sandbox=\"allow-top-navigation allow-top-navigation-by-user-activation allow-scripts \" height=\"100px\"> <b placeholder=\"\">Lee tambi\u00e9n: Casaci\u00f3n anul\u00f3 el procesamiento de Alberto Fern\u00e1ndez en la causa Seguros y orden\u00f3 dictar un nuevo fallo<\/b> <\/ampiframe><\/p>\n<h2>Robo en Allen: c\u00f3mo fue el hecho en el comercio<\/h2>\n<p>Seg\u00fan relat\u00f3 la propietaria, el hombre ingres\u00f3 al local, tom\u00f3 dos botellas de bebidas alcoh\u00f3licas y escap\u00f3 a pie en direcci\u00f3n sur, cruzando la zona de la pasarela del canal grande.<\/p>\n<p>La denuncia permiti\u00f3 activar r\u00e1pidamente un operativo policial en el sector.<\/p>\n<h2>R\u00e1pido operativo: detenci\u00f3n y recuperaci\u00f3n de la mercader\u00eda<\/h2>\n<p>Tras recabar datos sobre el sospechoso, los efectivos desplegaron un rastrillaje en las inmediaciones y difundieron sus caracter\u00edsticas a la red policial.<\/p>\n<p>Minutos despu\u00e9s, el hombre fue localizado cerca de las calles Campetella y Pellegrini. Durante el procedimiento, los uniformados confirmaron que llevaba consigo los elementos robados.<\/p>\n<p class=\"noEditable noticia-relacionada\" data-id=\"332952\"><ampiframe src=\"https:\/\/www.noticiasnqn.com.ar\/api\/noticias\/332952\/relacionadas?amp=1\" layout=\"fixed-height\" sandbox=\"allow-top-navigation allow-top-navigation-by-user-activation allow-scripts \" height=\"100px\"> <b placeholder=\"\">Lee tambi\u00e9n: Impulsan la creaci\u00f3n de la Federaci\u00f3n Neuquina de Esqu\u00ed<\/b> <\/ampiframe><\/p>\n<h2>Intervenci\u00f3n judicial: el acusado qued\u00f3 detenido<\/h2>\n<p>El sospechoso fue aprehendido en el lugar y se procedi\u00f3 al secuestro de la mercader\u00eda, con intervenci\u00f3n del Gabinete de Criminal\u00edstica.<\/p>\n<p>La <span class=\"hover:entity-accent entity-underline inline cursor-pointer align-baseline\"><span class=\"whitespace-normal\">Fiscal\u00eda descentralizada de Allen<\/span><\/span> dispuso que el hombre permanezca detenido en el marco de una causa por hurto, mientras que los productos recuperados ser\u00e1n restituidos a la comerciante afectada.<\/p>\n<\/p><\/div>\n","protected":false},"excerpt":{"rendered":"<p>El sospechoso, de 28 a\u00f1os, fue interceptado minutos despu\u00e9s del hecho por efectivos de la Comisar\u00eda 33\u00b0. Recuperaron la mercader\u00eda sustra\u00edda. Un hombre de 28 a\u00f1os fue detenido este mi\u00e9rcoles en Allen acusado de robar bebidas alcoh\u00f3licas de un comercio. El procedimiento fue realizado por efectivos de la Comisar\u00eda 33\u00b0 de Allen, que lograron recuperar [&hellip;]<\/p>\n","protected":false},"author":1,"featured_media":15071,"comment_status":"","ping_status":"","sticky":false,"template":"","format":"standard","meta":{"_monsterinsights_skip_tracking":false,"_monsterinsights_sitenote_active":false,"_monsterinsights_sitenote_note":"","_monsterinsights_sitenote_category":0,"footnotes":"","jetpack_publicize_message":"","jetpack_publicize_feature_enabled":true,"jetpack_social_post_already_shared":true,"jetpack_social_options":{"image_generator_settings":{"template":"highway","default_image_id":0,"font":"","enabled":false},"version":2}},"categories":[1],"tags":[],"class_list":["post-15070","post","type-post","status-publish","format-standard","has-post-thumbnail","hentry","category-ultimas-noticias"],"aioseo_notices":[],"jetpack_publicize_connections":[],"amp_enabled":true,"_links":{"self":[{"href":"https:\/\/noticiasdeangostura.com.ar\/index.php?rest_route=\/wp\/v2\/posts\/15070","targetHints":{"allow":["GET"]}}],"collection":[{"href":"https:\/\/noticiasdeangostura.com.ar\/index.php?rest_route=\/wp\/v2\/posts"}],"about":[{"href":"https:\/\/noticiasdeangostura.com.ar\/index.php?rest_route=\/wp\/v2\/types\/post"}],"author":[{"embeddable":true,"href":"https:\/\/noticiasdeangostura.com.ar\/index.php?rest_route=\/wp\/v2\/users\/1"}],"replies":[{"embeddable":true,"href":"https:\/\/noticiasdeangostura.com.ar\/index.php?rest_route=%2Fwp%2Fv2%2Fcomments&post=15070"}],"version-history":[{"count":0,"href":"https:\/\/noticiasdeangostura.com.ar\/index.php?rest_route=\/wp\/v2\/posts\/15070\/revisions"}],"wp:featuredmedia":[{"embeddable":true,"href":"https:\/\/noticiasdeangostura.com.ar\/index.php?rest_route=\/wp\/v2\/media\/15071"}],"wp:attachment":[{"href":"https:\/\/noticiasdeangostura.com.ar\/index.php?rest_route=%2Fwp%2Fv2%2Fmedia&parent=15070"}],"wp:term":[{"taxonomy":"category","embeddable":true,"href":"https:\/\/noticiasdeangostura.com.ar\/index.php?rest_route=%2Fwp%2Fv2%2Fcategories&post=15070"},{"taxonomy":"post_tag","embeddable":true,"href":"https:\/\/noticiasdeangostura.com.ar\/index.php?rest_route=%2Fwp%2Fv2%2Ftags&post=15070"}],"curies":[{"name":"wp","href":"https:\/\/api.w.org\/{rel}","templated":true}]}}