{"id":15078,"date":"2026-04-29T19:17:54","date_gmt":"2026-04-29T22:17:54","guid":{"rendered":"https:\/\/noticiasdeangostura.com.ar\/?p=15078"},"modified":"2026-04-29T19:17:54","modified_gmt":"2026-04-29T22:17:54","slug":"el-edificio-del-centro-de-iniciacion-artistica-no-5-sera-una-realidad-en-san-martin-de-los-andes","status":"publish","type":"post","link":"https:\/\/noticiasdeangostura.com.ar\/?p=15078","title":{"rendered":"El edificio del Centro de Iniciaci\u00f3n Art\u00edstica N\u00ba 5 ser\u00e1 una realidad en San Mart\u00edn de los Andes"},"content":{"rendered":"<p> <br \/>\n<br \/><\/p>\n<p>Despu\u00e9s de m\u00e1s de cuatro d\u00e9cadas de funcionamiento, el establecimiento tendr\u00e1 edificio propio. La obra supera los 4.100 millones de pesos de inversi\u00f3n.<\/p>\n<div>\n<p>El gobierno de la provincia del Neuqu\u00e9n, a trav\u00e9s del ministerio de Infraestructura, adjudic\u00f3 la construcci\u00f3n del nuevo edificio para el Centro de Iniciaci\u00f3n Art\u00edstica (CIA) N\u00ba 5 en San Mart\u00edn de los Andes, una obra hist\u00f3rica para la comunidad educativa y cultural de la localidad.<\/p>\n<p>El CIA forma parte de una serie de convenios que firm\u00f3 esta semana el gobernador <strong>Rolando Figueroa<\/strong> para la ejecuci\u00f3n de infraestructura en la provincia, lo que permitir\u00e1 que en 30 d\u00edas se inicie la construcci\u00f3n de estas nuevas seis obras en distintas localidades.<\/p>\n<p>El gobernador destac\u00f3 el avance de obras educativas en la localidad y coment\u00f3 que <em>\u201cen San Mart\u00edn de los Andes estamos llevando adelante la infraestructura que es necesaria para el desarrollo de la educaci\u00f3n\u201d. \u201cLas escuelas que hist\u00f3ricamente eran demandadas est\u00e1n todas en construcci\u00f3n\u201d<\/em>, asegur\u00f3.<\/p>\n<p>En este sentido, remarc\u00f3 el trabajo conjunto y los plazos previstos sobre este nuevo edificio educativo: <em>\u201cAntes de junio, si las condiciones clim\u00e1ticas lo permiten, vamos a avanzar tambi\u00e9n con esta obra. Lo importante es que lo estamos haciendo entre todos\u201d.<\/em><\/p>\n<p>Por su parte, el intendente de San Mart\u00edn de los Andes, <strong>Carlos Saloniti<\/strong>, valor\u00f3 la concreci\u00f3n del proyecto y expres\u00f3: <em>\u201cEl CIA 5 va a ser una realidad para San Mart\u00edn de los Andes. Tenemos m\u00e1s de 1.000 inscriptos este a\u00f1o y, despu\u00e9s de 44 a\u00f1os de funcionamiento, se va a cumplir el sue\u00f1o de tener nuestro edificio propio\u201d.<\/em><\/p>\n<p>Asimismo, la ministra de Infraestructura, <strong>Tanya Bertoldi<\/strong>, sostuvo que <em>\u201cestamos llevando adelante un plan de infraestructura que nos permite poner en marcha obras de gran importancia en toda la provincia. Con la adjudicaci\u00f3n de estos seis proyectos, avanzamos en saldar deudas hist\u00f3ricas y en acompa\u00f1ar el crecimiento de cada localidad, como en este caso con el CIA 5\u201d.<\/em><\/p>\n<p>La concreci\u00f3n de esta obra representa un paso fundamental para consolidar un espacio educativo y cultural acorde a las necesidades actuales y futuras de la comunidad de San Mart\u00edn. En este sentido, la Provincia tambi\u00e9n ejecuta actualmente el nuevo edificio del CPEM N\u00ba 96, el EIAJD N\u00ba 3 y la ampliaci\u00f3n de la EPET N\u00ba 21, mientras que pr\u00f3ximamente iniciar\u00e1 la construcci\u00f3n del nuevo edificio para el CFP N\u00ba 19, reforzando as\u00ed la inversi\u00f3n sostenida en infraestructura educativa en San Mart\u00edn de los Andes.<\/p>\n<p><strong>Sobre la obra<\/strong><\/p>\n<p>El nuevo edificio del CIA N\u00ba 5 tendr\u00e1 una superficie de 1.050 metros cuadrados, con espacios destinados a talleres de danza y teatro, vestuarios, camarines y \u00e1reas para la ense\u00f1anza musical, incluyendo aulas y estudio de grabaci\u00f3n. La obra cuenta con un plazo de ejecuci\u00f3n de 12 meses y una inversi\u00f3n que supera los 4.157 millones de pesos.<\/p>\n<p>El nuevo edificio se emplazar\u00e1 en el sector El Arenal, al noreste de la ciudad, en un predio compartido con la Escuela de M\u00fasica, entre las calles Don Bosco, Bibliotecas Argentinas y la Ruta Provincial N\u00ba 40. La propuesta arquitect\u00f3nica prev\u00e9 el desarrollo de tres vol\u00famenes interconectados mediante una galer\u00eda, organizados en funci\u00f3n del plan de estudios y adaptados a las caracter\u00edsticas del terreno.<\/p>\n<p>En esta primera etapa se ejecutar\u00e1 el Volumen 1, con una superficie cubierta de 1.052,30 metros cuadrados y 432,35 metros cuadrados de espacios exteriores. Este sector estar\u00e1 destinado a las \u00e1reas de artes esc\u00e9nicas y del movimiento -con talleres de danza, teatro y espacios de vestuario y utiler\u00eda-, as\u00ed como a las artes de la m\u00fasica y el sonido, incluyendo aulas, estudio de grabaci\u00f3n y dep\u00f3sitos.<\/p>\n<p>El proyecto total contempla una superficie de 3.448,30 metros cuadrados y la conformaci\u00f3n de un conjunto edilicio que generar\u00e1 un espacio interior com\u00fan tipo \u201ccoraz\u00f3n de manzana\u201d, compartido con la Escuela de M\u00fasica. Adem\u00e1s, se incorporar\u00e1 una propuesta paisaj\u00edstica integral con forestaci\u00f3n y sistema de riego automatizado, que garantizar\u00e1 el adecuado mantenimiento de los espacios verdes.<\/p>\n<\/p><\/div>\n<p><script type=\"988a80b11e0c258351b9607c-text\/javascript\">\n    window.addEventListener('load', () => {\n        if (typeof FB !== 'undefined' && FB.init) {\n            \/\/ La SDK de Facebook est\u00e1 inicializada\n        } else {\n            \/\/ La SDK de Facebook no est\u00e1 inicializada\n            var script = document.createElement('script');\n            script.async = true;\n            script.defer = true;\n            script.crossOrigin = 'anonymous';\n            script.src=\"https:\/\/connect.facebook.net\/es_LA\/sdk.js#xfbml=1&version=v17.0&appId=868452105110858&autoLogAppEvents=1\";\n            script.nonce=\"eBgX2sTe\";\n            document.head.appendChild(script);\n        }\n        \/* FIX YOUTUBE (fix width) *\/\n        var youtubeIframes = document.querySelectorAll('iframe[src*=\"youtube.com\/embed\"]');\n        youtubeIframes.forEach(function(iframe) {\n            var containerWidth = iframe.parentElement.clientWidth || iframe.parentElement.offsetWidth;\n            if(containerWidth && iframe.width > containerWidth){\n                iframe.width = containerWidth;\n                iframe.height = (containerWidth \/ 16) * 9; \/\/ Assuming a 16:9 aspect ratio\n            }\n        });\n    });\n<\/script><\/p>\n","protected":false},"excerpt":{"rendered":"<p>Despu\u00e9s de m\u00e1s de cuatro d\u00e9cadas de funcionamiento, el establecimiento tendr\u00e1 edificio propio. La obra supera los 4.100 millones de pesos de inversi\u00f3n. El gobierno de la provincia del Neuqu\u00e9n, a trav\u00e9s del ministerio de Infraestructura, adjudic\u00f3 la construcci\u00f3n del nuevo edificio para el Centro de Iniciaci\u00f3n Art\u00edstica (CIA) N\u00ba 5 en San Mart\u00edn de [&hellip;]<\/p>\n","protected":false},"author":1,"featured_media":15079,"comment_status":"","ping_status":"","sticky":false,"template":"","format":"standard","meta":{"_monsterinsights_skip_tracking":false,"_monsterinsights_sitenote_active":false,"_monsterinsights_sitenote_note":"","_monsterinsights_sitenote_category":0,"footnotes":"","jetpack_publicize_message":"","jetpack_publicize_feature_enabled":true,"jetpack_social_post_already_shared":true,"jetpack_social_options":{"image_generator_settings":{"template":"highway","default_image_id":0,"font":"","enabled":false},"version":2}},"categories":[4],"tags":[172,2434,533,29,715,2608,16,787,2485,863,237,383,40],"class_list":["post-15078","post","type-post","status-publish","format-standard","has-post-thumbnail","hentry","category-regionales","tag-andes","tag-artistica","tag-centro","tag-del","tag-edificio","tag-iniciacion","tag-los","tag-martin","tag-no","tag-realidad","tag-san","tag-sera","tag-una"],"aioseo_notices":[],"jetpack_publicize_connections":[],"amp_enabled":true,"_links":{"self":[{"href":"https:\/\/noticiasdeangostura.com.ar\/index.php?rest_route=\/wp\/v2\/posts\/15078","targetHints":{"allow":["GET"]}}],"collection":[{"href":"https:\/\/noticiasdeangostura.com.ar\/index.php?rest_route=\/wp\/v2\/posts"}],"about":[{"href":"https:\/\/noticiasdeangostura.com.ar\/index.php?rest_route=\/wp\/v2\/types\/post"}],"author":[{"embeddable":true,"href":"https:\/\/noticiasdeangostura.com.ar\/index.php?rest_route=\/wp\/v2\/users\/1"}],"replies":[{"embeddable":true,"href":"https:\/\/noticiasdeangostura.com.ar\/index.php?rest_route=%2Fwp%2Fv2%2Fcomments&post=15078"}],"version-history":[{"count":0,"href":"https:\/\/noticiasdeangostura.com.ar\/index.php?rest_route=\/wp\/v2\/posts\/15078\/revisions"}],"wp:featuredmedia":[{"embeddable":true,"href":"https:\/\/noticiasdeangostura.com.ar\/index.php?rest_route=\/wp\/v2\/media\/15079"}],"wp:attachment":[{"href":"https:\/\/noticiasdeangostura.com.ar\/index.php?rest_route=%2Fwp%2Fv2%2Fmedia&parent=15078"}],"wp:term":[{"taxonomy":"category","embeddable":true,"href":"https:\/\/noticiasdeangostura.com.ar\/index.php?rest_route=%2Fwp%2Fv2%2Fcategories&post=15078"},{"taxonomy":"post_tag","embeddable":true,"href":"https:\/\/noticiasdeangostura.com.ar\/index.php?rest_route=%2Fwp%2Fv2%2Ftags&post=15078"}],"curies":[{"name":"wp","href":"https:\/\/api.w.org\/{rel}","templated":true}]}}