{"id":15081,"date":"2026-04-29T20:19:13","date_gmt":"2026-04-29T23:19:13","guid":{"rendered":"https:\/\/noticiasdeangostura.com.ar\/?p=15081"},"modified":"2026-04-29T20:19:13","modified_gmt":"2026-04-29T23:19:13","slug":"milei-evito-hablar-con-los-periodistas-a-la-salida-del-congreso-y-los-califico-de-chorros-y-corruptos","status":"publish","type":"post","link":"https:\/\/noticiasdeangostura.com.ar\/?p=15081","title":{"rendered":"Milei evit\u00f3 hablar con los periodistas a la salida del Congreso y los calific\u00f3 de \u201cchorros\u201d y \u201ccorruptos\u201d"},"content":{"rendered":"<p> <br \/>\n<br \/><br \/>El mandatario presenci\u00f3 el discurso de Manuel Adorni desde uno de los palcos de la C\u00e1mara de Diputados junto a todo su Gabinete.Javier Milei junto a su hermana Karina en uno de los palcos de la C\u00e1mara de Diputados.<br \/>\n    En su salida del Congreso luego del informe de gesti\u00f3n, el presidente Javier Milei evit\u00f3 las preguntas de la prensa sobre el jefe de Gabinete, Manuel Adorni. Adem\u00e1s, calific\u00f3 a los periodistas de \u201ccorruptos\u201d y \u201cchorros\u201d.  Lee tambi\u00e9n: Frente a la oposici\u00f3n, Manuel Adorni descart\u00f3 su renuncia: \u00abEstoy ac\u00e1 dando la cara\u00bb Los cruces con la prensa comenzaron durante el ingreso del mandatario a la C\u00e1mara de Diputados. All\u00ed, los periodistas le preguntaron por qu\u00e9 sosten\u00eda al jefe de Gabinete pese a la investigaci\u00f3n por presunto enriquecimiento il\u00edcito en su contra. Cuando alguien le consult\u00f3 directamente si Adorni \u201cera corrupto\u201d, el Presidente contest\u00f3: \u201cCorruptos son ustedes\u201d.La escena se repiti\u00f3 al cierre del discurso inicial del ministro coordinador, cuando Milei se retiraba del recinto. Ante una nueva oleada de preguntas de la prensa, reaccion\u00f3 con enojo y tild\u00f3 a los presentes de \u201cchorros\u201d.Estas no fueron las \u00fanicas confrontaciones que el jefe de Estado protagoniz\u00f3 durante su paso por el Congreso. Mientras presenciaba el discurso de Adorni desde uno de los palcos, Milei apunt\u00f3 contra la diputada de izquierda Myriam Bregman.El conflicto se desat\u00f3 luego de que la legisladora del FIT gritara \u201casesinos\u201d y \u201cc\u00f3mplices del genocidio\u201d en Gaza al oficialismo cuando Adorni expon\u00eda sobre la pol\u00edtica exterior del Gobierno y el apoyo a Israel en la guerra de Medio Oriente. Molesto por la interrupci\u00f3n, el Presidente grit\u00f3: \u201cCon sus ideas mataron a 150 millones de personas, ustedes son los asesinos\u201d.<\/p>\n","protected":false},"excerpt":{"rendered":"<p>El mandatario presenci\u00f3 el discurso de Manuel Adorni desde uno de los palcos de la C\u00e1mara de Diputados junto a todo su Gabinete.Javier Milei junto a su hermana Karina en uno de los palcos de la C\u00e1mara de Diputados. En su salida del Congreso luego del informe de gesti\u00f3n, el presidente Javier Milei evit\u00f3 las [&hellip;]<\/p>\n","protected":false},"author":1,"featured_media":15082,"comment_status":"","ping_status":"","sticky":false,"template":"","format":"standard","meta":{"_monsterinsights_skip_tracking":false,"_monsterinsights_sitenote_active":false,"_monsterinsights_sitenote_note":"","_monsterinsights_sitenote_category":0,"footnotes":"","jetpack_publicize_message":"","jetpack_publicize_feature_enabled":true,"jetpack_social_post_already_shared":true,"jetpack_social_options":{"image_generator_settings":{"template":"highway","default_image_id":0,"font":"","enabled":false},"version":2}},"categories":[5],"tags":[],"class_list":["post-15081","post","type-post","status-publish","format-standard","has-post-thumbnail","hentry","category-politica"],"aioseo_notices":[],"jetpack_publicize_connections":[],"amp_enabled":true,"_links":{"self":[{"href":"https:\/\/noticiasdeangostura.com.ar\/index.php?rest_route=\/wp\/v2\/posts\/15081","targetHints":{"allow":["GET"]}}],"collection":[{"href":"https:\/\/noticiasdeangostura.com.ar\/index.php?rest_route=\/wp\/v2\/posts"}],"about":[{"href":"https:\/\/noticiasdeangostura.com.ar\/index.php?rest_route=\/wp\/v2\/types\/post"}],"author":[{"embeddable":true,"href":"https:\/\/noticiasdeangostura.com.ar\/index.php?rest_route=\/wp\/v2\/users\/1"}],"replies":[{"embeddable":true,"href":"https:\/\/noticiasdeangostura.com.ar\/index.php?rest_route=%2Fwp%2Fv2%2Fcomments&post=15081"}],"version-history":[{"count":0,"href":"https:\/\/noticiasdeangostura.com.ar\/index.php?rest_route=\/wp\/v2\/posts\/15081\/revisions"}],"wp:featuredmedia":[{"embeddable":true,"href":"https:\/\/noticiasdeangostura.com.ar\/index.php?rest_route=\/wp\/v2\/media\/15082"}],"wp:attachment":[{"href":"https:\/\/noticiasdeangostura.com.ar\/index.php?rest_route=%2Fwp%2Fv2%2Fmedia&parent=15081"}],"wp:term":[{"taxonomy":"category","embeddable":true,"href":"https:\/\/noticiasdeangostura.com.ar\/index.php?rest_route=%2Fwp%2Fv2%2Fcategories&post=15081"},{"taxonomy":"post_tag","embeddable":true,"href":"https:\/\/noticiasdeangostura.com.ar\/index.php?rest_route=%2Fwp%2Fv2%2Ftags&post=15081"}],"curies":[{"name":"wp","href":"https:\/\/api.w.org\/{rel}","templated":true}]}}