{"id":15085,"date":"2026-04-29T20:23:47","date_gmt":"2026-04-29T23:23:47","guid":{"rendered":"https:\/\/noticiasdeangostura.com.ar\/?p=15085"},"modified":"2026-04-29T20:23:47","modified_gmt":"2026-04-29T23:23:47","slug":"javier-milei-habla-en-el-cierre-de-la-expo-efi-2026-en-la-ciudad-de-buenos-aires","status":"publish","type":"post","link":"https:\/\/noticiasdeangostura.com.ar\/?p=15085","title":{"rendered":"Javier Milei habla en el cierre de la Expo EFI 2026 en la Ciudad de Buenos Aires"},"content":{"rendered":"<p> <br \/>\n<br \/><br \/>\n\t\t\t\t\t\tEl presidente de la Naci\u00f3n, Javier Milei, aterriza en la 13\u00ba edici\u00f3n de la Expo EFI para defender el plan econ\u00f3mico y dar definiciones sobre el futuro de la econom\u00eda. La presentaci\u00f3n ser\u00e1 en el Centro de Convenciones de Buenos Aires.<\/p>\n<p>La expo EFI es la exposici\u00f3n de econom\u00eda, finanzas e inversiones m\u00e1s relevante de Argentina. Aqu\u00ed, economistas, pol\u00edticos, periodistas y referentes del sector privado comparten un an\u00e1lisis estrat\u00e9gico sobre los principales desaf\u00edos y oportunidades de la econom\u00eda argentina y el contexto internacional, abordando temas clave vinculados a las finanzas, las inversiones y el desarrollo productivo.<\/p>\n<p>Al comienzo de su discurso, el mandatario agradeci\u00f3 a los organizadores del evento \u2014al que defini\u00f3 como un espacio donde \u201clos economistas nos sentimos a gusto\u201d\u2014 y enmarc\u00f3 su presentaci\u00f3n dentro de una serie de tres charlas que dio durante la semana, centradas en \u201cestabilizaci\u00f3n, reformas y crecimiento\u201d.<\/p>\n<p>Milei sostuvo que los resultados de su gesti\u00f3n deben analizarse en perspectiva hist\u00f3rica. \u201cEsto no pas\u00f3 nunca en 123 a\u00f1os\u201d, afirm\u00f3, y asegur\u00f3 que existe \u201cuna discrepancia in\u00e9dita entre los datos reales y lo que dicen los medios\u201d. En ese sentido, cuestion\u00f3 las cr\u00edticas a su gobierno y se\u00f1al\u00f3 que, aunque pueda no ser querido, lo relevante es \u201cel legado hist\u00f3rico\u201d.<\/p>\n<p>Javier Milei tiene 57,2% de imagen negativa, seg\u00fan una encuesta<\/p>\n<p>Uno de los ejes m\u00e1s duros del discurso fue su ataque a las ideas de John Maynard Keynes. Milei afirm\u00f3 que la obra m\u00e1s influyente del economista, La teor\u00eda general del empleo, el inter\u00e9s y el dinero, propone un esquema comparable al de los reg\u00edmenes fascistas y nazis.<\/p>\n<p>\u201cEs una mala teor\u00eda econ\u00f3mica y el remate del libro plantea el sistema econ\u00f3mico de los nazis y los fascistas\u201d, lanz\u00f3. En esa l\u00ednea, rechaz\u00f3 las propuestas de volver al keynesianismo y sostuvo que se trata de \u201cla macroeconom\u00eda de un sistema totalitario\u201d.<\/p>\n<p>Frente a eso, reivindic\u00f3 el liberalismo como marco ideol\u00f3gico de su gobierno. \u201cEs el respeto irrestricto del proyecto de vida del pr\u00f3jimo, basado en el principio de no agresi\u00f3n y en defensa de la vida, la libertad y la propiedad\u201d, explic\u00f3. Tambi\u00e9n sostuvo que quienes estudian a autores liberales \u201cno vuelven atr\u00e1s\u201d y puso como ejemplo a Friedrich Hayek, a quien defini\u00f3 como un ex socialista que cambi\u00f3 de postura tras formarse con Ludwig von Mises.<\/p>\n<p>El Presidente tambi\u00e9n dedic\u00f3 varios pasajes a criticar a periodistas y dirigentes opositores, a quienes acus\u00f3 de difundir \u201cmentiras, calumnias e injurias\u201d, y defendi\u00f3 su estilo confrontativo al sostener que responde dentro del \u201cprincipio de no agresi\u00f3n\u201d.<\/p>\n<p>En un tramo m\u00e1s t\u00e9cnico de su exposici\u00f3n, Milei se enfoc\u00f3 en el concepto de \u201ctransici\u00f3n\u201d econ\u00f3mica, diferenciando entre modelos de corto y largo plazo. Explic\u00f3 que, mientras los modelos macroecon\u00f3micos tradicionales analizan el equilibrio en t\u00e9rminos est\u00e1ticos, el crecimiento implica din\u00e1micas m\u00e1s complejas, con distintas visiones seg\u00fan el enfoque te\u00f3rico.<\/p>\n<p>En ese marco, plante\u00f3 que Argentina part\u00eda de una situaci\u00f3n inicial cr\u00edtica que hac\u00eda imprescindible un programa de estabilizaci\u00f3n. \u201cLa econom\u00eda no crec\u00eda desde 2011, el PBI per c\u00e1pita cay\u00f3 m\u00e1s de 13% y la inflaci\u00f3n viajaba al 1,5% diario cuando llegamos\u201d, describi\u00f3.<\/p>\n<p>Milei se molest\u00f3 por una pregunta sobre la inflaci\u00f3n: \u00abNo es el lugar, no es el momento\u00bb<\/p>\n<p>Seg\u00fan detall\u00f3, el pa\u00eds enfrentaba un escenario de fuerte desequilibrio: reservas negativas, alta deuda en pesos, controles de precios y capitales, y una brecha cambiaria cercana al 200%. \u201cEra una econom\u00eda a punto de explotar\u201d, afirm\u00f3, y record\u00f3 que la pobreza lleg\u00f3 a niveles del 57% en la medici\u00f3n mensual.<\/p>\n<p>Milei destac\u00f3 que la estabilizaci\u00f3n se logr\u00f3 a trav\u00e9s de un fuerte ajuste fiscal y monetario, sin recurrir a defaults ni reestructuraciones compulsivas. \u201cSe respet\u00f3 el derecho de propiedad a rajatabla\u201d, subray\u00f3, y agreg\u00f3 que su administraci\u00f3n tambi\u00e9n avanz\u00f3 en una reducci\u00f3n de impuestos, algo que calific\u00f3 como in\u00e9dito.<\/p>\n<p>\u201cLa clave fue cortar con la emisi\u00f3n monetaria\u201d, sostuvo, al tiempo que asegur\u00f3 que el escenario heredado podr\u00eda haber derivado en una hiperinflaci\u00f3n de hasta 17.000% anual.<\/p>\n<p>Inflaci\u00f3n, ajuste y cr\u00e9dito: las claves del crecimiento<\/p>\n<p>En ese marco, el Presidente sostuvo que las condiciones para el crecimiento parten de haber evitado una hiperinflaci\u00f3n y de haber iniciado un proceso de desaceleraci\u00f3n sostenida de los precios, incluso en un contexto que describi\u00f3 como de \u201cataque especulativo\u201d en la segunda mitad del a\u00f1o pasado.<\/p>\n<p>Para graficarlo, compar\u00f3 a la inflaci\u00f3n con \u201cel ruido en la comunicaci\u00f3n\u201d, al se\u00f1alar que distorsiona el sistema de precios y dificulta la asignaci\u00f3n eficiente de recursos. \u201cSi hay ruido, no se entiende el mensaje; lo mismo pasa con la inflaci\u00f3n en la econom\u00eda\u201d, explic\u00f3. En ese sentido, afirm\u00f3 que su reducci\u00f3n permite tomar decisiones \u201ccon m\u00e1s sentido\u201d y mejorar el funcionamiento general del sistema econ\u00f3mico. Adem\u00e1s, volvi\u00f3 a calificarla como \u201cun robo\u201d desde el punto de vista moral.<\/p>\n<p>Otro eje central fue la eliminaci\u00f3n del d\u00e9ficit fiscal y cuasi fiscal, que \u2014seg\u00fan indic\u00f3\u2014 se logr\u00f3 en los primeros meses de gesti\u00f3n. Esto, sostuvo, increment\u00f3 el ahorro del sector p\u00fablico y liber\u00f3 recursos que antes absorb\u00eda el Estado. Como consecuencia, afirm\u00f3 que el cr\u00e9dito al sector privado pas\u00f3 de representar entre 3 y 4 puntos del PBI a alrededor de 12%, lo que habilita tanto mayor consumo como inversi\u00f3n.<\/p>\n<p>Milei tambi\u00e9n destac\u00f3 la fuerte baja del riesgo pa\u00eds, desde niveles cercanos a los 3.000 puntos b\u00e1sicos al inicio de su mandato hasta la zona de 550 en la actualidad. Seg\u00fan explic\u00f3, esta reducci\u00f3n disminuye el costo del capital y mejora la rentabilidad esperada de los proyectos, lo que ampl\u00eda las oportunidades de inversi\u00f3n. \u201cAl bajar el costo de oportunidad, aumenta la capacidad de generar valor\u201d, sintetiz\u00f3.<\/p>\n<p>Recuperaci\u00f3n de la actividad y baja de la pobreza<\/p>\n<p>En cuanto a la actividad, asegur\u00f3 que la econom\u00eda ya muestra signos de recuperaci\u00f3n: afirm\u00f3 que el nivel de actividad se ubica cerca de 8% por encima del momento en que asumi\u00f3, y que, corregidos factores puntuales como la menor cantidad de d\u00edas h\u00e1biles en febrero, podr\u00eda volver a m\u00e1ximos. En paralelo, defendi\u00f3 el ajuste fiscal \u2014que estim\u00f3 en unos 15 puntos del PBI\u2014 al asegurar que permiti\u00f3 \u201cdevolverle a los argentinos 100.000 millones de d\u00f3lares\u201d.<\/p>\n<p>Tambi\u00e9n vincul\u00f3 estas mejoras con una ca\u00edda de la pobreza al 28% y con la salida de millones de personas de esa condici\u00f3n, al tiempo que rechaz\u00f3 la idea de que el ajuste sea contractivo si se concentra en el sector p\u00fablico.<\/p>\n<p>En materia de empleo, sostuvo que hubo una recomposici\u00f3n con crecimiento del trabajo independiente, y defendi\u00f3 las reformas impulsadas por el Gobierno, entre ellas la modernizaci\u00f3n laboral y cambios en el r\u00e9gimen fiscal que, seg\u00fan dijo, revirtieron la l\u00f3gica de \u201cculpabilidad\u201d del contribuyente frente al Estado.<\/p>\n<p>Alejandro Fantino emocionado por su reencuentro con Javier Milei: \u00abHermoso\u00bb<\/p>\n<p>Sobre el crecimiento de largo plazo, el Presidente insisti\u00f3 en la importancia de la apertura econ\u00f3mica, el capital humano y la innovaci\u00f3n. Retomando ideas cl\u00e1sicas, explic\u00f3 que ampliar el tama\u00f1o del mercado permite profundizar la divisi\u00f3n del trabajo y la especializaci\u00f3n, lo que mejora la productividad.<\/p>\n<p>En esa l\u00ednea, se\u00f1al\u00f3 que el desarrollo implica procesos de \u201cdestrucci\u00f3n creadora\u201d, donde surgen nuevas actividades mientras otras desaparecen, y defendi\u00f3 la necesidad de adaptarse a esos cambios. Tambi\u00e9n plante\u00f3 que los pa\u00edses con mayor libertad econ\u00f3mica logran mejores resultados en t\u00e9rminos de ingresos y reducci\u00f3n de la pobreza.<\/p>\n<p>A su vez, destac\u00f3 el proceso de desregulaci\u00f3n llevado adelante por su gesti\u00f3n, al afirmar que ya se implementaron m\u00e1s de 15.000 reformas. En tono ir\u00f3nico, describi\u00f3 el \u00e1rea encargada de estas medidas como un \u201cMinisterio de los rendimientos crecientes\u201d, y asegur\u00f3 que se trata del gobierno \u201cm\u00e1s reformista de la historia\u201d.<\/p>\n<p>M\u00e1s libertad econ\u00f3mica y crecimiento<\/p>\n<p>Milei puso el foco en la velocidad de las reformas y asegur\u00f3 que su gobierno avanza \u201ca un ritmo de 17 regulaciones por d\u00eda\u201d, al punto de ironizar con que durante el transcurso de una charla pueden eliminarse nuevas normas. Seg\u00fan afirm\u00f3, ese proceso ya tiene impacto concreto: \u201cArgentina salt\u00f3 40 puestos en libertad econ\u00f3mica en el \u00faltimo a\u00f1o\u201d, tras haber estado en niveles que describi\u00f3 como \u201chiper reprimidos\u201d.<\/p>\n<p>El Presidente remarc\u00f3 que se trata de un cambio in\u00e9dito en t\u00e9rminos hist\u00f3ricos, comparable \u2014seg\u00fan dijo\u2014 solo con pa\u00edses que atravesaron guerras o crisis extremas. En esa l\u00ednea, destac\u00f3 la magnitud del ajuste del gasto p\u00fablico y del Banco Central, y asegur\u00f3 que, a contramano de las cr\u00edticas iniciales, la econom\u00eda creci\u00f3 cerca de 10% y permiti\u00f3 sacar a millones de personas de la pobreza.<\/p>\n<p>A su vez, defendi\u00f3 su enfoque pragm\u00e1tico en materia econ\u00f3mica y cuestion\u00f3 a quienes se aferran a modelos te\u00f3ricos. \u201cNo nos vamos a enamorar de ning\u00fan modelo, estamos enamorados de los datos\u201d, sostuvo, y resalt\u00f3 la figura de Luis Caputo por su experiencia en los mercados financieros y su capacidad de tomar decisiones sin atarse a dogmas.<\/p>\n<p>Hay tensi\u00f3n entre Javier Milei y Mauricio Macri porque quieren lo mismo<\/p>\n<p>En materia de crecimiento, insisti\u00f3 en que la desregulaci\u00f3n impulsa los \u201crendimientos crecientes\u201d, al liberar trabas que \u2014seg\u00fan explic\u00f3\u2014 potencian la actividad econ\u00f3mica. Tambi\u00e9n subray\u00f3 la estrategia de apertura comercial, con negociaciones con la Uni\u00f3n Europea y Estados Unidos, y una redefinici\u00f3n del rol de las embajadas, orientadas a generar negocios y atraer inversiones.<\/p>\n<p>\u201cEl objetivo no es hacer discursos, es abrir mercados\u201d, afirm\u00f3, al tiempo que calific\u00f3 a la Argentina como uno de los pa\u00edses m\u00e1s cerrados del mundo en relaci\u00f3n a su nivel de ingresos. En ese sentido, sostuvo que una mayor apertura es clave para mejorar la competitividad y la calidad de vida.<\/p>\n<p>As\u00ed, destac\u00f3 medidas fiscales como la baja de impuestos y el impulso al R\u00e9gimen de Incentivo para Grandes Inversiones (RIGI), que \u2014seg\u00fan indic\u00f3\u2014 ya gener\u00f3 compromisos por unos US$100.000 millones. A eso sum\u00f3 la proyecci\u00f3n de exportaciones por un monto similar, y asegur\u00f3 que esa din\u00e1mica permitir\u00e1 consolidar un sendero de crecimiento sostenido y convertir al pa\u00eds \u201cen una potencia\u201d.<\/p>\n<p>El eje ideol\u00f3gico y la cr\u00edtica al modelo anterior <\/p>\n<p>En esa misma l\u00ednea, el Presidente reforz\u00f3 el marco ideol\u00f3gico de su programa econ\u00f3mico, al poner el eje en \u201cla libertad y la propiedad\u201d, basadas en el principio de no agresi\u00f3n. Seg\u00fan sostuvo, ese esquema es el que permite alcanzar eficiencia econ\u00f3mica y prosperidad.<\/p>\n<p>Adem\u00e1s, cuestion\u00f3 con dureza las pol\u00edticas de intervenci\u00f3n estatal aplicadas en las \u00faltimas d\u00e9cadas. \u201cYa tuvimos un infante durante 70 u 80 a\u00f1os y no funcion\u00f3. Todas esas pol\u00edticas fracasaron\u201d, afirm\u00f3, en referencia al modelo econ\u00f3mico previo.<\/p>\n<p>En ese sentido, plante\u00f3 que el pa\u00eds atraviesa un escenario de cambio marcado por el avance tecnol\u00f3gico, la modificaci\u00f3n de precios relativos y un proceso de desregulaci\u00f3n que implica un menor rol del Estado. \u201cLos recursos se van a reasignar y lo que necesitamos es la mayor flexibilidad posible para que eso ocurra r\u00e1pido\u201d, explic\u00f3.<\/p>\n<p>Por \u00faltimo, llam\u00f3 a enfrentar ese proceso sin resistencias. \u201cSi aceptamos el desaf\u00edo del cambio, volveremos a ser grandes. Si no, vamos a repetir los errores del pasado\u201d, advirti\u00f3, antes de cerrar su discurso con una consigna habitual: \u201cQue la fuerza del cielo nos acompa\u00f1e y viva la libertad, carajo\u201d.<\/p>\n","protected":false},"excerpt":{"rendered":"<p>El presidente de la Naci\u00f3n, Javier Milei, aterriza en la 13\u00ba edici\u00f3n de la Expo EFI para defender el plan econ\u00f3mico y dar definiciones sobre el futuro de la econom\u00eda. La presentaci\u00f3n ser\u00e1 en el Centro de Convenciones de Buenos Aires. La expo EFI es la exposici\u00f3n de econom\u00eda, finanzas e inversiones m\u00e1s relevante de [&hellip;]<\/p>\n","protected":false},"author":1,"featured_media":15086,"comment_status":"","ping_status":"","sticky":false,"template":"","format":"standard","meta":{"_monsterinsights_skip_tracking":false,"_monsterinsights_sitenote_active":false,"_monsterinsights_sitenote_note":"","_monsterinsights_sitenote_category":0,"footnotes":"","jetpack_publicize_message":"","jetpack_publicize_feature_enabled":true,"jetpack_social_post_already_shared":true,"jetpack_social_options":{"image_generator_settings":{"template":"highway","default_image_id":0,"font":"","enabled":false},"version":2}},"categories":[11],"tags":[],"class_list":["post-15085","post","type-post","status-publish","format-standard","has-post-thumbnail","hentry","category-actualidad"],"aioseo_notices":[],"jetpack_publicize_connections":[],"amp_enabled":true,"_links":{"self":[{"href":"https:\/\/noticiasdeangostura.com.ar\/index.php?rest_route=\/wp\/v2\/posts\/15085","targetHints":{"allow":["GET"]}}],"collection":[{"href":"https:\/\/noticiasdeangostura.com.ar\/index.php?rest_route=\/wp\/v2\/posts"}],"about":[{"href":"https:\/\/noticiasdeangostura.com.ar\/index.php?rest_route=\/wp\/v2\/types\/post"}],"author":[{"embeddable":true,"href":"https:\/\/noticiasdeangostura.com.ar\/index.php?rest_route=\/wp\/v2\/users\/1"}],"replies":[{"embeddable":true,"href":"https:\/\/noticiasdeangostura.com.ar\/index.php?rest_route=%2Fwp%2Fv2%2Fcomments&post=15085"}],"version-history":[{"count":0,"href":"https:\/\/noticiasdeangostura.com.ar\/index.php?rest_route=\/wp\/v2\/posts\/15085\/revisions"}],"wp:featuredmedia":[{"embeddable":true,"href":"https:\/\/noticiasdeangostura.com.ar\/index.php?rest_route=\/wp\/v2\/media\/15086"}],"wp:attachment":[{"href":"https:\/\/noticiasdeangostura.com.ar\/index.php?rest_route=%2Fwp%2Fv2%2Fmedia&parent=15085"}],"wp:term":[{"taxonomy":"category","embeddable":true,"href":"https:\/\/noticiasdeangostura.com.ar\/index.php?rest_route=%2Fwp%2Fv2%2Fcategories&post=15085"},{"taxonomy":"post_tag","embeddable":true,"href":"https:\/\/noticiasdeangostura.com.ar\/index.php?rest_route=%2Fwp%2Fv2%2Ftags&post=15085"}],"curies":[{"name":"wp","href":"https:\/\/api.w.org\/{rel}","templated":true}]}}