{"id":15108,"date":"2026-04-29T23:20:44","date_gmt":"2026-04-30T02:20:44","guid":{"rendered":"https:\/\/noticiasdeangostura.com.ar\/?p=15108"},"modified":"2026-04-29T23:20:44","modified_gmt":"2026-04-30T02:20:44","slug":"extienden-el-plazo-de-inscripcion-para-el-programa-alentando-el-deporte","status":"publish","type":"post","link":"https:\/\/noticiasdeangostura.com.ar\/?p=15108","title":{"rendered":"Extienden el plazo de inscripci\u00f3n para el programa Alentando el Deporte"},"content":{"rendered":"<p> <br \/>\n<br \/><\/p>\n<p>La convocatoria permanecer\u00e1 abierta hasta el 8 de mayo para atletas y organizaciones deportivas de toda la provincia.<\/p>\n<div>\n<p>El gobierno provincial inform\u00f3 que se extendi\u00f3 el plazo de inscripci\u00f3n para participar de una nueva edici\u00f3n del programa Alentando el Deporte, una iniciativa que acompa\u00f1a el desarrollo deportivo y comunitario en el territorio neuquino. La nueva fecha l\u00edmite para la presentaci\u00f3n de proyectos ser\u00e1 el 8 de mayo.<\/p>\n<p>La propuesta, que es impulsada de manera articulada entre el ministerio de Juventud, Deportes y Cultura, Vista Energy y Fundaci\u00f3n Laureus, contempla aportes econ\u00f3micos para facilitar la participaci\u00f3n de los deportistas y las organizaciones que trabajan en la promoci\u00f3n y el fomento del deporte en distintas localidades.<\/p>\n<p>El programa comprende la selecci\u00f3n de atletas y organizaciones deportivas, quienes podr\u00e1n destinar los aportes a distintas necesidades vinculadas a su desarrollo, como la adquisici\u00f3n de equipamiento, la mejora de infraestructura, capacitaciones, traslados o acompa\u00f1amiento profesional.<\/p>\n<p>Desde su implementaci\u00f3n, la iniciativa ha permitido fortalecer trayectorias deportivas individuales y potenciar proyectos con impacto social, consolidando el deporte como una herramienta de inclusi\u00f3n, formaci\u00f3n y desarrollo comunitario en toda la provincia.<\/p>\n<p>Las personas interesadas en postularse deber\u00e1n completar el formulario de inscripci\u00f3n y adjuntar la documentaci\u00f3n requerida a trav\u00e9s de la plataforma oficial del programa. Para inscribirse, se debe ingresar a\u00a0<a href=\"http:\/\/www.laureus.org.ar\/alentando-el-deporte\" target=\"_blank\" rel=\"noopener\"><strong>www.laureus.org.ar\/alentando-el-deporte<\/strong><\/a>.<\/p>\n<p>Con esta pr\u00f3rroga, se busca ampliar las oportunidades de participaci\u00f3n y garantizar que m\u00e1s deportistas y organizaciones puedan acceder a este acompa\u00f1amiento, que contin\u00faa consolid\u00e1ndose como una pol\u00edtica clave para el crecimiento del deporte neuquino.<\/p>\n<\/p><\/div>\n<p><script type=\"2d68cb7bd1aa07c8d4b588f9-text\/javascript\">\n    window.addEventListener('load', () => {\n        if (typeof FB !== 'undefined' && FB.init) {\n            \/\/ La SDK de Facebook est\u00e1 inicializada\n        } else {\n            \/\/ La SDK de Facebook no est\u00e1 inicializada\n            var script = document.createElement('script');\n            script.async = true;\n            script.defer = true;\n            script.crossOrigin = 'anonymous';\n            script.src=\"https:\/\/connect.facebook.net\/es_LA\/sdk.js#xfbml=1&version=v17.0&appId=868452105110858&autoLogAppEvents=1\";\n            script.nonce=\"eBgX2sTe\";\n            document.head.appendChild(script);\n        }\n        \/* FIX YOUTUBE (fix width) *\/\n        var youtubeIframes = document.querySelectorAll('iframe[src*=\"youtube.com\/embed\"]');\n        youtubeIframes.forEach(function(iframe) {\n            var containerWidth = iframe.parentElement.clientWidth || iframe.parentElement.offsetWidth;\n            if(containerWidth && iframe.width > containerWidth){\n                iframe.width = containerWidth;\n                iframe.height = (containerWidth \/ 16) * 9; \/\/ Assuming a 16:9 aspect ratio\n            }\n        });\n    });\n<\/script><\/p>\n","protected":false},"excerpt":{"rendered":"<p>La convocatoria permanecer\u00e1 abierta hasta el 8 de mayo para atletas y organizaciones deportivas de toda la provincia. El gobierno provincial inform\u00f3 que se extendi\u00f3 el plazo de inscripci\u00f3n para participar de una nueva edici\u00f3n del programa Alentando el Deporte, una iniciativa que acompa\u00f1a el desarrollo deportivo y comunitario en el territorio neuquino. La nueva [&hellip;]<\/p>\n","protected":false},"author":1,"featured_media":15109,"comment_status":"","ping_status":"","sticky":false,"template":"","format":"standard","meta":{"_monsterinsights_skip_tracking":false,"_monsterinsights_sitenote_active":false,"_monsterinsights_sitenote_note":"","_monsterinsights_sitenote_category":0,"footnotes":"","jetpack_publicize_message":"","jetpack_publicize_feature_enabled":true,"jetpack_social_post_already_shared":true,"jetpack_social_options":{"image_generator_settings":{"template":"highway","default_image_id":0,"font":"","enabled":false},"version":2}},"categories":[4],"tags":[2278,457,2623,462,50,1100,59],"class_list":["post-15108","post","type-post","status-publish","format-standard","has-post-thumbnail","hentry","category-regionales","tag-alentando","tag-deporte","tag-extienden","tag-inscripcion","tag-para","tag-plazo","tag-programa"],"aioseo_notices":[],"jetpack_publicize_connections":[],"amp_enabled":true,"_links":{"self":[{"href":"https:\/\/noticiasdeangostura.com.ar\/index.php?rest_route=\/wp\/v2\/posts\/15108","targetHints":{"allow":["GET"]}}],"collection":[{"href":"https:\/\/noticiasdeangostura.com.ar\/index.php?rest_route=\/wp\/v2\/posts"}],"about":[{"href":"https:\/\/noticiasdeangostura.com.ar\/index.php?rest_route=\/wp\/v2\/types\/post"}],"author":[{"embeddable":true,"href":"https:\/\/noticiasdeangostura.com.ar\/index.php?rest_route=\/wp\/v2\/users\/1"}],"replies":[{"embeddable":true,"href":"https:\/\/noticiasdeangostura.com.ar\/index.php?rest_route=%2Fwp%2Fv2%2Fcomments&post=15108"}],"version-history":[{"count":0,"href":"https:\/\/noticiasdeangostura.com.ar\/index.php?rest_route=\/wp\/v2\/posts\/15108\/revisions"}],"wp:featuredmedia":[{"embeddable":true,"href":"https:\/\/noticiasdeangostura.com.ar\/index.php?rest_route=\/wp\/v2\/media\/15109"}],"wp:attachment":[{"href":"https:\/\/noticiasdeangostura.com.ar\/index.php?rest_route=%2Fwp%2Fv2%2Fmedia&parent=15108"}],"wp:term":[{"taxonomy":"category","embeddable":true,"href":"https:\/\/noticiasdeangostura.com.ar\/index.php?rest_route=%2Fwp%2Fv2%2Fcategories&post=15108"},{"taxonomy":"post_tag","embeddable":true,"href":"https:\/\/noticiasdeangostura.com.ar\/index.php?rest_route=%2Fwp%2Fv2%2Ftags&post=15108"}],"curies":[{"name":"wp","href":"https:\/\/api.w.org\/{rel}","templated":true}]}}