{"id":15110,"date":"2026-04-29T23:39:11","date_gmt":"2026-04-30T02:39:11","guid":{"rendered":"https:\/\/noticiasdeangostura.com.ar\/?p=15110"},"modified":"2026-04-29T23:39:11","modified_gmt":"2026-04-30T02:39:11","slug":"conciliacion-obligatoria-y-normal-prestacion-de-servicios","status":"publish","type":"post","link":"https:\/\/noticiasdeangostura.com.ar\/?p=15110","title":{"rendered":"CONCILIACI\u00d3N OBLIGATORIA Y NORMAL PRESTACI\u00d3N DE SERVICIOS"},"content":{"rendered":"<p>El Ejecutivo Municipal de Villa La Angostura informa a la comunidad que, en el marco del conflicto laboral en curso, la Secretar\u00eda de Trabajo de la Provincia del Neuqu\u00e9n ha dictado la conciliaci\u00f3n obligatoria, con vigencia a partir del d\u00eda 29 de abril de 2026 y por el t\u00e9rmino de diez (10) d\u00edas h\u00e1biles .<\/p>\n<p>En virtud de ello, las partes deben retrotraer la situaci\u00f3n al estado previo al conflicto, dejando sin efecto toda medida de acci\u00f3n directa y garantizando la normal y habitual prestaci\u00f3n de los servicios municipales.<\/p>\n<p>En este sentido, se informa que el no acatamiento de la conciliaci\u00f3n obligatoria implicar\u00e1 la aplicaci\u00f3n de las medidas correspondientes, incluyendo el descuento de los d\u00edas no trabajados por paro y\/o quite de colaboraci\u00f3n, sin perjuicio de otras acciones que pudieran corresponder conforme la normativa vigente.<\/p>\n<p>El Municipio reafirma su voluntad de di\u00e1logo dentro del marco legal establecido, priorizando la continuidad de los servicios esenciales y el bienestar de la comunidad.<\/p>\n","protected":false},"excerpt":{"rendered":"<p>El Ejecutivo Municipal de Villa La Angostura informa a la comunidad que, en el marco del conflicto laboral en curso, la Secretar\u00eda de Trabajo de la Provincia del Neuqu\u00e9n ha dictado la conciliaci\u00f3n obligatoria, con vigencia a partir del d\u00eda 29 de abril de 2026 y por el t\u00e9rmino de diez (10) d\u00edas h\u00e1biles . [&hellip;]<\/p>\n","protected":false},"author":1,"featured_media":0,"comment_status":"","ping_status":"","sticky":false,"template":"","format":"standard","meta":{"_monsterinsights_skip_tracking":false,"_monsterinsights_sitenote_active":false,"_monsterinsights_sitenote_note":"","_monsterinsights_sitenote_category":0,"footnotes":"","jetpack_publicize_message":"","jetpack_publicize_feature_enabled":true,"jetpack_social_post_already_shared":true,"jetpack_social_options":{"image_generator_settings":{"template":"highway","default_image_id":0,"font":"","enabled":false},"version":2}},"categories":[3],"tags":[2624,2626,2625,2627,97],"class_list":["post-15110","post","type-post","status-publish","format-standard","hentry","category-villa-la-angostura","tag-conciliacion","tag-normal","tag-obligatoria","tag-prestacion","tag-servicios"],"aioseo_notices":[],"jetpack_publicize_connections":[],"amp_enabled":true,"_links":{"self":[{"href":"https:\/\/noticiasdeangostura.com.ar\/index.php?rest_route=\/wp\/v2\/posts\/15110","targetHints":{"allow":["GET"]}}],"collection":[{"href":"https:\/\/noticiasdeangostura.com.ar\/index.php?rest_route=\/wp\/v2\/posts"}],"about":[{"href":"https:\/\/noticiasdeangostura.com.ar\/index.php?rest_route=\/wp\/v2\/types\/post"}],"author":[{"embeddable":true,"href":"https:\/\/noticiasdeangostura.com.ar\/index.php?rest_route=\/wp\/v2\/users\/1"}],"replies":[{"embeddable":true,"href":"https:\/\/noticiasdeangostura.com.ar\/index.php?rest_route=%2Fwp%2Fv2%2Fcomments&post=15110"}],"version-history":[{"count":0,"href":"https:\/\/noticiasdeangostura.com.ar\/index.php?rest_route=\/wp\/v2\/posts\/15110\/revisions"}],"wp:attachment":[{"href":"https:\/\/noticiasdeangostura.com.ar\/index.php?rest_route=%2Fwp%2Fv2%2Fmedia&parent=15110"}],"wp:term":[{"taxonomy":"category","embeddable":true,"href":"https:\/\/noticiasdeangostura.com.ar\/index.php?rest_route=%2Fwp%2Fv2%2Fcategories&post=15110"},{"taxonomy":"post_tag","embeddable":true,"href":"https:\/\/noticiasdeangostura.com.ar\/index.php?rest_route=%2Fwp%2Fv2%2Ftags&post=15110"}],"curies":[{"name":"wp","href":"https:\/\/api.w.org\/{rel}","templated":true}]}}