{"id":15115,"date":"2026-04-30T00:25:36","date_gmt":"2026-04-30T03:25:36","guid":{"rendered":"https:\/\/noticiasdeangostura.com.ar\/?p=15115"},"modified":"2026-04-30T00:25:36","modified_gmt":"2026-04-30T03:25:36","slug":"manuel-adorni-en-el-congreso-los-memes-que-dejo-su-exposicion-y-la-reaccion-en-redes","status":"publish","type":"post","link":"https:\/\/noticiasdeangostura.com.ar\/?p=15115","title":{"rendered":"Manuel Adorni en el Congreso: los memes que dej\u00f3 su exposici\u00f3n y la reacci\u00f3n en redes"},"content":{"rendered":"<p> <br \/>\n<br \/><\/p>\n<p>\t\t\t\t\t\tEl jefe de Gabinete, Manuel Adorni, encabez\u00f3 este mi\u00e9rcoles su primer informe de gesti\u00f3n ante el Congreso, en una sesi\u00f3n que se extendi\u00f3 por varias horas y estuvo atravesada por cruces pol\u00edticos y un clima de fuerte expectativa.    La exposici\u00f3n cont\u00f3 con la presencia del presidente Javier Milei, funcionarios del Gabinete y legisladores de distintos bloques. Durante su intervenci\u00f3n, Adorni respondi\u00f3 preguntas y se refiri\u00f3 a distintos aspectos de la gesti\u00f3n, en medio de cuestionamientos de la oposici\u00f3n.    Galer\u00eda de fotos: todas las im\u00e1genes de la presentaci\u00f3n de Manuel Adorni en el Congreso<\/p>\n<p>        Esto no les gusta a los autoritarios<\/p>\n<p>                El ejercicio del periodismo profesional y cr\u00edtico es un pilar fundamental de la democracia. Por eso molesta a quienes creen ser los due\u00f1os de la verdad.<\/p>\n<p>    En paralelo al desarrollo del debate parlamentario, en redes sociales comenzaron a circular memes y comentarios humor\u00edsticos vinculados a frases, gestos y momentos puntuales de la exposici\u00f3n. Las publicaciones se multiplicaron especialmente en plataformas como X, donde el tema se volvi\u00f3 tendencia durante la jornada.    A continuaci\u00f3n, algunos de los memes y reacciones que dej\u00f3 la presentaci\u00f3n en el Congreso:                                        LB      <\/p>\n","protected":false},"excerpt":{"rendered":"<p>El jefe de Gabinete, Manuel Adorni, encabez\u00f3 este mi\u00e9rcoles su primer informe de gesti\u00f3n ante el Congreso, en una sesi\u00f3n que se extendi\u00f3 por varias horas y estuvo atravesada por cruces pol\u00edticos y un clima de fuerte expectativa. La exposici\u00f3n cont\u00f3 con la presencia del presidente Javier Milei, funcionarios del Gabinete y legisladores de distintos [&hellip;]<\/p>\n","protected":false},"author":1,"featured_media":15116,"comment_status":"","ping_status":"","sticky":false,"template":"","format":"standard","meta":{"_monsterinsights_skip_tracking":false,"_monsterinsights_sitenote_active":false,"_monsterinsights_sitenote_note":"","_monsterinsights_sitenote_category":0,"footnotes":"","jetpack_publicize_message":"","jetpack_publicize_feature_enabled":true,"jetpack_social_post_already_shared":true,"jetpack_social_options":{"image_generator_settings":{"template":"highway","default_image_id":0,"font":"","enabled":false},"version":2}},"categories":[11],"tags":[],"class_list":["post-15115","post","type-post","status-publish","format-standard","has-post-thumbnail","hentry","category-actualidad"],"aioseo_notices":[],"jetpack_publicize_connections":[],"amp_enabled":true,"_links":{"self":[{"href":"https:\/\/noticiasdeangostura.com.ar\/index.php?rest_route=\/wp\/v2\/posts\/15115","targetHints":{"allow":["GET"]}}],"collection":[{"href":"https:\/\/noticiasdeangostura.com.ar\/index.php?rest_route=\/wp\/v2\/posts"}],"about":[{"href":"https:\/\/noticiasdeangostura.com.ar\/index.php?rest_route=\/wp\/v2\/types\/post"}],"author":[{"embeddable":true,"href":"https:\/\/noticiasdeangostura.com.ar\/index.php?rest_route=\/wp\/v2\/users\/1"}],"replies":[{"embeddable":true,"href":"https:\/\/noticiasdeangostura.com.ar\/index.php?rest_route=%2Fwp%2Fv2%2Fcomments&post=15115"}],"version-history":[{"count":0,"href":"https:\/\/noticiasdeangostura.com.ar\/index.php?rest_route=\/wp\/v2\/posts\/15115\/revisions"}],"wp:featuredmedia":[{"embeddable":true,"href":"https:\/\/noticiasdeangostura.com.ar\/index.php?rest_route=\/wp\/v2\/media\/15116"}],"wp:attachment":[{"href":"https:\/\/noticiasdeangostura.com.ar\/index.php?rest_route=%2Fwp%2Fv2%2Fmedia&parent=15115"}],"wp:term":[{"taxonomy":"category","embeddable":true,"href":"https:\/\/noticiasdeangostura.com.ar\/index.php?rest_route=%2Fwp%2Fv2%2Fcategories&post=15115"},{"taxonomy":"post_tag","embeddable":true,"href":"https:\/\/noticiasdeangostura.com.ar\/index.php?rest_route=%2Fwp%2Fv2%2Ftags&post=15115"}],"curies":[{"name":"wp","href":"https:\/\/api.w.org\/{rel}","templated":true}]}}