{"id":15121,"date":"2026-04-30T00:53:51","date_gmt":"2026-04-30T03:53:51","guid":{"rendered":"https:\/\/noticiasdeangostura.com.ar\/?p=15121"},"modified":"2026-04-30T00:53:51","modified_gmt":"2026-04-30T03:53:51","slug":"paro-en-el-servicio-meteorologico-nacional-alertan-posibles-demoras-y-cancelaciones-de-vuelos-este-jueves","status":"publish","type":"post","link":"https:\/\/noticiasdeangostura.com.ar\/?p=15121","title":{"rendered":"Paro en el Servicio Meteorol\u00f3gico Nacional: alertan posibles demoras y cancelaciones de vuelos este jueves"},"content":{"rendered":"<p> <br \/>\n<br \/><\/p>\n<p>La medida de ATE afecta al SMN durante 24 horas en todo el pa\u00eds. El sector aerocomercial podr\u00eda verse impactado por falta de informaci\u00f3n clave para operar.<\/p>\n<div>\n<p>El paro anunciado por la Asociaci\u00f3n Trabajadores del Estado (ATE) en el <span class=\"hover:entity-accent entity-underline inline cursor-pointer align-baseline\"><span class=\"whitespace-normal\">Servicio Meteorol\u00f3gico Nacional<\/span><\/span> para este jueves 30 de abril podr\u00eda generar complicaciones en los vuelos de todo el pa\u00eds, incluyendo demoras, reprogramaciones y posibles cancelaciones.<\/p>\n<p>La medida de fuerza se enmarca en un conflicto gremial por el supuesto \u201cachicamiento\u201d del organismo y reclamos vinculados a despidos y condiciones laborales.<\/p>\n<p class=\"noEditable noticia-relacionada\" data-id=\"332925\"><ampiframe src=\"https:\/\/www.noticiasnqn.com.ar\/api\/noticias\/332925\/relacionadas?amp=1\" layout=\"fixed-height\" sandbox=\"allow-top-navigation allow-top-navigation-by-user-activation allow-scripts \" height=\"100px\"> <b placeholder=\"\">Lee tambi\u00e9n: Aprueban iniciativa para instalar kits solares a 905 familias rurales de Neuqu\u00e9n<\/b> <\/ampiframe><\/p>\n<h2>Paro del SMN: qu\u00e9 reclaman los trabajadores<\/h2>\n<p>Desde el gremio denunciaron declaraciones del ministro de Desregulaci\u00f3n, <span class=\"hover:entity-accent entity-underline inline cursor-pointer align-baseline\"><span class=\"whitespace-normal\">Federico Sturzenegger<\/span><\/span>, y cuestionaron el rumbo de las pol\u00edticas hacia el organismo.<\/p>\n<p>El secretario general de ATE, <span class=\"hover:entity-accent entity-underline inline cursor-pointer align-baseline\"><span class=\"whitespace-normal\">Rodolfo Aguiar<\/span><\/span>, advirti\u00f3 que la protesta responde al intento de despidos y al recorte de personal, que seg\u00fan el sindicato afecta a cientos de trabajadores.<\/p>\n<h2>C\u00f3mo puede afectar a los vuelos en Argentina<\/h2>\n<p>El impacto principal del paro se da en la operaci\u00f3n aerocomercial, ya que el SMN provee informaci\u00f3n meteorol\u00f3gica esencial para despegues y aterrizajes.<\/p>\n<p>Sin esos reportes, el sistema a\u00e9reo podr\u00eda enfrentar dificultades operativas, especialmente en jornadas de alta demanda como la previa de un fin de semana largo.<\/p>\n<p class=\"noEditable noticia-relacionada\" data-id=\"332919\"><ampiframe src=\"https:\/\/www.noticiasnqn.com.ar\/api\/noticias\/332919\/relacionadas?amp=1\" layout=\"fixed-height\" sandbox=\"allow-top-navigation allow-top-navigation-by-user-activation allow-scripts \" height=\"100px\"> <b placeholder=\"\">Lee tambi\u00e9n: Fin de semana largo: refuerzan controles en rutas de Neuqu\u00e9n con el operativo \u201cFeriado Vial Seguro\u201d<\/b> <\/ampiframe><\/p>\n<h2>Aeropuertos y posibles demoras: qu\u00e9 recomiendan a los pasajeros<\/h2>\n<p>El paro podr\u00eda afectar vuelos en aeropuertos como <span class=\"hover:entity-accent entity-underline inline cursor-pointer align-baseline\"><span class=\"whitespace-normal\">Aeropuerto Internacional Ministro Pistarini (Ezeiza)<\/span><\/span> y <span class=\"hover:entity-accent entity-underline inline cursor-pointer align-baseline\"><span class=\"whitespace-normal\">Aeroparque Jorge Newbery<\/span><\/span>, adem\u00e1s de terminales del interior del pa\u00eds.<\/p>\n<p>Las autoridades recomiendan a los pasajeros verificar el estado de sus vuelos y mantenerse atentos a las notificaciones de las aerol\u00edneas ante posibles cambios de horario o reprogramaciones.<\/p>\n<p class=\"noEditable noticia-relacionada\" data-id=\"332949\"><ampiframe src=\"https:\/\/www.noticiasnqn.com.ar\/api\/noticias\/332949\/relacionadas?amp=1\" layout=\"fixed-height\" sandbox=\"allow-top-navigation allow-top-navigation-by-user-activation allow-scripts \" height=\"100px\"> <b placeholder=\"\">Lee tambi\u00e9n: Evac\u00faan un supermercado por un incendio y cortan el tr\u00e1nsito en calle Villegas en San Mart\u00edn de los Andes<\/b> <\/ampiframe><\/p>\n<h2>Antecedentes del conflicto en el Servicio Meteorol\u00f3gico<\/h2>\n<p>D\u00edas atr\u00e1s, el organismo ya hab\u00eda anunciado una medida de protesta que finalmente no se concret\u00f3, luego de que fuera declarada ilegal por el Gobierno al tratarse de un servicio considerado esencial.<\/p>\n<p>El conflicto contin\u00faa abierto en medio de reclamos sindicales por la continuidad laboral, la inversi\u00f3n en el organismo y la reincorporaci\u00f3n de trabajadores despedidos.<\/p>\n<p>Mientras tanto, el paro de 24 horas vuelve a poner en alerta al sistema aeron\u00e1utico y genera incertidumbre sobre el normal funcionamiento de los vuelos en todo el pa\u00eds.<\/p>\n<\/p><\/div>\n","protected":false},"excerpt":{"rendered":"<p>La medida de ATE afecta al SMN durante 24 horas en todo el pa\u00eds. El sector aerocomercial podr\u00eda verse impactado por falta de informaci\u00f3n clave para operar. El paro anunciado por la Asociaci\u00f3n Trabajadores del Estado (ATE) en el Servicio Meteorol\u00f3gico Nacional para este jueves 30 de abril podr\u00eda generar complicaciones en los vuelos de [&hellip;]<\/p>\n","protected":false},"author":1,"featured_media":15122,"comment_status":"","ping_status":"","sticky":false,"template":"","format":"standard","meta":{"_monsterinsights_skip_tracking":false,"_monsterinsights_sitenote_active":false,"_monsterinsights_sitenote_note":"","_monsterinsights_sitenote_category":0,"footnotes":"","jetpack_publicize_message":"","jetpack_publicize_feature_enabled":true,"jetpack_social_post_already_shared":true,"jetpack_social_options":{"image_generator_settings":{"template":"highway","default_image_id":0,"font":"","enabled":false},"version":2}},"categories":[1],"tags":[],"class_list":["post-15121","post","type-post","status-publish","format-standard","has-post-thumbnail","hentry","category-ultimas-noticias"],"aioseo_notices":[],"jetpack_publicize_connections":[],"amp_enabled":true,"_links":{"self":[{"href":"https:\/\/noticiasdeangostura.com.ar\/index.php?rest_route=\/wp\/v2\/posts\/15121","targetHints":{"allow":["GET"]}}],"collection":[{"href":"https:\/\/noticiasdeangostura.com.ar\/index.php?rest_route=\/wp\/v2\/posts"}],"about":[{"href":"https:\/\/noticiasdeangostura.com.ar\/index.php?rest_route=\/wp\/v2\/types\/post"}],"author":[{"embeddable":true,"href":"https:\/\/noticiasdeangostura.com.ar\/index.php?rest_route=\/wp\/v2\/users\/1"}],"replies":[{"embeddable":true,"href":"https:\/\/noticiasdeangostura.com.ar\/index.php?rest_route=%2Fwp%2Fv2%2Fcomments&post=15121"}],"version-history":[{"count":0,"href":"https:\/\/noticiasdeangostura.com.ar\/index.php?rest_route=\/wp\/v2\/posts\/15121\/revisions"}],"wp:featuredmedia":[{"embeddable":true,"href":"https:\/\/noticiasdeangostura.com.ar\/index.php?rest_route=\/wp\/v2\/media\/15122"}],"wp:attachment":[{"href":"https:\/\/noticiasdeangostura.com.ar\/index.php?rest_route=%2Fwp%2Fv2%2Fmedia&parent=15121"}],"wp:term":[{"taxonomy":"category","embeddable":true,"href":"https:\/\/noticiasdeangostura.com.ar\/index.php?rest_route=%2Fwp%2Fv2%2Fcategories&post=15121"},{"taxonomy":"post_tag","embeddable":true,"href":"https:\/\/noticiasdeangostura.com.ar\/index.php?rest_route=%2Fwp%2Fv2%2Ftags&post=15121"}],"curies":[{"name":"wp","href":"https:\/\/api.w.org\/{rel}","templated":true}]}}