{"id":15123,"date":"2026-04-30T01:21:49","date_gmt":"2026-04-30T04:21:49","guid":{"rendered":"https:\/\/noticiasdeangostura.com.ar\/?p=15123"},"modified":"2026-04-30T01:21:49","modified_gmt":"2026-04-30T04:21:49","slug":"remate-en-el-norte-neuquino-se-viene-la-5a-feria-de-invernada","status":"publish","type":"post","link":"https:\/\/noticiasdeangostura.com.ar\/?p=15123","title":{"rendered":"Remate en el norte neuquino: se viene la 5\u00aa Feria de Invernada"},"content":{"rendered":"<p> <br \/>\n<br \/><\/p>\n<p>Se realizar\u00e1 en Los Gua\u00f1acos entre el 29 y 30 de abril. Saldr\u00e1n a la venta m\u00e1s de seiscientas cabezas. Acompa\u00f1a la secretar\u00eda de Producci\u00f3n e Industria de la Provincia.<\/p>\n<div>\n<p>Como parte del calendario ganadero del norte neuquino y en continuidad con las acciones para fortalecer al sector, se realizar\u00e1 la 5\u00aa Feria de Invernada del Norte Neuquino en Los Gua\u00f1acos, consolidando a la zona como uno de los principales puntos de comercializaci\u00f3n ganadera de la regi\u00f3n.<\/p>\n<p>La actividad tuvo su jornada de admisi\u00f3n y pesada de animales hoy mi\u00e9rcoles, mientras que el remate se desarrollar\u00e1 el jueves 30 en el predio de la Asociaci\u00f3n de Fomento Rural (AFR) local.<\/p>\n<p>En esta nueva edici\u00f3n se pondr\u00e1n a la venta 645 cabezas, entre ellas 600 terneros y 45 novillitos, en una propuesta que busca seguir generando oportunidades comerciales para los productores de la regi\u00f3n.<\/p>\n<p>Desde la organizaci\u00f3n se coordinan actividades y reuniones con productores para ultimar detalles de esta edici\u00f3n, que se proyecta con grandes expectativas luego de los resultados alcanzados en encuentros anteriores.<\/p>\n<p>Un antecedente que marca el crecimiento de estas ferias fue la 4\u00aa edici\u00f3n de la Feria de Invernada, realizada en 2025 en el predio de la AFR de Los Gua\u00f1acos, donde se concret\u00f3 la venta del 100 por ciento de los animales ofrecidos: 307 terneros y 8 vaquillonas livianas, con un volumen comercializado de 233 kilos.<\/p>\n<p>Estas ferias forman parte de una estrategia para fortalecer la producci\u00f3n ganadera, mejorar la calidad gen\u00e9tica de los rodeos y promover el desarrollo local y el arraigo en las comunidades rurales.<\/p>\n<p>La secretar\u00eda de Producci\u00f3n e Industria acompa\u00f1a estas iniciativas con asesoramiento t\u00e9cnico, financiamiento e infraestructura en los predios, apuntalando un esquema de trabajo conjunto con productores e instituciones.<\/p>\n<p><strong>La importancia del destete<\/strong><\/p>\n<p>En el marco de la Emergencia por Sequ\u00eda, la secretar\u00eda de Producci\u00f3n e Industria capacit\u00f3 a productores de toda la provincia en la implementaci\u00f3n de estrategias de manejo que permitan optimizar los recursos disponibles en dicho contexto.<\/p>\n<p>Al poner en exposici\u00f3n en esta feria a terneros destetados de los rodeos que bajan de veranada se puntualiz\u00f3 en la importancia que tiene en la din\u00e1mica de los rodeos de trashumancia la posibilidad que se da a m\u00e1s de 40 productores para descargar sus campos, en los momentos previos a la invernada, pudiendo ofrecer y colocar su producci\u00f3n a diferentes invernadores y engordadores de la provincia.<\/p>\n<p>La venta conjunta permite acercar la oferta y la demanda. Es a trav\u00e9s de la concentraci\u00f3n de los animales ofrecidos que se trabaja con la asistencia t\u00e9cnica en los corrales para armar grupos homog\u00e9neos (lotes de terneros) que en cantidades de 35 cabezas permiten a los compradores acceder a diferentes tama\u00f1os de animales seg\u00fan el rango de las pesadas. Esto para ir completando las cantidades m\u00ednimas que se cargan en las jaulas y luego trasladarlos a sus engordes.<\/p>\n<p>Esta herramienta no solo permite optimizar los \u00edndices reproductivos y fortalecer la sustentabilidad de la actividad ganadera en los campos, sino que tambi\u00e9n favorece a los compradores por concentrar las ventas en un momento espec\u00edfico del a\u00f1o pudiendo programar las reposiciones de animales en las invernadas a campo (a pasto) o los engordes a corral (grano) para continuar su ciclo dentro de la actividad.<\/p>\n<p>Con estas acciones se puede mejorar el porcentaje de pre\u00f1ez, aliviando la demanda de leche en las vacas madres para que contin\u00faen su gestaci\u00f3n y se vuelva a entorar y pre\u00f1ar durante la pr\u00f3xima primavera y verano, dando por programado el servicio estacionado.<\/p>\n<p>Los compradores disminuyen significativamente los costos comerciales al concurrir a un \u00fanico lugar y cerrar sus compras eligiendo las categor\u00edas y pesos que m\u00e1s les convienen sin tener que visitar individualmente a los productores.<\/p>\n<p><strong>Entrega de tranqueras<\/strong><\/p>\n<p>En el marco del fortalecimiento de la Feria la Secretar\u00eda de Producci\u00f3n invirti\u00f3 2.9 millones de pesos en siete tranqueras destinadas a los corrales que albergar\u00e1n a los animales que saldr\u00e1n a la venta.<\/p>\n<\/p><\/div>\n<p><script type=\"1bfe8ea808e854b47e1e97aa-text\/javascript\">\n    window.addEventListener('load', () => {\n        if (typeof FB !== 'undefined' && FB.init) {\n            \/\/ La SDK de Facebook est\u00e1 inicializada\n        } else {\n            \/\/ La SDK de Facebook no est\u00e1 inicializada\n            var script = document.createElement('script');\n            script.async = true;\n            script.defer = true;\n            script.crossOrigin = 'anonymous';\n            script.src=\"https:\/\/connect.facebook.net\/es_LA\/sdk.js#xfbml=1&version=v17.0&appId=868452105110858&autoLogAppEvents=1\";\n            script.nonce=\"eBgX2sTe\";\n            document.head.appendChild(script);\n        }\n        \/* FIX YOUTUBE (fix width) *\/\n        var youtubeIframes = document.querySelectorAll('iframe[src*=\"youtube.com\/embed\"]');\n        youtubeIframes.forEach(function(iframe) {\n            var containerWidth = iframe.parentElement.clientWidth || iframe.parentElement.offsetWidth;\n            if(containerWidth && iframe.width > containerWidth){\n                iframe.width = containerWidth;\n                iframe.height = (containerWidth \/ 16) * 9; \/\/ Assuming a 16:9 aspect ratio\n            }\n        });\n    });\n<\/script><\/p>\n","protected":false},"excerpt":{"rendered":"<p>Se realizar\u00e1 en Los Gua\u00f1acos entre el 29 y 30 de abril. Saldr\u00e1n a la venta m\u00e1s de seiscientas cabezas. Acompa\u00f1a la secretar\u00eda de Producci\u00f3n e Industria de la Provincia. Como parte del calendario ganadero del norte neuquino y en continuidad con las acciones para fortalecer al sector, se realizar\u00e1 la 5\u00aa Feria de Invernada [&hellip;]<\/p>\n","protected":false},"author":1,"featured_media":15124,"comment_status":"","ping_status":"","sticky":false,"template":"","format":"standard","meta":{"_monsterinsights_skip_tracking":false,"_monsterinsights_sitenote_active":false,"_monsterinsights_sitenote_note":"","_monsterinsights_sitenote_category":0,"footnotes":"","jetpack_publicize_message":"","jetpack_publicize_feature_enabled":true,"jetpack_social_post_already_shared":true,"jetpack_social_options":{"image_generator_settings":{"template":"highway","default_image_id":0,"font":"","enabled":false},"version":2}},"categories":[4],"tags":[2629,550,2630,23,96,2628,1137],"class_list":["post-15123","post","type-post","status-publish","format-standard","has-post-thumbnail","hentry","category-regionales","tag-5a","tag-feria","tag-invernada","tag-neuquino","tag-norte","tag-remate","tag-viene"],"aioseo_notices":[],"jetpack_publicize_connections":[],"amp_enabled":true,"_links":{"self":[{"href":"https:\/\/noticiasdeangostura.com.ar\/index.php?rest_route=\/wp\/v2\/posts\/15123","targetHints":{"allow":["GET"]}}],"collection":[{"href":"https:\/\/noticiasdeangostura.com.ar\/index.php?rest_route=\/wp\/v2\/posts"}],"about":[{"href":"https:\/\/noticiasdeangostura.com.ar\/index.php?rest_route=\/wp\/v2\/types\/post"}],"author":[{"embeddable":true,"href":"https:\/\/noticiasdeangostura.com.ar\/index.php?rest_route=\/wp\/v2\/users\/1"}],"replies":[{"embeddable":true,"href":"https:\/\/noticiasdeangostura.com.ar\/index.php?rest_route=%2Fwp%2Fv2%2Fcomments&post=15123"}],"version-history":[{"count":0,"href":"https:\/\/noticiasdeangostura.com.ar\/index.php?rest_route=\/wp\/v2\/posts\/15123\/revisions"}],"wp:featuredmedia":[{"embeddable":true,"href":"https:\/\/noticiasdeangostura.com.ar\/index.php?rest_route=\/wp\/v2\/media\/15124"}],"wp:attachment":[{"href":"https:\/\/noticiasdeangostura.com.ar\/index.php?rest_route=%2Fwp%2Fv2%2Fmedia&parent=15123"}],"wp:term":[{"taxonomy":"category","embeddable":true,"href":"https:\/\/noticiasdeangostura.com.ar\/index.php?rest_route=%2Fwp%2Fv2%2Fcategories&post=15123"},{"taxonomy":"post_tag","embeddable":true,"href":"https:\/\/noticiasdeangostura.com.ar\/index.php?rest_route=%2Fwp%2Fv2%2Ftags&post=15123"}],"curies":[{"name":"wp","href":"https:\/\/api.w.org\/{rel}","templated":true}]}}