{"id":15135,"date":"2026-04-30T03:04:43","date_gmt":"2026-04-30T06:04:43","guid":{"rendered":"https:\/\/noticiasdeangostura.com.ar\/?p=15135"},"modified":"2026-04-30T03:04:43","modified_gmt":"2026-04-30T06:04:43","slug":"un-hombre-murio-tras-ser-atacado-por-chaquetas-amarillas-en-loncopue","status":"publish","type":"post","link":"https:\/\/noticiasdeangostura.com.ar\/?p=15135","title":{"rendered":"Un hombre muri\u00f3 tras ser atacado por chaquetas amarillas en Loncopu\u00e9"},"content":{"rendered":"<p> <br \/>\n<br \/><\/p>\n<p>La v\u00edctima sufri\u00f3 un shock anafil\u00e1ctico luego de m\u00faltiples picaduras mientras realizaba tareas de corte de le\u00f1a.<\/p>\n<div>\n<p>Un vecino de Loncopu\u00e9 falleci\u00f3 luego de ser atacado por un enjambre de chaquetas amarillas mientras realizaba tareas de corte de le\u00f1a en el ingreso a la localidad.<\/p>\n<p>Seg\u00fan se inform\u00f3, la v\u00edctima sufri\u00f3 m\u00faltiples picaduras que desencadenaron un cuadro de shock anafil\u00e1ctico, con una r\u00e1pida ca\u00edda de la presi\u00f3n arterial, dificultad respiratoria severa y compromiso de varios \u00f3rganos.<\/p>\n<p>El hecho ocurri\u00f3 cuando dos hombres trabajaban en una zona de arboleda y, de manera accidental, habr\u00edan perturbado una colmena, lo que provoc\u00f3 la reacci\u00f3n agresiva del enjambre. Ambos intentaron escapar corriendo para ponerse a resguardo.<\/p>\n<p class=\"noEditable noticia-relacionada\" data-id=\"332952\"><ampiframe src=\"https:\/\/www.noticiasnqn.com.ar\/api\/noticias\/332952\/relacionadas?amp=1\" layout=\"fixed-height\" sandbox=\"allow-top-navigation allow-top-navigation-by-user-activation allow-scripts \" height=\"100px\"> <b placeholder=\"\">Lee tambi\u00e9n: Impulsan la creaci\u00f3n de la Federaci\u00f3n Neuquina de Esqu\u00ed<\/b> <\/ampiframe><\/p>\n<p>El hombre logr\u00f3 subir a una camioneta y llamar al servicio de emergencias 107, pero el cuadro avanz\u00f3 r\u00e1pidamente y falleci\u00f3 antes de recibir asistencia m\u00e9dica. Personal de emergencia arrib\u00f3 minutos despu\u00e9s y lo encontr\u00f3 sin vida dentro del veh\u00edculo.<\/p>\n<p>La comunidad de Loncopu\u00e9 permanece conmocionada por lo ocurrido. Desde <span class=\"hover:entity-accent entity-underline inline cursor-pointer align-baseline\"><span class=\"whitespace-normal\">Administraci\u00f3n de Parques Nacionales<\/span><\/span> advirtieron que las chaquetas amarillas representan un riesgo creciente en la Patagonia, debido a su expansi\u00f3n y comportamiento agresivo, especialmente en zonas rurales y de actividades al aire libre.<\/p>\n<\/p><\/div>\n","protected":false},"excerpt":{"rendered":"<p>La v\u00edctima sufri\u00f3 un shock anafil\u00e1ctico luego de m\u00faltiples picaduras mientras realizaba tareas de corte de le\u00f1a. Un vecino de Loncopu\u00e9 falleci\u00f3 luego de ser atacado por un enjambre de chaquetas amarillas mientras realizaba tareas de corte de le\u00f1a en el ingreso a la localidad. Seg\u00fan se inform\u00f3, la v\u00edctima sufri\u00f3 m\u00faltiples picaduras que desencadenaron [&hellip;]<\/p>\n","protected":false},"author":1,"featured_media":15136,"comment_status":"","ping_status":"","sticky":false,"template":"","format":"standard","meta":{"_monsterinsights_skip_tracking":false,"_monsterinsights_sitenote_active":false,"_monsterinsights_sitenote_note":"","_monsterinsights_sitenote_category":0,"footnotes":"","jetpack_publicize_message":"","jetpack_publicize_feature_enabled":true,"jetpack_social_post_already_shared":true,"jetpack_social_options":{"image_generator_settings":{"template":"highway","default_image_id":0,"font":"","enabled":false},"version":2}},"categories":[1],"tags":[],"class_list":["post-15135","post","type-post","status-publish","format-standard","has-post-thumbnail","hentry","category-ultimas-noticias"],"aioseo_notices":[],"jetpack_publicize_connections":[],"amp_enabled":true,"_links":{"self":[{"href":"https:\/\/noticiasdeangostura.com.ar\/index.php?rest_route=\/wp\/v2\/posts\/15135","targetHints":{"allow":["GET"]}}],"collection":[{"href":"https:\/\/noticiasdeangostura.com.ar\/index.php?rest_route=\/wp\/v2\/posts"}],"about":[{"href":"https:\/\/noticiasdeangostura.com.ar\/index.php?rest_route=\/wp\/v2\/types\/post"}],"author":[{"embeddable":true,"href":"https:\/\/noticiasdeangostura.com.ar\/index.php?rest_route=\/wp\/v2\/users\/1"}],"replies":[{"embeddable":true,"href":"https:\/\/noticiasdeangostura.com.ar\/index.php?rest_route=%2Fwp%2Fv2%2Fcomments&post=15135"}],"version-history":[{"count":0,"href":"https:\/\/noticiasdeangostura.com.ar\/index.php?rest_route=\/wp\/v2\/posts\/15135\/revisions"}],"wp:featuredmedia":[{"embeddable":true,"href":"https:\/\/noticiasdeangostura.com.ar\/index.php?rest_route=\/wp\/v2\/media\/15136"}],"wp:attachment":[{"href":"https:\/\/noticiasdeangostura.com.ar\/index.php?rest_route=%2Fwp%2Fv2%2Fmedia&parent=15135"}],"wp:term":[{"taxonomy":"category","embeddable":true,"href":"https:\/\/noticiasdeangostura.com.ar\/index.php?rest_route=%2Fwp%2Fv2%2Fcategories&post=15135"},{"taxonomy":"post_tag","embeddable":true,"href":"https:\/\/noticiasdeangostura.com.ar\/index.php?rest_route=%2Fwp%2Fv2%2Ftags&post=15135"}],"curies":[{"name":"wp","href":"https:\/\/api.w.org\/{rel}","templated":true}]}}