{"id":15137,"date":"2026-04-30T03:22:49","date_gmt":"2026-04-30T06:22:49","guid":{"rendered":"https:\/\/noticiasdeangostura.com.ar\/?p=15137"},"modified":"2026-04-30T03:22:49","modified_gmt":"2026-04-30T06:22:49","slug":"egresaron-mas-de-220-estudiantes-del-nivel-superior","status":"publish","type":"post","link":"https:\/\/noticiasdeangostura.com.ar\/?p=15137","title":{"rendered":"Egresaron m\u00e1s de 220 estudiantes del Nivel Superior"},"content":{"rendered":"<p> <br \/>\n<br \/><\/p>\n<p>Los IFD 1 y 14 de Cutral Co celebraron la titulaci\u00f3n de 83 nuevos y nuevas docentes; y del Instituto Superior en Seguridad del Neuqu\u00e9n se recibieron 140 estudiantes de sus cuatro tecnicaturas.<\/p>\n<div>\n<p>Cutral Co fue escenario de dos actos de colaci\u00f3n: el Instituto de Formaci\u00f3n Docente (IFD) N\u00b0 14 celebr\u00f3 en un mismo evento el egreso de 26 docentes para nivel Secundario en diferentes asignaturas y el 37\u00b0 aniversario institucional; mientras que el IFD N\u00b0 1, homenaje\u00f3 a sus 57 titulados para la ense\u00f1anza Inicial y Primaria.<\/p>\n<p>Por su parte, en el Cine Teatro Espa\u00f1ol de la ciudad capital, el Instituto Superior en Seguridad del Neuqu\u00e9n festej\u00f3 la culminaci\u00f3n de estudios de 140 estudiantes de las promociones 2024 y 2025. Se graduaron t\u00e9cnicos y t\u00e9cnicas en Investigaci\u00f3n Criminal\u00edstica, Seguridad Penitenciaria, Investigaciones y Seguridad Vial.<\/p>\n<p>La directora provincial de Educaci\u00f3n Superior del Consejo Provincial de Educaci\u00f3n (CPE), <strong>Ana Laura Sotz<\/strong>, se refiri\u00f3 a las colaciones como <em>\u201cuna clara muestra de una gesti\u00f3n de gobierno que pone primero a la Educaci\u00f3n de los neuquinos con responsabilidad, ampliando la oferta educativa, actualizando el dise\u00f1o curricular, invirtiendo en infraestructura y acompa\u00f1ando la formaci\u00f3n de t\u00e9cnicos y docentes en toda la provincia\u201d<\/em>.<\/p>\n<p>Por otro lado, respecto del IFD 14 destac\u00f3 que <em>\u201ctiene un gran avance a lo largo de su trayectoria, sobre todo en los \u00faltimos dos a\u00f1os con la inversi\u00f3n de 1.298 millones de pesos en su infraestructura y la ampliaci\u00f3n de la oferta educativa\u201d<\/em>. Durante el a\u00f1o pasado, se cre\u00f3 el profesorado en Filosof\u00eda que se suma a los preexistentes en Matem\u00e1tica, F\u00edsica, Qu\u00edmica, Biolog\u00eda, Geograf\u00eda y Lengua y Literatura.<\/p>\n<p>La funcionaria resalt\u00f3 <em>\u201cel compromiso del equipo directivo para acompa\u00f1ar a una instituci\u00f3n en constante crecimiento, con una matr\u00edcula que se ha triplicado en los \u00faltimos a\u00f1os y hoy alcanza a m\u00e1s de 400 estudiantes\u201d<\/em>. Luego le transmiti\u00f3 un mensaje especial a las y los reci\u00e9n recibidos: <em>\u201cSer docente no es solo transmitir conocimientos, es ejercer un oficio profundamente humano, es sostener, escuchar, acompa\u00f1ar procesos y trayectorias. Lleven con orgullo su t\u00edtulo pero, por sobre todo, con humildad la enorme responsabilidad de construir, cambiar y realizar junto con sus estudiantes una sociedad m\u00e1s justa y solidaridad\u201d<\/em>, expres\u00f3.<\/p>\n<p>La obra en el IFD registra un avance superior al 47 por ciento, se trata de la remodelaci\u00f3n integral del edificio m\u00e1s la construcci\u00f3n de 650 metros cuadrados nuevos que incluyen cuatro aulas, un aula magna, sanitarios para estudiantes y personal &#8211; incluyendo uno accesible- oficinas administrativas, preceptor\u00eda, biblioteca y espacios de circulaci\u00f3n. En tanto que la renovaci\u00f3n contempla la readecuaci\u00f3n del acceso, mejoras en sanitarios, incorporaci\u00f3n de parasoles en aulas orientadas al norte, y optimizaci\u00f3n de las condiciones de ventilaci\u00f3n e iluminaci\u00f3n mediante la renovaci\u00f3n de aberturas.<\/p>\n<p>Por \u00faltimo, la directora provincial tambi\u00e9n acompa\u00f1\u00f3 el acto de finalizaci\u00f3n de estudiantes del IFD N\u00b0 1 que se celebr\u00f3 en el centro cultural de Cutral Co. Se oficializ\u00f3 la colaci\u00f3n de nuevos docentes de los niveles Inicial y Primario que estaban acompa\u00f1ados por sus familias y estudiantes y referentes de la instituci\u00f3n.<\/p>\n<\/p><\/div>\n<p><script type=\"4464ed75da2b62c00983c98e-text\/javascript\">\n    window.addEventListener('load', () => {\n        if (typeof FB !== 'undefined' && FB.init) {\n            \/\/ La SDK de Facebook est\u00e1 inicializada\n        } else {\n            \/\/ La SDK de Facebook no est\u00e1 inicializada\n            var script = document.createElement('script');\n            script.async = true;\n            script.defer = true;\n            script.crossOrigin = 'anonymous';\n            script.src=\"https:\/\/connect.facebook.net\/es_LA\/sdk.js#xfbml=1&version=v17.0&appId=868452105110858&autoLogAppEvents=1\";\n            script.nonce=\"eBgX2sTe\";\n            document.head.appendChild(script);\n        }\n        \/* FIX YOUTUBE (fix width) *\/\n        var youtubeIframes = document.querySelectorAll('iframe[src*=\"youtube.com\/embed\"]');\n        youtubeIframes.forEach(function(iframe) {\n            var containerWidth = iframe.parentElement.clientWidth || iframe.parentElement.offsetWidth;\n            if(containerWidth && iframe.width > containerWidth){\n                iframe.width = containerWidth;\n                iframe.height = (containerWidth \/ 16) * 9; \/\/ Assuming a 16:9 aspect ratio\n            }\n        });\n    });\n<\/script><\/p>\n","protected":false},"excerpt":{"rendered":"<p>Los IFD 1 y 14 de Cutral Co celebraron la titulaci\u00f3n de 83 nuevos y nuevas docentes; y del Instituto Superior en Seguridad del Neuqu\u00e9n se recibieron 140 estudiantes de sus cuatro tecnicaturas. Cutral Co fue escenario de dos actos de colaci\u00f3n: el Instituto de Formaci\u00f3n Docente (IFD) N\u00b0 14 celebr\u00f3 en un mismo evento [&hellip;]<\/p>\n","protected":false},"author":1,"featured_media":15138,"comment_status":"","ping_status":"","sticky":false,"template":"","format":"standard","meta":{"_monsterinsights_skip_tracking":false,"_monsterinsights_sitenote_active":false,"_monsterinsights_sitenote_note":"","_monsterinsights_sitenote_category":0,"footnotes":"","jetpack_publicize_message":"","jetpack_publicize_feature_enabled":true,"jetpack_social_post_already_shared":true,"jetpack_social_options":{"image_generator_settings":{"template":"highway","default_image_id":0,"font":"","enabled":false},"version":2}},"categories":[4],"tags":[29,2631,486,115,593,594],"class_list":["post-15137","post","type-post","status-publish","format-standard","has-post-thumbnail","hentry","category-regionales","tag-del","tag-egresaron","tag-estudiantes","tag-mas","tag-nivel","tag-superior"],"aioseo_notices":[],"jetpack_publicize_connections":[],"amp_enabled":true,"_links":{"self":[{"href":"https:\/\/noticiasdeangostura.com.ar\/index.php?rest_route=\/wp\/v2\/posts\/15137","targetHints":{"allow":["GET"]}}],"collection":[{"href":"https:\/\/noticiasdeangostura.com.ar\/index.php?rest_route=\/wp\/v2\/posts"}],"about":[{"href":"https:\/\/noticiasdeangostura.com.ar\/index.php?rest_route=\/wp\/v2\/types\/post"}],"author":[{"embeddable":true,"href":"https:\/\/noticiasdeangostura.com.ar\/index.php?rest_route=\/wp\/v2\/users\/1"}],"replies":[{"embeddable":true,"href":"https:\/\/noticiasdeangostura.com.ar\/index.php?rest_route=%2Fwp%2Fv2%2Fcomments&post=15137"}],"version-history":[{"count":0,"href":"https:\/\/noticiasdeangostura.com.ar\/index.php?rest_route=\/wp\/v2\/posts\/15137\/revisions"}],"wp:featuredmedia":[{"embeddable":true,"href":"https:\/\/noticiasdeangostura.com.ar\/index.php?rest_route=\/wp\/v2\/media\/15138"}],"wp:attachment":[{"href":"https:\/\/noticiasdeangostura.com.ar\/index.php?rest_route=%2Fwp%2Fv2%2Fmedia&parent=15137"}],"wp:term":[{"taxonomy":"category","embeddable":true,"href":"https:\/\/noticiasdeangostura.com.ar\/index.php?rest_route=%2Fwp%2Fv2%2Fcategories&post=15137"},{"taxonomy":"post_tag","embeddable":true,"href":"https:\/\/noticiasdeangostura.com.ar\/index.php?rest_route=%2Fwp%2Fv2%2Ftags&post=15137"}],"curies":[{"name":"wp","href":"https:\/\/api.w.org\/{rel}","templated":true}]}}