{"id":15139,"date":"2026-04-30T04:22:46","date_gmt":"2026-04-30T07:22:46","guid":{"rendered":"https:\/\/noticiasdeangostura.com.ar\/?p=15139"},"modified":"2026-04-30T04:22:46","modified_gmt":"2026-04-30T07:22:46","slug":"el-cerro-chapelco-rumbo-al-invierno-habilitaron-una-de-las-obras-centrales-en-la-base-de-la-montana","status":"publish","type":"post","link":"https:\/\/noticiasdeangostura.com.ar\/?p=15139","title":{"rendered":"El cerro Chapelco rumbo al invierno: habilitaron una de las obras centrales en la base de la monta\u00f1a"},"content":{"rendered":"<p> <br \/>\n<\/p>\n<p>El Concejo Deliberante de San Mart\u00edn de los Andes dio el visto bueno ayer mi\u00e9rcoles a la continuidad de las tareas para mejorar y dejar asfaltada la playa de estacionamiento del cerro Chapelco.<\/p>\n<p>Las obras forman parte del plan de reacondicionamiento que lleva adelante desde el a\u00f1o pasado la empresa Don Otto, la nueva concesionaria del centro invernal.<\/p>\n<p>El secretario de Turismo de San Mart\u00edn de los Andes, Alejandro Apaolaza, asegur\u00f3 que la decisi\u00f3n de los concejales dejar\u00eda en condiciones la reactivaci\u00f3n de la obra luego de quedar temporalmente paralizada este mes.<\/p>\n<p>En di\u00e1logo con Diario R\u00cdO NEGRO, indic\u00f3 que la ordenanza que aprob\u00f3 el cuerpo por 11 votos a favor y uno en contra incluye la resoluci\u00f3n general del estudio de impacto ambiental del estacionamiento, obra que prev\u00e9 un nuevo sistema de escurrimiento.<\/p>\n<p>\u00abEs una obra que viene para beneficiar a todos, no a alguien en particular\u00bb, agreg\u00f3 el titular de Turismo municipal, quien destac\u00f3 que el nuevo estacionamiento, entre sus principales beneficios, ya no permitir\u00e1 que los l\u00edquidos combustibles que desprendan los veh\u00edculos caigan directamente sobre la tierra, como pasaba hasta ahora.<\/p>\n<p>Obras en el cerro Chapelco: un planteo antes del visto bueno <\/p>\n<p>El sector destinado al estacionamiento, no obstante, hab\u00eda generado controversia en los \u00faltimos d\u00edas.<\/p>\n<p>Las comunidades mapuches Vera y Curruhuinca, que habitan la monta\u00f1a y tienen la propiedad comunitaria de su base, presentaron objeciones contra el desarrollo de los trabajos en esa zona al considerar que no se hab\u00eda respetado el proceso de consulta libre e informada.<\/p>\n<p>El planteo se conoci\u00f3 en febrero y deriv\u00f3 en la conformaci\u00f3n de una mesa de di\u00e1logo que incluy\u00f3 al Gobierno provincial, la firma concesionaria, el municipio y las comunidades.<\/p>\n<p>Despu\u00e9s de un primer acuerdo, el conflicto reapareci\u00f3 a mediados de abril, generando una segunda paralizaci\u00f3n de las tareas para nivelar el suelo y comenzar con el asfalto del predio donde estacionar\u00e1n los veh\u00edculos.<\/p>\n<p>Al respecto, Apaolaza indic\u00f3 que las obras, en rigor, \u00abno estaban paralizadas\u00bb. Se\u00f1al\u00f3 que el decreto del intendente Carlos Salonitti orden\u00f3 la remediaci\u00f3n del lugar, dejando abierta la posibilidad de remover el suelo y las pilas de arena presentes en el sector. \u00abLo que se fren\u00f3 es el asfalto\u00bb, a\u00f1adi\u00f3.<\/p>\n<p>El sector que se asfaltar\u00e1 hab\u00eda recibido la intervenci\u00f3n de maquinaria. Foto: Alejandro Apaolaza. <\/p>\n<p>La sanci\u00f3n de la ordenanza, dijo, se dio con la oposici\u00f3n de las dos comunidades. \u00abNo se oponen al desarrollo o al resto de las obras, como el recambio de los medios de elevaci\u00f3n. Lo que quieren y plantean es la protecci\u00f3n de sus recursos\u00ab, analiz\u00f3. <\/p>\n<p>El funcionario remarc\u00f3 que durante el proceso de di\u00e1logo, las comunidades no manifestaron cuestionamientos contra el aprovechamiento econ\u00f3mico de la monta\u00f1a y que el desencuentro tiene que ver con el proceso de consulta, porque \u00abconsideran que no se les avis\u00f3 como correspond\u00eda cuando empezaron los movimientos de suelo\u00ab.<\/p>\n<p>Obras en el cerro Chapelco: qu\u00e9 pasa con el asfaltado del acceso <\/p>\n<p>Sobre la obra de asfalto en la Ruta Provincial 19, que sirve como acceso para la monta\u00f1a y tambi\u00e9n est\u00e1 contemplada por el contrato de concesi\u00f3n, dijo que el municipio no tiene participaci\u00f3n en ese debate, ya que su traza pasa \u00edntegramente por tierras de la Provincia y de Parques Nacionales.<\/p>\n<p>\u00abEs otro proceso, no hemos sido convocados. La consulta la est\u00e1 llevando adelante el Ejecutivo con las comunidades\u00bb, a\u00f1adi\u00f3.<\/p>\n<p>El referente municipal asegur\u00f3 adem\u00e1s que las acciones de mejoramiento vienen avanzando de acuerdo a lo previsto. En cuanto al recambio de los medios de elevaci\u00f3n, detall\u00f3 que ya se instalaron las torres y los cables. Tambi\u00e9n se encuentran prontas a colocar las telecabinas, claves para aumentar la capacidad de transporte entre las pistas del centro invernal.<\/p>\n","protected":false},"excerpt":{"rendered":"<p>El Concejo Deliberante de San Mart\u00edn de los Andes dio el visto bueno ayer mi\u00e9rcoles a la continuidad de las tareas para mejorar y dejar asfaltada la playa de estacionamiento del cerro Chapelco. Las obras forman parte del plan de reacondicionamiento que lleva adelante desde el a\u00f1o pasado la empresa Don Otto, la nueva concesionaria [&hellip;]<\/p>\n","protected":false},"author":1,"featured_media":15140,"comment_status":"","ping_status":"","sticky":false,"template":"","format":"standard","meta":{"_monsterinsights_skip_tracking":false,"_monsterinsights_sitenote_active":false,"_monsterinsights_sitenote_note":"","_monsterinsights_sitenote_category":0,"footnotes":"","jetpack_publicize_message":"","jetpack_publicize_feature_enabled":true,"jetpack_social_post_already_shared":true,"jetpack_social_options":{"image_generator_settings":{"template":"highway","default_image_id":0,"font":"","enabled":false},"version":2}},"categories":[5],"tags":[],"class_list":["post-15139","post","type-post","status-publish","format-standard","has-post-thumbnail","hentry","category-politica"],"aioseo_notices":[],"jetpack_publicize_connections":[],"amp_enabled":true,"_links":{"self":[{"href":"https:\/\/noticiasdeangostura.com.ar\/index.php?rest_route=\/wp\/v2\/posts\/15139","targetHints":{"allow":["GET"]}}],"collection":[{"href":"https:\/\/noticiasdeangostura.com.ar\/index.php?rest_route=\/wp\/v2\/posts"}],"about":[{"href":"https:\/\/noticiasdeangostura.com.ar\/index.php?rest_route=\/wp\/v2\/types\/post"}],"author":[{"embeddable":true,"href":"https:\/\/noticiasdeangostura.com.ar\/index.php?rest_route=\/wp\/v2\/users\/1"}],"replies":[{"embeddable":true,"href":"https:\/\/noticiasdeangostura.com.ar\/index.php?rest_route=%2Fwp%2Fv2%2Fcomments&post=15139"}],"version-history":[{"count":0,"href":"https:\/\/noticiasdeangostura.com.ar\/index.php?rest_route=\/wp\/v2\/posts\/15139\/revisions"}],"wp:featuredmedia":[{"embeddable":true,"href":"https:\/\/noticiasdeangostura.com.ar\/index.php?rest_route=\/wp\/v2\/media\/15140"}],"wp:attachment":[{"href":"https:\/\/noticiasdeangostura.com.ar\/index.php?rest_route=%2Fwp%2Fv2%2Fmedia&parent=15139"}],"wp:term":[{"taxonomy":"category","embeddable":true,"href":"https:\/\/noticiasdeangostura.com.ar\/index.php?rest_route=%2Fwp%2Fv2%2Fcategories&post=15139"},{"taxonomy":"post_tag","embeddable":true,"href":"https:\/\/noticiasdeangostura.com.ar\/index.php?rest_route=%2Fwp%2Fv2%2Ftags&post=15139"}],"curies":[{"name":"wp","href":"https:\/\/api.w.org\/{rel}","templated":true}]}}