{"id":15141,"date":"2026-04-30T04:26:04","date_gmt":"2026-04-30T07:26:04","guid":{"rendered":"https:\/\/noticiasdeangostura.com.ar\/?p=15141"},"modified":"2026-04-30T04:26:04","modified_gmt":"2026-04-30T07:26:04","slug":"casacion-anulo-el-procesamiento-de-alberto-fernandez-en-la-causa-seguros","status":"publish","type":"post","link":"https:\/\/noticiasdeangostura.com.ar\/?p=15141","title":{"rendered":"Casaci\u00f3n anul\u00f3 el procesamiento de Alberto Fern\u00e1ndez en la causa Seguros"},"content":{"rendered":"<p> <br \/>\n<br \/><\/p>\n<p>La Sala IV orden\u00f3 dictar una nueva resoluci\u00f3n en el expediente. El ex presidente ten\u00eda confirmado un procesamiento por presuntas \u201cnegociaciones incompatibles con el ejercicio de la funci\u00f3n p\u00fablica\u201d.<\/p>\n<p>El expresidente Alberto Fern\u00e1ndez.<\/p>\n<div>\n<p>La <strong>C\u00e1mara Federal de Casaci\u00f3n <\/strong>anul\u00f3 por mayor\u00eda la resoluci\u00f3n que hab\u00eda confirmado el procesamiento del <strong>ex <a href=\"https:\/\/www.alertadigital.ar\/noticias\/2026\/04\/21\/162390-alberto-fernandez-al-borde-del-juicio-oral-por-violencia-de-genero-contra-fabiola-yanez\">presidente Alberto Fern\u00e1ndez en la causa Seguros<\/a>.<\/strong> El tribunal orden\u00f3 dictar una nueva decisi\u00f3n en el expediente penal en el que el ex mandatario estaba procesado por supuestas \u201cnegociaciones incompatibles con el ejercicio de la funci\u00f3n p\u00fablica\u201d.<\/p>\n<p>La determinaci\u00f3n fue adoptada por la Sala IV de Casaci\u00f3n, con los votos de los jueces Mariano Borinsky y Javier Carbajo. En disidencia, el camarista Gustavo Hornos sostuvo que correspond\u00eda dejar firme el procesamiento.<\/p>\n<h2>El argumento de la mayor\u00eda<\/h2>\n<p><strong>Los jueces que votaron por anular la resoluci\u00f3n siguieron la postura del fiscal<\/strong> ante la C\u00e1mara Federal, Jos\u00e9 Ag\u00fcero Iturbe, quien hab\u00eda considerado que no hab\u00eda elementos suficientes para mantener el procesamiento contra Fern\u00e1ndez.<\/p>\n<p><strong>\u201cNo hay juez sin acusador\u201d, <\/strong>expresaron los magistrados en el fallo, al remarcar que tanto la defensa del ex presidente como la fiscal\u00eda hab\u00edan solicitado revocar el procesamiento y dictar la falta de m\u00e9rito.<\/p>\n<p>Con esa decisi\u00f3n, <strong>Casaci\u00f3n no cerr\u00f3 la causa<\/strong>, sino que dej\u00f3 sin efecto la confirmaci\u00f3n del procesamiento y orden\u00f3 que se dicte una nueva resoluci\u00f3n. El expediente continuar\u00e1 en tr\u00e1mite hasta que se resuelva nuevamente la situaci\u00f3n procesal del ex mandatario.<\/p>\n<h2>La causa Seguros<\/h2>\n<p>La investigaci\u00f3n est\u00e1 vinculada al presunto direccionamiento en la contrataci\u00f3n de seguros durante la administraci\u00f3n nacional anterior. En ese expediente, Alberto Fern\u00e1ndez hab\u00eda sido procesado por el delito de \u201cnegociaciones incompatibles con el ejercicio de la funci\u00f3n p\u00fablica\u201d.<\/p>\n<\/p><\/div>\n","protected":false},"excerpt":{"rendered":"<p>La Sala IV orden\u00f3 dictar una nueva resoluci\u00f3n en el expediente. El ex presidente ten\u00eda confirmado un procesamiento por presuntas \u201cnegociaciones incompatibles con el ejercicio de la funci\u00f3n p\u00fablica\u201d. El expresidente Alberto Fern\u00e1ndez. La C\u00e1mara Federal de Casaci\u00f3n anul\u00f3 por mayor\u00eda la resoluci\u00f3n que hab\u00eda confirmado el procesamiento del ex presidente Alberto Fern\u00e1ndez en la [&hellip;]<\/p>\n","protected":false},"author":1,"featured_media":15142,"comment_status":"","ping_status":"","sticky":false,"template":"","format":"standard","meta":{"_monsterinsights_skip_tracking":false,"_monsterinsights_sitenote_active":false,"_monsterinsights_sitenote_note":"","_monsterinsights_sitenote_category":0,"footnotes":"","jetpack_publicize_message":"","jetpack_publicize_feature_enabled":true,"jetpack_social_post_already_shared":true,"jetpack_social_options":{"image_generator_settings":{"template":"highway","default_image_id":0,"font":"","enabled":false},"version":2}},"categories":[1],"tags":[],"class_list":["post-15141","post","type-post","status-publish","format-standard","has-post-thumbnail","hentry","category-ultimas-noticias"],"aioseo_notices":[],"jetpack_publicize_connections":[],"amp_enabled":true,"_links":{"self":[{"href":"https:\/\/noticiasdeangostura.com.ar\/index.php?rest_route=\/wp\/v2\/posts\/15141","targetHints":{"allow":["GET"]}}],"collection":[{"href":"https:\/\/noticiasdeangostura.com.ar\/index.php?rest_route=\/wp\/v2\/posts"}],"about":[{"href":"https:\/\/noticiasdeangostura.com.ar\/index.php?rest_route=\/wp\/v2\/types\/post"}],"author":[{"embeddable":true,"href":"https:\/\/noticiasdeangostura.com.ar\/index.php?rest_route=\/wp\/v2\/users\/1"}],"replies":[{"embeddable":true,"href":"https:\/\/noticiasdeangostura.com.ar\/index.php?rest_route=%2Fwp%2Fv2%2Fcomments&post=15141"}],"version-history":[{"count":0,"href":"https:\/\/noticiasdeangostura.com.ar\/index.php?rest_route=\/wp\/v2\/posts\/15141\/revisions"}],"wp:featuredmedia":[{"embeddable":true,"href":"https:\/\/noticiasdeangostura.com.ar\/index.php?rest_route=\/wp\/v2\/media\/15142"}],"wp:attachment":[{"href":"https:\/\/noticiasdeangostura.com.ar\/index.php?rest_route=%2Fwp%2Fv2%2Fmedia&parent=15141"}],"wp:term":[{"taxonomy":"category","embeddable":true,"href":"https:\/\/noticiasdeangostura.com.ar\/index.php?rest_route=%2Fwp%2Fv2%2Fcategories&post=15141"},{"taxonomy":"post_tag","embeddable":true,"href":"https:\/\/noticiasdeangostura.com.ar\/index.php?rest_route=%2Fwp%2Fv2%2Ftags&post=15141"}],"curies":[{"name":"wp","href":"https:\/\/api.w.org\/{rel}","templated":true}]}}