{"id":15147,"date":"2026-04-30T05:17:15","date_gmt":"2026-04-30T08:17:15","guid":{"rendered":"https:\/\/noticiasdeangostura.com.ar\/?p=15147"},"modified":"2026-04-30T05:17:15","modified_gmt":"2026-04-30T08:17:15","slug":"mariano-gaido-expuso-en-la-feria-internacional-del-libro-de-buenos-aires-y-posiciono-a-neuquen-como-ciudad-lider-en-inteligencia-artificial","status":"publish","type":"post","link":"https:\/\/noticiasdeangostura.com.ar\/?p=15147","title":{"rendered":"Mariano Gaido expuso en la Feria Internacional del Libro de Buenos Aires y posicion\u00f3 a Neuqu\u00e9n como ciudad l\u00edder en inteligencia artificial"},"content":{"rendered":"<p> <br \/>\n<br \/><\/p>\n<p>El intendente particip\u00f3 del panel \u201cDesafIA Ciudades\u201d junto a referentes nacionales e internacionales y destac\u00f3 el uso de tecnolog\u00eda para mejorar la gesti\u00f3n p\u00fablica.<\/p>\n<div>\n<p>El intendente de Neuqu\u00e9n, Mariano Gaido, particip\u00f3 del panel \u201cDesafIA Ciudades: inteligencia artificial para impulsar la innovaci\u00f3n local\u201d, en el marco de la Feria Internacional del Libro de Buenos Aires 2026, donde present\u00f3 los avances de la ciudad en materia de transformaci\u00f3n digital.<\/p>\n<p>La iniciativa cuenta con el respaldo de la <span class=\"hover:entity-accent entity-underline inline cursor-pointer align-baseline\"><span class=\"whitespace-normal\">CAF<\/span><\/span> y promueve el uso de inteligencia artificial en Am\u00e9rica Latina para modernizar gobiernos, optimizar servicios p\u00fablicos y fortalecer la econom\u00eda del conocimiento.<\/p>\n<p>Durante el encuentro, que reuni\u00f3 a intendentes de distintas ciudades del pa\u00eds, organismos internacionales y referentes del ecosistema tecnol\u00f3gico, Neuqu\u00e9n se destac\u00f3 como una de las ciudades fundadoras de la <span class=\"hover:entity-accent entity-underline inline cursor-pointer align-baseline\"><span class=\"whitespace-normal\">Coalici\u00f3n de Ciudades por la Inteligencia Artificial en Argentina<\/span><\/span>.<\/p>\n<p class=\"noEditable noticia-relacionada\" data-id=\"332961\"><ampiframe src=\"https:\/\/www.noticiasnqn.com.ar\/api\/noticias\/332961\/relacionadas?amp=1\" layout=\"fixed-height\" sandbox=\"allow-top-navigation allow-top-navigation-by-user-activation allow-scripts \" height=\"100px\"> <b placeholder=\"\">Lee tambi\u00e9n: Becas Gregorio \u00c1lvarez: Chevron y Pampa Energ\u00eda suman millones para financiar el plan educativo en Neuqu\u00e9n<\/b> <\/ampiframe><\/p>\n<p>Gaido estuvo acompa\u00f1ado por la secretaria de Jefatura de Gabinete, <span class=\"hover:entity-accent entity-underline inline cursor-pointer align-baseline\"><span class=\"whitespace-normal\">Mar\u00eda Pasqualini<\/span><\/span>, quien tambi\u00e9n particip\u00f3 de las actividades institucionales.<\/p>\n<p>En su exposici\u00f3n, el jefe comunal remarc\u00f3 que la transformaci\u00f3n tecnol\u00f3gica debe estar acompa\u00f1ada por obras, eficiencia administrativa y decisiones pol\u00edticas claras. \u201cEl desaf\u00edo actual tiene que ver con incorporar tecnolog\u00eda para mejorar la vida de los vecinos, hacerlo m\u00e1s r\u00e1pido y con mayor accesibilidad\u201d, afirm\u00f3.<\/p>\n<p>Asimismo, destac\u00f3 que la inteligencia artificial ya se aplica en la ciudad en \u00e1reas como movilidad, gesti\u00f3n de residuos, educaci\u00f3n y comunicaci\u00f3n, y subray\u00f3 la importancia de implementar estas herramientas con una mirada cercana a la ciudadan\u00eda.<\/p>\n<p>El intendente tambi\u00e9n valor\u00f3 el trabajo colaborativo entre ciudades y se\u00f1al\u00f3 que compartir experiencias permite acelerar soluciones y replicar modelos exitosos de gesti\u00f3n.<\/p>\n<p>En ese marco, mencion\u00f3 la intenci\u00f3n de seguir incorporando pr\u00e1cticas internacionales, como las observadas en <span class=\"hover:entity-accent entity-underline inline cursor-pointer align-baseline\"><span class=\"whitespace-normal\">Tokio<\/span><\/span>, vinculadas a limpieza urbana y educaci\u00f3n c\u00edvica.<\/p>\n<p>Finalmente, Gaido celebr\u00f3 el crecimiento de la CIIAR, que pasar\u00e1 de 10 a 23 ciudades en 2026, consolidando una red federal de innovaci\u00f3n p\u00fablica orientada a mejorar la gesti\u00f3n y los servicios para la comunidad.<\/p>\n<\/p><\/div>\n","protected":false},"excerpt":{"rendered":"<p>El intendente particip\u00f3 del panel \u201cDesafIA Ciudades\u201d junto a referentes nacionales e internacionales y destac\u00f3 el uso de tecnolog\u00eda para mejorar la gesti\u00f3n p\u00fablica. El intendente de Neuqu\u00e9n, Mariano Gaido, particip\u00f3 del panel \u201cDesafIA Ciudades: inteligencia artificial para impulsar la innovaci\u00f3n local\u201d, en el marco de la Feria Internacional del Libro de Buenos Aires 2026, [&hellip;]<\/p>\n","protected":false},"author":1,"featured_media":15148,"comment_status":"","ping_status":"","sticky":false,"template":"","format":"standard","meta":{"_monsterinsights_skip_tracking":false,"_monsterinsights_sitenote_active":false,"_monsterinsights_sitenote_note":"","_monsterinsights_sitenote_category":0,"footnotes":"","jetpack_publicize_message":"","jetpack_publicize_feature_enabled":true,"jetpack_social_post_already_shared":true,"jetpack_social_options":{"image_generator_settings":{"template":"highway","default_image_id":0,"font":"","enabled":false},"version":2}},"categories":[1],"tags":[],"class_list":["post-15147","post","type-post","status-publish","format-standard","has-post-thumbnail","hentry","category-ultimas-noticias"],"aioseo_notices":[],"jetpack_publicize_connections":[],"amp_enabled":true,"_links":{"self":[{"href":"https:\/\/noticiasdeangostura.com.ar\/index.php?rest_route=\/wp\/v2\/posts\/15147","targetHints":{"allow":["GET"]}}],"collection":[{"href":"https:\/\/noticiasdeangostura.com.ar\/index.php?rest_route=\/wp\/v2\/posts"}],"about":[{"href":"https:\/\/noticiasdeangostura.com.ar\/index.php?rest_route=\/wp\/v2\/types\/post"}],"author":[{"embeddable":true,"href":"https:\/\/noticiasdeangostura.com.ar\/index.php?rest_route=\/wp\/v2\/users\/1"}],"replies":[{"embeddable":true,"href":"https:\/\/noticiasdeangostura.com.ar\/index.php?rest_route=%2Fwp%2Fv2%2Fcomments&post=15147"}],"version-history":[{"count":0,"href":"https:\/\/noticiasdeangostura.com.ar\/index.php?rest_route=\/wp\/v2\/posts\/15147\/revisions"}],"wp:featuredmedia":[{"embeddable":true,"href":"https:\/\/noticiasdeangostura.com.ar\/index.php?rest_route=\/wp\/v2\/media\/15148"}],"wp:attachment":[{"href":"https:\/\/noticiasdeangostura.com.ar\/index.php?rest_route=%2Fwp%2Fv2%2Fmedia&parent=15147"}],"wp:term":[{"taxonomy":"category","embeddable":true,"href":"https:\/\/noticiasdeangostura.com.ar\/index.php?rest_route=%2Fwp%2Fv2%2Fcategories&post=15147"},{"taxonomy":"post_tag","embeddable":true,"href":"https:\/\/noticiasdeangostura.com.ar\/index.php?rest_route=%2Fwp%2Fv2%2Ftags&post=15147"}],"curies":[{"name":"wp","href":"https:\/\/api.w.org\/{rel}","templated":true}]}}